{"id":23917,"date":"2024-06-01T10:31:01","date_gmt":"2024-06-01T08:31:01","guid":{"rendered":"https:\/\/www.manologarciaycia.com\/?p=23917"},"modified":"2024-06-01T10:32:29","modified_gmt":"2024-06-01T08:32:29","slug":"23917","status":"publish","type":"post","link":"https:\/\/www.manologarciaycia.com\/?p=23917","title":{"rendered":"Manolo Garc\u00eda: \u00abExtremadura tiene un remanente rural que me hechiza\u00bb"},"content":{"rendered":"\n<figure class=\"wp-block-audio\"><audio controls src=\"https:\/\/cfvod.kaltura.com\/pd\/p\/5581662\/sp\/14931582\/serveFlavor\/entryId\/1_mr225hbj\/v\/1\/flavorId\/1_43kibp3k\/1_mr225hbj.mp3\"><\/audio><\/figure>\n\n\n\n<p>Manolo Garc\u00eda tiene una de las carreras m\u00e1s s\u00f3lidas de la m\u00fasica espa\u00f1ola. Lleva desde 1980 en activo y llega este s\u00e1bado a Don Benito, al recinto Arena Las Cumbres, para presentar temas de su \u00faltimo disco y de toda su carrera, en solitario y con El \u00daltimo de la Fila. Charlamos de su trayectoria, de su compromiso medioambiental con esta gira (se llama<strong>&nbsp;CERO EMISIONES CONTAMINANTES YA<\/strong>), de sus m\u00e1s de tres horas de concierto, de su banda c\u00f3mplice y de Extremadura, mucho. Por cierto, \u00abdificil pero no imposible\u00bb una gira con Quimi Portet.<a href=\"https:\/\/cfvod.kaltura.com\/pd\/p\/5581662\/sp\/14931582\/serveFlavor\/entryId\/1_mr225hbj\/v\/1\/flavorId\/1_43kibp3k\/1_mr225hbj.mp3\" target=\"_blank\" rel=\"noreferrer noopener\"><\/a><\/p>\n\n\n\n<p>Fuente: Canal Extremadura &#8211; <a href=\"https:\/\/www.canalextremadura.es\/audio\/manolo-garcia-extremadura-tiene-un-remanente-rural-que-me-hechiza\" target=\"_blank\" rel=\"noreferrer noopener\">https:\/\/www.canalextremadura.es\/audio\/manolo-garcia-extremadura-tiene-un-remanente-rural-que-me-hechiza<\/a><\/p>\n","protected":false},"excerpt":{"rendered":"<p>Manolo Garc\u00eda tiene una de las carreras m\u00e1s s\u00f3lidas de la m\u00fasica espa\u00f1ola. Lleva desde 1980 en activo y llega este s\u00e1bado a Don Benito, al recinto Arena Las Cumbres, para presentar temas de su \u00faltimo disco y de toda su carrera, en solitario y con El \u00daltimo de la Fila. Charlamos de su trayectoria,<a class=\"moretag\" href=\"https:\/\/www.manologarciaycia.com\/?p=23917\" title=\"Manolo Garc\u00eda: \u00abExtremadura tiene un remanente rural que me hechiza\u00bb\" target=\"_self\" rel=\"follow\"> <font face=arial size=2>[Leer m\u00e1s]<\/font> <\/a><\/p>\n","protected":false},"author":2,"featured_media":0,"comment_status":"closed","ping_status":"closed","sticky":false,"template":"","format":"audio","meta":{"footnotes":""},"categories":[1],"tags":[],"class_list":["post-23917","post","type-post","status-publish","format-audio","hentry","category-manolo-garcia","post_format-post-format-audio"],"_links":{"self":[{"href":"https:\/\/www.manologarciaycia.com\/index.php?rest_route=\/wp\/v2\/posts\/23917","targetHints":{"allow":["GET"]}}],"collection":[{"href":"https:\/\/www.manologarciaycia.com\/index.php?rest_route=\/wp\/v2\/posts"}],"about":[{"href":"https:\/\/www.manologarciaycia.com\/index.php?rest_route=\/wp\/v2\/types\/post"}],"author":[{"embeddable":true,"href":"https:\/\/www.manologarciaycia.com\/index.php?rest_route=\/wp\/v2\/users\/2"}],"replies":[{"embeddable":true,"href":"https:\/\/www.manologarciaycia.com\/index.php?rest_route=%2Fwp%2Fv2%2Fcomments&post=23917"}],"version-history":[{"count":2,"href":"https:\/\/www.manologarciaycia.com\/index.php?rest_route=\/wp\/v2\/posts\/23917\/revisions"}],"predecessor-version":[{"id":23919,"href":"https:\/\/www.manologarciaycia.com\/index.php?rest_route=\/wp\/v2\/posts\/23917\/revisions\/23919"}],"wp:attachment":[{"href":"https:\/\/www.manologarciaycia.com\/index.php?rest_route=%2Fwp%2Fv2%2Fmedia&parent=23917"}],"wp:term":[{"taxonomy":"category","embeddable":true,"href":"https:\/\/www.manologarciaycia.com\/index.php?rest_route=%2Fwp%2Fv2%2Fcategories&post=23917"},{"taxonomy":"post_tag","embeddable":true,"href":"https:\/\/www.manologarciaycia.com\/index.php?rest_route=%2Fwp%2Fv2%2Ftags&post=23917"}],"curies":[{"name":"wp","href":"https:\/\/api.w.org\/{rel}","templated":true}]}}