{"id":23914,"date":"2024-05-31T07:10:15","date_gmt":"2024-05-31T05:10:15","guid":{"rendered":"https:\/\/www.manologarciaycia.com\/?p=23914"},"modified":"2024-05-31T07:10:18","modified_gmt":"2024-05-31T05:10:18","slug":"manolo-garcia-bendecido-por-los-dioses","status":"publish","type":"post","link":"https:\/\/www.manologarciaycia.com\/?p=23914","title":{"rendered":"MANOLO GARC\u00cdA BENDECIDO POR LOS DIOSES"},"content":{"rendered":"\n<p>M\u00e1s que cantante&nbsp;<strong>MANOLO GARC\u00cdA<\/strong>&nbsp;es artista y por eso nos tiene acostumbrados a unos conciertos que, en realidad, son un espect\u00e1culo m\u00e1s all\u00e1 de la esfera musical.<\/p>\n\n\n\n<figure class=\"wp-block-image\"><img decoding=\"async\" src=\"https:\/\/somoslalacanti.com\/wp-content\/uploads\/2024\/05\/25052024-_MG_6273-1024x683.jpg\" alt=\"\" class=\"wp-image-85632\"\/><\/figure>\n\n\n\n<p>En nuestra memoria pasada y reciente, los conciertos de Manolo, y tambi\u00e9n de&nbsp;<em>El \u00daltimo de la Fila<\/em>&nbsp;con Quimi, son como ver una obra de teatro o como observar un cuadro colgado en un museo; pero eso s\u00ed, un cuadro vivo donde las cosas se van sucediendo dentro del marco que es el escenario. Un espect\u00e1culo de luces, colores, fotograf\u00edas, pinturas y v\u00eddeos, en una \u00e9poca muy distante de la era digital que vivimos, donde los m\u00fasicos quedaban arropados por esa escena cuidadamente descuidada.<\/p>\n\n\n\n<p>En esa escena, adem\u00e1s, habitaron multitud de objetos constumbristas y cotidianos, aparentemente absurdos, pero que jugaban un papel fundamental en la obra, y que dotaban al espect\u00e1culo de una aire de irreverencia, transgresi\u00f3n y, por qu\u00e9 no, modernidad. No en vano con&nbsp;<em>El \u00daltimo de la Fila<\/em>&nbsp;ve\u00edamos embudos a modo de sombreros, gafas fabricadas con coladores de cocina, o peces nadando en el aire.<\/p>\n\n\n\n<p>Es cierto que&nbsp;<strong>MANOLO GARC\u00cdA<\/strong>&nbsp;en lo musical ha derivado hacia un rumbo totalmente distinto de lo que fueron sus inicios, pero no es menos cierto que es un tipo libre y con una trayectoria alejada de convencionalismos, un artista con criterio que no renuncia a lo que lleva dentro de la mochila, y que sigue experimentando en la modernidad, la transgresi\u00f3n y la irreverencia, aunque muchos pretendan disfrazarlo de caducidad. No en vano, Manolo es Medalla de Oro al M\u00e9rito en las Bellas Artes.<\/p>\n\n\n\n<p>En la retaguardia, pudimos ver a su hermana Carmen (ex Carmen Virus), cuidando los detalles y al tanto de que todo saliera bien; es un lujo que sea Carmen quien baje al foso a recibir a los fot\u00f3grafos, y m\u00e1s a\u00fan que te diga que puedes quedarte all\u00ed todo el concierto y hacer cuantas fotos quieras, no es lo habitual. Detalles como el reparto de agua a las primeras filas del p\u00fablico hasta el final del show, o las 3 horas de duraci\u00f3n del espect\u00e1culo, cuando lo f\u00e1cil hubiese sido resolverlo en 1 \u00f3 2.<\/p>\n\n\n\n<p>Antes de que el jefe saliera al escenario, la banda habitual de Manolo se situaba en su lugar: Charly Sard\u00e1 escondido detr\u00e1s de la bater\u00eda, Ricardo Mar\u00edn, V\u00edctor Iniesta, y Josete Ord\u00f3\u00f1ez retorciendo las guitarras, \u00cd\u00f1igo Goldaracena golpeando el bajo, Juan Carlos Garc\u00eda a los mandos de los teclados y la percusi\u00f3n, y Olvido Lanza acariciando el viol\u00edn.<\/p>\n\n\n\n<p>Con los primeros acordes de \u201cInsurrecci\u00f3n\u201d ca\u00eda una tela tras la que aparec\u00eda el cantante y el p\u00fablico enloquec\u00eda. A continuaci\u00f3n sonaron temas del doble \u00faltimo disco \u201cMi vida en Marte\u201d y \u201cDesatinos Desplumados\u201d, pero tambi\u00e9n de los anteriores trabajos de&nbsp;<strong>MANOLO GARC\u00cdA<\/strong>, y por supuesto \u00e9xitos de El \u00daltimo de la Fila.<\/p>\n\n\n\n<p>\u201cNunca el tiempo es perdido\u201d, \u201c10.000 veranos\u201d, \u201cVolv\u00edamos tarde\u201d, \u201cMientras observo al afilador\u201d, \u201cNo lloras y juras\u201d, \u201cLlanto de Pasi\u00f3n\u201d, \u201cComo qui\u00e9n da un refresco\u201d, \u201cZapatero\u201d, \u201cAzulea\u201d, \u201cRosa de Alejandr\u00eda\u201d, \u201cMaturranga\u201d, \u201cLaberinto de Sue\u00f1os\u201d, \u201cCon los hombres azules\u201d, \u201cQuisiera escapar\u201d, \u201cP\u00e1jaros de Barro\u201d, \u201cL\u00e1piz y tinta\u201d, \u201cUn giro teatral\u201d, \u201cSobre el oscuro abismo en que te meces\u201d, \u201cLevedad\u201d, \u201cSan Fernando\u201d y \u201cViernes\u201d continuaban en el repertorio.<\/p>\n\n\n\n<p>Hasta aqu\u00ed todo bien, m\u00e1s de 2 horas de concierto, y podr\u00eda haberse acabado en ese momento, pero Manolo conced\u00eda 12 minutos de descanso y continuaba con \u201cReguero de mentiras\u201d, \u201cLejos de las leyes de los hombres\u201d, \u201cAviones plateados\u201d, \u201cA veces se enciende\u201d, \u201cComo un burro amarrado en la puerta del baile\u201d, \u201cPrefiero el trapecio\u201d y \u201cSi te vienes conmigo\u201d, que cerraba el espect\u00e1culo mientras el confeti y los globos de colores llov\u00edan sobre el p\u00fablico.<\/p>\n\n\n\n<p>Como siempre Manolo baj\u00f3 varias veces a saludar al respetable, y como siempre se dio un par de vueltas por el ruedo entre la gente, pero adem\u00e1s cant\u00f3 desde lo alto de una de las barras, desde la que termin\u00f3 tir\u00e1ndose al p\u00fablico como si fuera el m\u00e1s punk de los presentes.<\/p>\n\n\n\n<p>Volvieron a aparecer sobre el escenario los embudos, y los utensilios de cocina, y es que&nbsp;<strong>MANOLO GARC\u00cdA<\/strong>&nbsp;no ha perdido nunca su esencia, como tampoco ha perdido la ra\u00edz flamenca que envuelve y amplifica las historias cotidianas que cuenta Manolo desde la fuerza y la energ\u00eda del rock de la calle. Una ra\u00edz flamenca que en esta gira se ve representada, adem\u00e1s de la m\u00fasica y las letras, por la impresionante bailaora Coral Moreno que acompa\u00f1a a Manolo en varios de los temas y que nos dej\u00f3 a todos boquiabiertos, hasta el punto de quitarle el protagonismo al propio cantante en algunos momentos del espect\u00e1culo. Vaya descubrimiento el de Coral que est\u00e1 a la altura de unas canciones que han sido himnos para varias generaciones. Seguiremos de cerca a la malague\u00f1a.<\/p>\n\n\n\n<p><strong>MANOLO GARC\u00cdA<\/strong>&nbsp;siempre es casa, es como una isla en mitad del oc\u00e9ano, como el canto de las sirenas de un embelesado Ulises.<\/p>\n\n\n\n<p><a><\/a><strong>MANOLO GARC\u00cdA<\/strong>&nbsp;es mar antiguo y uva de la vieja parra, una llanura, un dulce sue\u00f1o con olor a pinos y a jazm\u00edn, es levedad, una tarde de sol, una playa en calma, un viernes, una serena barca; es un vino dulce, las hojas que r\u00eden, es carb\u00f3n y ramas secas, p\u00e1jaros de barro, es el faro del fin del mundo, es septiembre y Portugal. Pero Manolo tambi\u00e9n es las cosas que pasan, es insurrecci\u00f3n, el loco de la calle, el dios de la lluvia, el m\u00fasico loco, la risa tonta, el barrio triste y el trabajo duro, ese solitario que se reconcili\u00f3 con el mundo, que lo quiere todo, que exprime la vida y que a sus casi 70 a\u00f1os sigue bendecido por los dioses.<\/p>\n\n\n\n<p>Manolo es un accidente, de esos que ocurren y lo cambian todo.<\/p>\n\n\n\n<p>Si no te importa me quedar\u00e9 aqu\u00ed\u2026hasta el fin.<\/p>\n\n\n\n<p>*Fotos: Juan S\u00e1ez<\/p>\n\n\n\n<figure class=\"wp-block-image\"><img decoding=\"async\" src=\"https:\/\/somoslalacanti.com\/wp-content\/uploads\/2024\/05\/25052024-_MG_8347-1024x683.jpg\" alt=\"\" class=\"wp-image-85635\"\/><\/figure>\n\n\n\n<p>Fuente: El Alicant\u00ed &#8211; Fotos Juan Saez &#8211; <a href=\"https:\/\/somoslalacanti.com\/2024\/05\/30\/lalacanti\/manolo-garcia-bendecido-por-los-dioses\/\" target=\"_blank\" rel=\"noreferrer noopener\">MANOLO GARC\u00cdA BENDECIDO POR LOS DIOSES &#8211; Somos L&#8217;Alacant\u00ed (somoslalacanti.com)<\/a><\/p>\n","protected":false},"excerpt":{"rendered":"<p>M\u00e1s que cantante&nbsp;MANOLO GARC\u00cdA&nbsp;es artista y por eso nos tiene acostumbrados a unos conciertos que, en realidad, son un espect\u00e1culo m\u00e1s all\u00e1 de la esfera musical. En nuestra memoria pasada y reciente, los conciertos de Manolo, y tambi\u00e9n de&nbsp;El \u00daltimo de la Fila&nbsp;con Quimi, son como ver una obra de teatro o como observar un<a class=\"moretag\" href=\"https:\/\/www.manologarciaycia.com\/?p=23914\" title=\"MANOLO GARC\u00cdA BENDECIDO POR LOS DIOSES\" target=\"_self\" rel=\"follow\"> <font face=arial size=2>[Leer m\u00e1s]<\/font> <\/a><\/p>\n","protected":false},"author":2,"featured_media":23915,"comment_status":"closed","ping_status":"closed","sticky":false,"template":"","format":"standard","meta":{"footnotes":""},"categories":[1],"tags":[],"class_list":["post-23914","post","type-post","status-publish","format-standard","has-post-thumbnail","hentry","category-manolo-garcia"],"_links":{"self":[{"href":"https:\/\/www.manologarciaycia.com\/index.php?rest_route=\/wp\/v2\/posts\/23914","targetHints":{"allow":["GET"]}}],"collection":[{"href":"https:\/\/www.manologarciaycia.com\/index.php?rest_route=\/wp\/v2\/posts"}],"about":[{"href":"https:\/\/www.manologarciaycia.com\/index.php?rest_route=\/wp\/v2\/types\/post"}],"author":[{"embeddable":true,"href":"https:\/\/www.manologarciaycia.com\/index.php?rest_route=\/wp\/v2\/users\/2"}],"replies":[{"embeddable":true,"href":"https:\/\/www.manologarciaycia.com\/index.php?rest_route=%2Fwp%2Fv2%2Fcomments&post=23914"}],"version-history":[{"count":1,"href":"https:\/\/www.manologarciaycia.com\/index.php?rest_route=\/wp\/v2\/posts\/23914\/revisions"}],"predecessor-version":[{"id":23916,"href":"https:\/\/www.manologarciaycia.com\/index.php?rest_route=\/wp\/v2\/posts\/23914\/revisions\/23916"}],"wp:featuredmedia":[{"embeddable":true,"href":"https:\/\/www.manologarciaycia.com\/index.php?rest_route=\/wp\/v2\/media\/23915"}],"wp:attachment":[{"href":"https:\/\/www.manologarciaycia.com\/index.php?rest_route=%2Fwp%2Fv2%2Fmedia&parent=23914"}],"wp:term":[{"taxonomy":"category","embeddable":true,"href":"https:\/\/www.manologarciaycia.com\/index.php?rest_route=%2Fwp%2Fv2%2Fcategories&post=23914"},{"taxonomy":"post_tag","embeddable":true,"href":"https:\/\/www.manologarciaycia.com\/index.php?rest_route=%2Fwp%2Fv2%2Ftags&post=23914"}],"curies":[{"name":"wp","href":"https:\/\/api.w.org\/{rel}","templated":true}]}}