{"id":23911,"date":"2024-05-28T16:35:10","date_gmt":"2024-05-28T14:35:10","guid":{"rendered":"https:\/\/www.manologarciaycia.com\/?p=23911"},"modified":"2024-05-28T16:35:12","modified_gmt":"2024-05-28T14:35:12","slug":"manolo-garcia-en-alicante-tu-siempre-has-estado-cuando-tanto-te-necesite","status":"publish","type":"post","link":"https:\/\/www.manologarciaycia.com\/?p=23911","title":{"rendered":"Manolo Garc\u00eda en Alicante: T\u00fa siempre has estado cuando tanto te necesit\u00e9"},"content":{"rendered":"\n<h2 class=\"wp-block-heading\">Llenazo en la Plaza de Toros para escuchar las nuevas y eternas canciones del ex de El \u00daltimo de la Fila<\/h2>\n\n\n\n<p>Hay que ser muy torero, o muy inconsciente, para que un cantante abra sus concierto con su canci\u00f3n emblema, esa que todo el mundo quiere escuchar. A nadie se le ocurre que, por ejemplo, Bruce Springsteen salga al escenario con &#8216;Born in the USA&#8217; o, ya en terreno patrio, que Celtas Cortos dispare &#8217;20 de Abril&#8217; como saludo.<\/p>\n\n\n\n<p>Pero ellos no son Manolo Garc\u00eda, la antiestrella musical que m\u00e1s millones de discos y entradas ha vendido en Espa\u00f1a. Y con una legi\u00f3n de seguidores, muchos de ellos ya calvos despu\u00e9s de tantos a\u00f1os, tan amplia.<\/p>\n\n\n\n<p>En una Plaza de Toros de Alicante llena y rellena (la organizaci\u00f3n pudo sacar m\u00e1s entradas a \u00faltima hora), vino este s\u00e1bado el ex de El \u00daltimo de la Fila a demostrar que lo suyo es el escenario y no el m\u00f3vil, del cual abomina sin remilgos. Sin miedos, la primera r\u00e1faga al coraz\u00f3n fue la m\u00edtica &#8216;Insurrecci\u00f3n&#8217;. Himno generacional y una de las mejores canciones de la historia de la m\u00fasica espa\u00f1ola. Pues Manolo Garc\u00eda abre as\u00ed su gira 2024. A puerta gayola, ah\u00ed queda eso.<\/p>\n\n\n\n<p>No le basta. Con el \u00e9xtasis ya desplegado, sigue con &#8216;Nunca El Tiempo Es Perdido&#8217;, otro de sus pelotazos. A partir de aqu\u00ed, el p\u00fablico ya no baja nunca de su hechizo durante las tres horas que dura el concierto, con intermedio incluido.<\/p>\n\n\n<div class=\"wp-block-image\">\n<figure class=\"aligncenter\"><img decoding=\"async\" src=\"https:\/\/s2.ppllstatics.com\/todoalicante\/www\/multimedia\/2024\/05\/27\/manolo-garcia4.JPG\" alt=\"\"\/><\/figure>\n<\/div>\n\n\n<p>Porque su gente cree en Manolo Garc\u00eda, un tipo honesto y sincero. No tiene ambages en reconocer que combinar\u00e1 canciones nuevas de su \u00faltimo disco doble con las antiguas, las que el auditorio ha ido a cantar en comuni\u00f3n. De entre el repertorio que despleg\u00f3 en Alicante simp\u00e1ticas sorpresas como &#8216;Lejos de las leyes de los hombres&#8217; o &#8216;Aviones plateados&#8217;, canciones no muy populares entre los ne\u00f3fitos, pero muy de agradecer para los antiguos seguidores.<\/p>\n\n\n\n<p>Tampoco le dolieron prendas en dedicar el concierto de Alicante a los peque\u00f1os y medianos agricultores y a los aut\u00f3nomos. Posicionamiento pol\u00edtico di\u00e1fano sin populismos ni redes sociales para un p\u00fablico al que habla como si estuviera de ca\u00f1as. Sobre el escenario, da la impresi\u00f3n que es igual que en su casa.<\/p>\n\n\n\n<p>Eso no quiere decir que sea melifluo ante recintos abarrotados. Al contrario. Manolo Garc\u00eda es carne de carretera, sangre de acuarela y voz de poeta. Los que le siguen lo saben. Con sus discos han llorado de pasi\u00f3n; han bailado al son de los tambores y han lanzado al aire p\u00e1jaros de barro.<\/p>\n\n\n\n<p>Y Manolo Garc\u00eda nunca les ha fallado. Siempre ha estado ah\u00ed, cuando tanto le han necesitado. Y, por lo que se pudo ver en Alicante, siempre estar\u00e1.<\/p>\n\n\n\n<p>Fuente: Todo Alicante &#8211; Foto Rafael Carmona &#8211; Enlace: <a href=\"https:\/\/www.todoalicante.es\/culturas\/musica\/manolo-garcia-alicante-siempre-estado-necesite-20240527130159-nt.html\" target=\"_blank\" rel=\"noreferrer noopener\">Manolo Garc\u00eda en Alicante: T\u00fa siempre has estado cuando tanto te necesit\u00e9 | TodoAlicante<\/a><\/p>\n\n\n\n<p><a href=\"https:\/\/www.todoalicante.es\/autor\/jose-vicente-perez-pardo-5559.html\"><\/a><\/p>\n","protected":false},"excerpt":{"rendered":"<p>Llenazo en la Plaza de Toros para escuchar las nuevas y eternas canciones del ex de El \u00daltimo de la Fila Hay que ser muy torero, o muy inconsciente, para que un cantante abra sus concierto con su canci\u00f3n emblema, esa que todo el mundo quiere escuchar. A nadie se le ocurre que, por ejemplo,<a class=\"moretag\" href=\"https:\/\/www.manologarciaycia.com\/?p=23911\" title=\"Manolo Garc\u00eda en Alicante: T\u00fa siempre has estado cuando tanto te necesit\u00e9\" target=\"_self\" rel=\"follow\"> <font face=arial size=2>[Leer m\u00e1s]<\/font> <\/a><\/p>\n","protected":false},"author":2,"featured_media":23912,"comment_status":"closed","ping_status":"closed","sticky":false,"template":"","format":"standard","meta":{"footnotes":""},"categories":[1],"tags":[],"class_list":["post-23911","post","type-post","status-publish","format-standard","has-post-thumbnail","hentry","category-manolo-garcia"],"_links":{"self":[{"href":"https:\/\/www.manologarciaycia.com\/index.php?rest_route=\/wp\/v2\/posts\/23911","targetHints":{"allow":["GET"]}}],"collection":[{"href":"https:\/\/www.manologarciaycia.com\/index.php?rest_route=\/wp\/v2\/posts"}],"about":[{"href":"https:\/\/www.manologarciaycia.com\/index.php?rest_route=\/wp\/v2\/types\/post"}],"author":[{"embeddable":true,"href":"https:\/\/www.manologarciaycia.com\/index.php?rest_route=\/wp\/v2\/users\/2"}],"replies":[{"embeddable":true,"href":"https:\/\/www.manologarciaycia.com\/index.php?rest_route=%2Fwp%2Fv2%2Fcomments&post=23911"}],"version-history":[{"count":1,"href":"https:\/\/www.manologarciaycia.com\/index.php?rest_route=\/wp\/v2\/posts\/23911\/revisions"}],"predecessor-version":[{"id":23913,"href":"https:\/\/www.manologarciaycia.com\/index.php?rest_route=\/wp\/v2\/posts\/23911\/revisions\/23913"}],"wp:featuredmedia":[{"embeddable":true,"href":"https:\/\/www.manologarciaycia.com\/index.php?rest_route=\/wp\/v2\/media\/23912"}],"wp:attachment":[{"href":"https:\/\/www.manologarciaycia.com\/index.php?rest_route=%2Fwp%2Fv2%2Fmedia&parent=23911"}],"wp:term":[{"taxonomy":"category","embeddable":true,"href":"https:\/\/www.manologarciaycia.com\/index.php?rest_route=%2Fwp%2Fv2%2Fcategories&post=23911"},{"taxonomy":"post_tag","embeddable":true,"href":"https:\/\/www.manologarciaycia.com\/index.php?rest_route=%2Fwp%2Fv2%2Ftags&post=23911"}],"curies":[{"name":"wp","href":"https:\/\/api.w.org\/{rel}","templated":true}]}}