{"id":23906,"date":"2024-05-20T12:01:07","date_gmt":"2024-05-20T10:01:07","guid":{"rendered":"https:\/\/www.manologarciaycia.com\/?p=23906"},"modified":"2024-05-20T12:01:10","modified_gmt":"2024-05-20T10:01:10","slug":"manolo-garcia-sembutxaca-el-sant-jordi-amb-un-viatge-que-rememora-els-temes-mes-mitics","status":"publish","type":"post","link":"https:\/\/www.manologarciaycia.com\/?p=23906","title":{"rendered":"Manolo Garc\u00eda s\u2019embutxaca el Sant Jordi amb un viatge que rememora els temes m\u00e9s m\u00edtics"},"content":{"rendered":"\n<p>L\u2019artista barcelon\u00ed triomfa davant 18.000 assistents desplegant un concert en\u00e8rgic d\u2019ess\u00e8ncia reivindicativa<\/p>\n\n\n\n<p>Manolo Garc\u00eda ha ofert aquest dissabte una de les cites m\u00e9s esperades de la nova gira de gran format \u2018Cero Emisiones Contaminantes des de Ya\u2019. Despr\u00e9s de visitar Madrid, aquesta nit l\u2019artista ha jugat a casa omplint el Palau Sant Jordi amb 18.000 espectadors que han esgotat totes les entrades i que durant tres hores han viatjat euf\u00f2ricament a trav\u00e9s dels seus grans \u00e8xits. Himnes com \u2018Nunca el tiempo es perdido\u2019 o \u2018P\u00e1jaros de barro\u2019 han sedu\u00eft el p\u00fablic des dels primers compassos, amb una fidelitat tamb\u00e9 present quan han sonat els temes de l\u2019\u00faltim disc doble. Garcia ha llu\u00eft un mocador palest\u00ed i ha reivindicat \u201cPalestina lliure\u201d, en una nit en qu\u00e8 tamb\u00e9 ha fet un clam a favor de la pagesia, dels treballadors aut\u00f2noms i la llengua catalana.<\/p>\n\n\n\n<p>Contraposat al format m\u00e9s \u00edntim que va marcar l\u2019exitosa recent gira de teatres, Manolo Garcia aposta ara per una gran escenografia el\u00e8ctrica coincidint amb els 20 anys de carrera en solitari i els m\u00e9s de 40 d\u2019en\u00e7\u00e0 que van triomfar els primers temes amb \u2018Los Burros\u2019 o \u2018El \u00faltimo de la fila\u2019.<\/p>\n\n\n\n<figure class=\"wp-block-embed is-type-video is-provider-youtube wp-block-embed-youtube wp-embed-aspect-16-9 wp-has-aspect-ratio\"><div class=\"wp-block-embed__wrapper\">\n<iframe loading=\"lazy\" title=\"Manolo Garcia, en concert\" width=\"615\" height=\"346\" src=\"https:\/\/www.youtube.com\/embed\/I6m9o8zRKbo?feature=oembed\" frameborder=\"0\" allow=\"accelerometer; autoplay; clipboard-write; encrypted-media; gyroscope; picture-in-picture; web-share\" referrerpolicy=\"strict-origin-when-cross-origin\" allowfullscreen><\/iframe>\n<\/div><\/figure>\n\n\n\n<p>Quan passaven quinze minuts de les 21 h, l\u2019artista ha irromput a l\u2019escenari apel\u00b7lant a la nost\u00e0lgia de la banda de finals dels 80, amb \u2018Insurrecci\u00f3n\u2019 i les seves \u201cbarras de bar, vertederos de amor\u201d, que han estat fortament corejades, com tamb\u00e9 ha estat aclamat el conegut tema propi \u2018Nunca el tiempo es perdido\u2019.<\/p>\n\n\n\n<p>R\u00e0pidament ha entrat en joc \u2018Diez mil veranos\u2019, una de les can\u00e7ons m\u00e9s populars del darrer doble disc publicat el 2022. Ha comen\u00e7at aix\u00ed un viatge al llarg de l\u2019\u00e0mplia discografia del barcelon\u00ed. Entre els \u2018hits\u2019 m\u00e9s ic\u00f2nics, no han faltat \u2018Mientras observo el afilador\u2019, \u2018Rosa de Alejandr\u00eda\u2019 o \u2018Como qui\u00e9n da un refresco\u2019.<\/p>\n\n\n\n<p>Ha estat amb \u2018P\u00e1jaros de barro\u2019, quan el concert feia una hora i mitja que dansava, quan el Sant Jordi ha embogit amb Manolo Garc\u00eda caminant entre el p\u00fablic fins pr\u00e0cticament el final de la pista. Una aproximaci\u00f3 als fans que ha generat un immens n\u00favol de tel\u00e8fons m\u00f2bils al seu voltant, i que l\u2019artista ha repetit un parell de cops m\u00e9s endavant despr\u00e9s per apropar-se a un altre gran gruix de seguidors.<\/p>\n\n\n\n<p>Avan\u00e7ada la nit, un altre dels grans moments de la vetllada en qu\u00e8 s\u2019ha guanyat el p\u00fablic ha estat l\u2019estesa d\u2019una infinitat de globus gegants de colors -com si fossin grans pilotes de platja- mentre sonava \u2018A San Fernando, un ratito a pie y otro caminando\u2019.<\/p>\n\n\n\n<p>Els \u00e8xits del \u00daltimo de la Fila han agafat protagonisme a mesura que avan\u00e7ava la nit, especialment en temps de bisos. Els 18.000 fans ha gaudit amb \u2018A veces se enciende\u2019 aix\u00ed com el popular \u2018Como un burro amarrado a la puerta del baile\u2019. L\u2019estrofa \u201cQue s\u00f3c de Barcelona, i em moro de calor\u201d, pr\u00e0cticament ha ressonat arreu de Montju\u00efc enmig d\u2019una intensa pluja de confeti.<\/p>\n\n\n\n<p>Nost\u00e0lgia a banda, Garcia tamb\u00e9 ha volgut compartir els temes del darrer doble disc \u2018Mi vida en Marte\u2019 i \u2018Desatinos desplumados\u2019, publicat fa escassament dos anys. \u2018No lloras y juras\u2019, \u2018Azulea\u2019 o \u2018Quisiera escapar\u2019 han estat algunes de les can\u00e7ons que l\u2019artista ha volgut posar en valor davant un p\u00fablic que no ha parat de ballar en tota la nit.<\/p>\n\n\n\n<p>\u2018Si te vienes conmigo\u2019 ha format part del colof\u00f3 d\u2019un repertori que ha acabat arrodonint amb un medley de la ranxera mexicana \u2018El rey\u2019 i la popular \u2018Para bailar la bamba\u2019, mentre bona part del p\u00fablic ja abandonava les instal\u00b7lacions passada la mitjanit.<\/p>\n\n\n\n<p><strong>Nit reivindicativa<\/strong><\/p>\n\n\n\n<p>Al llarg de les tres hores, m\u00e9s enll\u00e0 de la m\u00fasica, Manolo Garc\u00eda ha mostrat tamb\u00e9 la seva vessant m\u00e9s reivindicativa. Des d\u2019un inici ha sortit en defensa del poble palest\u00ed, tot titllant la situaci\u00f3 a la franja de Gaza com una \u201cbarbaritat\u201d i ha demanat a \u201ctots els pa\u00efsos del m\u00f3n\u201d que \u201cdiguin \u2018no a a aquesta massacre absurda i terrible\u201d.<\/p>\n\n\n\n<p>De la defensa de Palestina ha passat despr\u00e9s a reivindicar l\u2019exguerriller uruguay\u00e0 Jos\u00e9 M\u00fajica, per m\u00e9s endavant al\u00e7ar la veu en favor de la pagesia i la ramaderia: \u201cSense el seu menjar estariem fotuts, i cal que es faci just\u00edcia i se\u2019ls tracti com a treballadors honestos que mereixen una vida digne\u201d. Un crit que tamb\u00e9 ha aprofitat per defensar en primera persona la feina de tots els treballadors aut\u00f2noms: \u201cMereixem un tracte digne, h\u00f2stia!\u201d.<\/p>\n\n\n\n<p>Autodefinint-se com un \u2018xarnego\u2019 per la seva ascend\u00e8ncia murciana, Garcia ha fet finalment una defensa aferrissada de la llengua catalana, de la qual ha dit que \u00e9s el \u201cvehicle\u201d del poble. En aquest marc, ha lloat la figura d\u2019Ivette Nadal, de qui ha dit que \u00e9s una \u201cgran poetessa\u201d i l\u2019ha convidat a cantar dalt l\u2019escenari.<\/p>\n\n\n\n<p>Despr\u00e9s de Salamanca, Madrid i Barcelona, Garcia visitar\u00e0 properament Alacant. De cara als propers mesos, passar\u00e0, entre altres, per Val\u00e8ncia C\u00f2rdova i Granada. A la tardor tornar\u00e0 a visitar Madrid i t\u00e9 previst tamb\u00e9 actuar a M\u00farcia, Santander, Valladolid, Corunya i Bilbao. L\u2019\u00faltima data confirmada \u00e9s el 30 de novembre, quan tornar\u00e0 al Palau Sant Jordi per posar punt i final a la gira.<\/p>\n\n\n\n<p>Fuente: Diari de Tarragona &#8211; ACN &#8211; <a href=\"https:\/\/www.diaridetarragona.com\/cultura\/manolo-garcia-s-embutxaca-el-sant-jordi-amb-un-viatge-que-rememora-els-temes-mes-mitics-EO19605023\" target=\"_blank\" rel=\"noreferrer noopener\">Manolo Garc\u00eda s\u2019embutxaca el Sant Jordi amb un viatge que rememora els temes m\u00e9s m\u00edtics (diaridetarragona.com)<\/a><\/p>\n","protected":false},"excerpt":{"rendered":"<p>L\u2019artista barcelon\u00ed triomfa davant 18.000 assistents desplegant un concert en\u00e8rgic d\u2019ess\u00e8ncia reivindicativa Manolo Garc\u00eda ha ofert aquest dissabte una de les cites m\u00e9s esperades de la nova gira de gran format \u2018Cero Emisiones Contaminantes des de Ya\u2019. Despr\u00e9s de visitar Madrid, aquesta nit l\u2019artista ha jugat a casa omplint el Palau Sant Jordi amb 18.000<a class=\"moretag\" href=\"https:\/\/www.manologarciaycia.com\/?p=23906\" title=\"Manolo Garc\u00eda s\u2019embutxaca el Sant Jordi amb un viatge que rememora els temes m\u00e9s m\u00edtics\" target=\"_self\" rel=\"follow\"> <font face=arial size=2>[Leer m\u00e1s]<\/font> <\/a><\/p>\n","protected":false},"author":2,"featured_media":23908,"comment_status":"closed","ping_status":"closed","sticky":false,"template":"","format":"standard","meta":{"footnotes":""},"categories":[1],"tags":[],"class_list":["post-23906","post","type-post","status-publish","format-standard","has-post-thumbnail","hentry","category-manolo-garcia"],"_links":{"self":[{"href":"https:\/\/www.manologarciaycia.com\/index.php?rest_route=\/wp\/v2\/posts\/23906","targetHints":{"allow":["GET"]}}],"collection":[{"href":"https:\/\/www.manologarciaycia.com\/index.php?rest_route=\/wp\/v2\/posts"}],"about":[{"href":"https:\/\/www.manologarciaycia.com\/index.php?rest_route=\/wp\/v2\/types\/post"}],"author":[{"embeddable":true,"href":"https:\/\/www.manologarciaycia.com\/index.php?rest_route=\/wp\/v2\/users\/2"}],"replies":[{"embeddable":true,"href":"https:\/\/www.manologarciaycia.com\/index.php?rest_route=%2Fwp%2Fv2%2Fcomments&post=23906"}],"version-history":[{"count":1,"href":"https:\/\/www.manologarciaycia.com\/index.php?rest_route=\/wp\/v2\/posts\/23906\/revisions"}],"predecessor-version":[{"id":23909,"href":"https:\/\/www.manologarciaycia.com\/index.php?rest_route=\/wp\/v2\/posts\/23906\/revisions\/23909"}],"wp:featuredmedia":[{"embeddable":true,"href":"https:\/\/www.manologarciaycia.com\/index.php?rest_route=\/wp\/v2\/media\/23908"}],"wp:attachment":[{"href":"https:\/\/www.manologarciaycia.com\/index.php?rest_route=%2Fwp%2Fv2%2Fmedia&parent=23906"}],"wp:term":[{"taxonomy":"category","embeddable":true,"href":"https:\/\/www.manologarciaycia.com\/index.php?rest_route=%2Fwp%2Fv2%2Fcategories&post=23906"},{"taxonomy":"post_tag","embeddable":true,"href":"https:\/\/www.manologarciaycia.com\/index.php?rest_route=%2Fwp%2Fv2%2Ftags&post=23906"}],"curies":[{"name":"wp","href":"https:\/\/api.w.org\/{rel}","templated":true}]}}