{"id":23854,"date":"2024-05-06T07:37:05","date_gmt":"2024-05-06T05:37:05","guid":{"rendered":"https:\/\/www.manologarciaycia.com\/?p=23854"},"modified":"2024-05-06T07:37:07","modified_gmt":"2024-05-06T05:37:07","slug":"manolo-garcia-hace-vibrar-a-salamanca-con-un-espectacular-concierto-en-el-multiusos-sanchez-paraiso","status":"publish","type":"post","link":"https:\/\/www.manologarciaycia.com\/?p=23854","title":{"rendered":"\u00a1Manolo Garc\u00eda hace vibrar a Salamanca con un espectacular concierto en el Multiusos S\u00e1nchez Para\u00edso!"},"content":{"rendered":"\n<p>El emblem\u00e1tico cantante catal\u00e1n, Manolo Garc\u00eda, ha regresado este s\u00e1bado a Salamanca para inaugurar su gira 2024 con un multitudinario concierto en el Multiusos S\u00e1nchez Para\u00edso. Ante un p\u00fablico entregado y emocionado, Garc\u00eda ha ofrecido una velada inolvidable, repleta de sus m\u00e1s grandes \u00e9xitos que han marcado la historia de la m\u00fasica en Espa\u00f1a.<\/p>\n\n\n\n<p>El ambiente de emoci\u00f3n y expectaci\u00f3n era palpable en el recinto, especialmente tras la cancelaci\u00f3n de un concierto anterior debido a una miocarditis aguda que sufri\u00f3 hace dos a\u00f1os. Sin embargo, esta noche, Manolo Garc\u00eda ha hecho vibrar a los asistentes con su inconfundible estilo y carisma, dejando claro por qu\u00e9 es uno de los artistas m\u00e1s queridos y respetados del panorama musical espa\u00f1ol.<\/p>\n\n\n\n<p>Celebrando dos d\u00e9cadas de carrera en solitario, Garc\u00eda ha presentado tambi\u00e9n sus \u00faltimos trabajos, \u00abMi vida en Marte\u00bb y \u00abDesatinos Desplumados\u00bb, grabados entre Girona y Pozuelo de Alarc\u00f3n (Madrid). Estos \u00e1lbumes, que recopilan 27 canciones con la firma del artista, demuestran que Manolo Garc\u00eda sigue en su mejor momento creativo, ofreciendo a su p\u00fablico nuevas composiciones cargadas de su caracter\u00edstico estilo y sensibilidad.<\/p>\n\n\n\n<p>El concierto en Salamanca no solo ha sido un reencuentro entre el cantante y su p\u00fablico, sino tambi\u00e9n una celebraci\u00f3n de la m\u00fasica y de una trayectoria que ha dejado una huella imborrable en la industria musical espa\u00f1ola. Sin duda, una noche para recordar y un homenaje merecido a uno de los grandes de la m\u00fasica nacional.<\/p>\n\n\n\n<p>\u00a1Manolo Garc\u00eda sigue conquistando corazones y llevando su m\u00fasica a cada rinc\u00f3n del pa\u00eds!<\/p>\n\n\n\n<p>Fuente: Vistodelotrolado &#8211; Maria Gonzalez &#8211; Pandora Produccion &#8211; Enlace: <a href=\"https:\/\/www.vistodeotrolado.com\/manolo-garcia-vibrar-salamanca-espectacular-concierto-multiusos-sanchez-paraiso\/\">\u00a1Manolo Garc\u00eda hace vibrar a Salamanca con un espectacular concierto en el Multiusos S\u00e1nchez Para\u00edso! &#8211; Visto de Otro Lado<\/a><\/p>\n","protected":false},"excerpt":{"rendered":"<p>El emblem\u00e1tico cantante catal\u00e1n, Manolo Garc\u00eda, ha regresado este s\u00e1bado a Salamanca para inaugurar su gira 2024 con un multitudinario concierto en el Multiusos S\u00e1nchez Para\u00edso. Ante un p\u00fablico entregado y emocionado, Garc\u00eda ha ofrecido una velada inolvidable, repleta de sus m\u00e1s grandes \u00e9xitos que han marcado la historia de la m\u00fasica en Espa\u00f1a. El<a class=\"moretag\" href=\"https:\/\/www.manologarciaycia.com\/?p=23854\" title=\"\u00a1Manolo Garc\u00eda hace vibrar a Salamanca con un espectacular concierto en el Multiusos S\u00e1nchez Para\u00edso!\" target=\"_self\" rel=\"follow\"> <font face=arial size=2>[Leer m\u00e1s]<\/font> <\/a><\/p>\n","protected":false},"author":2,"featured_media":23855,"comment_status":"closed","ping_status":"closed","sticky":false,"template":"","format":"standard","meta":{"footnotes":""},"categories":[1],"tags":[],"class_list":["post-23854","post","type-post","status-publish","format-standard","has-post-thumbnail","hentry","category-manolo-garcia"],"_links":{"self":[{"href":"https:\/\/www.manologarciaycia.com\/index.php?rest_route=\/wp\/v2\/posts\/23854","targetHints":{"allow":["GET"]}}],"collection":[{"href":"https:\/\/www.manologarciaycia.com\/index.php?rest_route=\/wp\/v2\/posts"}],"about":[{"href":"https:\/\/www.manologarciaycia.com\/index.php?rest_route=\/wp\/v2\/types\/post"}],"author":[{"embeddable":true,"href":"https:\/\/www.manologarciaycia.com\/index.php?rest_route=\/wp\/v2\/users\/2"}],"replies":[{"embeddable":true,"href":"https:\/\/www.manologarciaycia.com\/index.php?rest_route=%2Fwp%2Fv2%2Fcomments&post=23854"}],"version-history":[{"count":1,"href":"https:\/\/www.manologarciaycia.com\/index.php?rest_route=\/wp\/v2\/posts\/23854\/revisions"}],"predecessor-version":[{"id":23856,"href":"https:\/\/www.manologarciaycia.com\/index.php?rest_route=\/wp\/v2\/posts\/23854\/revisions\/23856"}],"wp:featuredmedia":[{"embeddable":true,"href":"https:\/\/www.manologarciaycia.com\/index.php?rest_route=\/wp\/v2\/media\/23855"}],"wp:attachment":[{"href":"https:\/\/www.manologarciaycia.com\/index.php?rest_route=%2Fwp%2Fv2%2Fmedia&parent=23854"}],"wp:term":[{"taxonomy":"category","embeddable":true,"href":"https:\/\/www.manologarciaycia.com\/index.php?rest_route=%2Fwp%2Fv2%2Fcategories&post=23854"},{"taxonomy":"post_tag","embeddable":true,"href":"https:\/\/www.manologarciaycia.com\/index.php?rest_route=%2Fwp%2Fv2%2Ftags&post=23854"}],"curies":[{"name":"wp","href":"https:\/\/api.w.org\/{rel}","templated":true}]}}