{"id":23851,"date":"2024-05-05T08:33:01","date_gmt":"2024-05-05T06:33:01","guid":{"rendered":"https:\/\/www.manologarciaycia.com\/?p=23851"},"modified":"2024-05-05T08:33:04","modified_gmt":"2024-05-05T06:33:04","slug":"manolo-garcia-organiza-una-fiesta-en-salamanca","status":"publish","type":"post","link":"https:\/\/www.manologarciaycia.com\/?p=23851","title":{"rendered":"Manolo Garc\u00eda organiza una fiesta en Salamanca"},"content":{"rendered":"\n<p>El Multiusos se llen\u00f3 para escuchar de nuevo versiones magistrales de algunas de sus canciones m\u00e1s aclamadas y para constatar que sigue en forma<\/p>\n\n\n\n<p>Manolo Garc\u00eda sigue llenando all\u00ed donde act\u00faa y este s\u00e1bado lo hizo en Salamanca, en el Multiusos, donde no cab\u00eda un alma para escuchar de nuevo versiones magistrales de algunas de sus canciones m\u00e1s aclamadas y para constatar que el\u00a0barcelon\u00e9s sigue en forma.<\/p>\n\n\n\n<p>Lleg\u00f3 con ganas de darlo todo y tras la primera canci\u00f3n le tir\u00f3 la chupa y un foulard al p\u00fablico, sin reparar en gastos. A lo largo de las tres horas que dur\u00f3 el concierto lanzar\u00eda casi media docena m\u00e1s de pa\u00f1uelos al p\u00fablico.<\/p>\n\n\n\n<p>Y al resto le regal\u00f3 su entrega y la de su primorosa banda, que le dan una vida nueva y espl\u00e9ndida a temas que ya soplan cuarenta a\u00f1os y que siguen revolucionando al pueblo.<\/p>\n\n\n\n<p>La versi\u00f3n que ofreci\u00f3 de&nbsp;<em>P\u00e1jaros de barro<\/em>, baj\u00e1ndose del escenario y abri\u00e9ndose paso a duras penas entre el p\u00fablico, fue estremecedora, y eso que le dio bola a sus fans para que la entonaran con mayor o menor entusiasmo.<\/p>\n\n\n\n<p>Fue uno de los momentos culminantes de una sesi\u00f3n en la que desgran\u00f3 sus temas nuevos, se gust\u00f3 con el flamenco y la rumbita y luego hizo lo que quiso con el p\u00fablico cuando empezaron a sonar sus himnos.<\/p>\n\n\n\n<p>Estaba c\u00f3modo y empez\u00f3 a dedicarle el concierto a los peque\u00f1os agricultores que nos dan de comer, \u00abpara que los dejen trabajar\u00bb, y a un colectivo \u00abtan puteado como los aut\u00f3nomos, que somos los que levantamos el pa\u00eds. Tratadnos bien como nosotros os tratamos a vosotros\u00bb, explicaba ante un auditorio entregado.<\/p>\n\n\n\n<p>A las dos horas de concierto anunci\u00f3 un descanso de doce minutos para hacer un pip\u00ed y echar un trago de agua. Regres\u00f3 y confes\u00f3 que estaba contento, que se hab\u00eda venido arriba, porque estaba a gusto.<\/p>\n\n\n\n<p>Luego se acord\u00f3 de Amazon, del precio de los alquileres, de los bancos y todo lo que ganan con nuestro dinero, y todo ca\u00eda bien, porque si te lo dicen entre canciones que forman parte de tu vida lo jaleas.<\/p>\n\n\n\n<p>Estuvo hora hora sobre el escenario y al acabar se deshizo en palabras de agradecimiento hacia el p\u00fabico, su banda, los t\u00e9cnicos y los operarios que hacen posible el concierto.<\/p>\n\n\n\n<p>En los vises se despidi\u00f3 con una versi\u00f3n de La bamba y con una ranchera. Una fiesta en toda regla. Genio y figura.<\/p>\n\n\n\n<p>Fuente: Cr\u00f3nica de Salamanca &#8211; Enlace: <a href=\"https:\/\/lacronicadesalamanca.com\/576965-manolo-garcia-organiza-una-fiesta-en-salamanca\/\">Manolo Garc\u00eda organiza una fiesta en Salamanca (lacronicadesalamanca.com)<\/a><\/p>\n","protected":false},"excerpt":{"rendered":"<p>El Multiusos se llen\u00f3 para escuchar de nuevo versiones magistrales de algunas de sus canciones m\u00e1s aclamadas y para constatar que sigue en forma Manolo Garc\u00eda sigue llenando all\u00ed donde act\u00faa y este s\u00e1bado lo hizo en Salamanca, en el Multiusos, donde no cab\u00eda un alma para escuchar de nuevo versiones magistrales de algunas de<a class=\"moretag\" href=\"https:\/\/www.manologarciaycia.com\/?p=23851\" title=\"Manolo Garc\u00eda organiza una fiesta en Salamanca\" target=\"_self\" rel=\"follow\"> <font face=arial size=2>[Leer m\u00e1s]<\/font> <\/a><\/p>\n","protected":false},"author":2,"featured_media":23852,"comment_status":"closed","ping_status":"closed","sticky":false,"template":"","format":"standard","meta":{"footnotes":""},"categories":[1],"tags":[],"class_list":["post-23851","post","type-post","status-publish","format-standard","has-post-thumbnail","hentry","category-manolo-garcia"],"_links":{"self":[{"href":"https:\/\/www.manologarciaycia.com\/index.php?rest_route=\/wp\/v2\/posts\/23851","targetHints":{"allow":["GET"]}}],"collection":[{"href":"https:\/\/www.manologarciaycia.com\/index.php?rest_route=\/wp\/v2\/posts"}],"about":[{"href":"https:\/\/www.manologarciaycia.com\/index.php?rest_route=\/wp\/v2\/types\/post"}],"author":[{"embeddable":true,"href":"https:\/\/www.manologarciaycia.com\/index.php?rest_route=\/wp\/v2\/users\/2"}],"replies":[{"embeddable":true,"href":"https:\/\/www.manologarciaycia.com\/index.php?rest_route=%2Fwp%2Fv2%2Fcomments&post=23851"}],"version-history":[{"count":1,"href":"https:\/\/www.manologarciaycia.com\/index.php?rest_route=\/wp\/v2\/posts\/23851\/revisions"}],"predecessor-version":[{"id":23853,"href":"https:\/\/www.manologarciaycia.com\/index.php?rest_route=\/wp\/v2\/posts\/23851\/revisions\/23853"}],"wp:featuredmedia":[{"embeddable":true,"href":"https:\/\/www.manologarciaycia.com\/index.php?rest_route=\/wp\/v2\/media\/23852"}],"wp:attachment":[{"href":"https:\/\/www.manologarciaycia.com\/index.php?rest_route=%2Fwp%2Fv2%2Fmedia&parent=23851"}],"wp:term":[{"taxonomy":"category","embeddable":true,"href":"https:\/\/www.manologarciaycia.com\/index.php?rest_route=%2Fwp%2Fv2%2Fcategories&post=23851"},{"taxonomy":"post_tag","embeddable":true,"href":"https:\/\/www.manologarciaycia.com\/index.php?rest_route=%2Fwp%2Fv2%2Ftags&post=23851"}],"curies":[{"name":"wp","href":"https:\/\/api.w.org\/{rel}","templated":true}]}}