{"id":23848,"date":"2024-05-05T08:29:18","date_gmt":"2024-05-05T06:29:18","guid":{"rendered":"https:\/\/www.manologarciaycia.com\/?p=23848"},"modified":"2024-05-05T08:29:20","modified_gmt":"2024-05-05T06:29:20","slug":"el-cantante-manolo-garcia-se-reencuentra-con-salamanca-ante-un-multiusos-a-rebosar-de-seguidores","status":"publish","type":"post","link":"https:\/\/www.manologarciaycia.com\/?p=23848","title":{"rendered":"El cantante Manolo Garc\u00eda se reencuentra con Salamanca ante un Multiusos a rebosar de seguidores"},"content":{"rendered":"\n<p>Los espectadores han podido disfrutar en directo de los grandes \u00e9xitos de Manolo Garc\u00eda, que ya forman parte de la historia de la m\u00fasica de nuestro pa\u00eds<\/p>\n\n\n\n<p>El catal\u00e1n Manolo Garc\u00eda ha aterrizado en la noche de este s\u00e1bado, 4 de mayo, en tierras charras reencontr\u00e1ndose con el p\u00fablico de Salamanca, donde adem\u00e1s inicia su gira 2024. Lo ha hecho con el S\u00e1nchez Para\u00edso a rebosar de seguidores, donde muchos lo estaban esperando tras la cancelaci\u00f3n de unos de sus conciertos hace dos a\u00f1os a causa de una miocarditis aguda.<\/p>\n\n\n\n<p>Tal y como se informa en la propia p\u00e1gina web del cantante, en esta gira y en concreto en este concierto, los espectadores han podido disfrutar en directo de los grandes \u00e9xitos de Manolo Garc\u00eda que ya forman parte de la historia de la m\u00fasica de nuestro pa\u00eds como son &#8216;P\u00e1jaros de barro&#8217;, &#8216;A San Fernando, un ratito a pie&nbsp;y otro caminando&#8217; o &#8216;Nunca el tiempo es perdido&#8217;.<\/p>\n\n\n\n<figure class=\"wp-block-image\"><img decoding=\"async\" src=\"https:\/\/www.salamanca24horas.com\/uploads\/s1\/17\/04\/44\/39\/concierto-de-manolo-garcia-en-el-multiusos-sanchez-paraiso-fotos-juanes-66_1_728x418.jpeg\" alt=\"Concierto de Manolo Garc\u00eda en el Multiusos S\u00e1nchez Para\u00edso. Fotos Juanes (66)\" title=\"Concierto de Manolo Garc\u00eda en el Multiusos S\u00e1nchez Para\u00edso. Fotos Juanes (66)\"\/><figcaption class=\"wp-element-caption\">Concierto de Manolo Garc\u00eda en el Multiusos S\u00e1nchez Para\u00edso. Fotos Juanes (66)<\/figcaption><\/figure>\n\n\n\n<p>Cuando se cumplen dos d\u00e9cadas de su trayectoria en solitario, el m\u00fasico barcelon\u00e9s ha sacado a la luz dos nuevos trabajos, puro Manolo Garc\u00eda en su mejor momento. Grabados entre Girona y Pozuelo de Alarc\u00f3n (Madrid), &#8216;Mi vida en Marte&#8217; y &#8216;Desatinos Desplumados&#8217; re\u00fanen 27 canciones con la firma de Manolo Garc\u00eda \u2013incluida una nueva versi\u00f3n de la canci\u00f3n Busco Cielos.<\/p>\n\n\n\n<figure class=\"wp-block-image\"><img decoding=\"async\" src=\"https:\/\/www.salamanca24horas.com\/uploads\/s1\/17\/04\/40\/30\/concierto-de-manolo-garcia-en-el-multiusos-sanchez-paraiso-fotos-juanes-32_1_728x418.jpeg\" alt=\"Concierto de Manolo Garc\u00eda en el Multiusos S\u00e1nchez Para\u00edso. Fotos Juanes (32)\" title=\"Concierto de Manolo Garc\u00eda en el Multiusos S\u00e1nchez Para\u00edso. Fotos Juanes (32)\"\/><figcaption class=\"wp-element-caption\">Concierto de Manolo Garc\u00eda en el Multiusos S\u00e1nchez Para\u00edso. Fotos Juanes (32)<\/figcaption><\/figure>\n\n\n\n<p>Si has asistido al concierto o quieres ver la galer\u00eda de ambiente de la puesta en acci\u00f3n y el p\u00fablico, puedes hacerlo a trav\u00e9s de las siguientes im\u00e1genes:<\/p>\n\n\n\n<p>Fuente: Salamanca24 &#8211; Enlace: <a href=\"https:\/\/www.salamanca24horas.com\/galeria-concierto-manolo-garcia-en-multiusos-sanchez-paraiso-fotos-juanes_35046_113.html\">GALER\u00cdA |\u00a0Concierto de Manolo Garc\u00eda en el Multiusos S\u00e1nchez Para\u00edso. Fotos Juanes<\/a><\/p>\n","protected":false},"excerpt":{"rendered":"<p>Los espectadores han podido disfrutar en directo de los grandes \u00e9xitos de Manolo Garc\u00eda, que ya forman parte de la historia de la m\u00fasica de nuestro pa\u00eds El catal\u00e1n Manolo Garc\u00eda ha aterrizado en la noche de este s\u00e1bado, 4 de mayo, en tierras charras reencontr\u00e1ndose con el p\u00fablico de Salamanca, donde adem\u00e1s inicia su<a class=\"moretag\" href=\"https:\/\/www.manologarciaycia.com\/?p=23848\" title=\"El cantante Manolo Garc\u00eda se reencuentra con Salamanca ante un Multiusos a rebosar de seguidores\" target=\"_self\" rel=\"follow\"> <font face=arial size=2>[Leer m\u00e1s]<\/font> <\/a><\/p>\n","protected":false},"author":2,"featured_media":23849,"comment_status":"closed","ping_status":"closed","sticky":false,"template":"","format":"standard","meta":{"footnotes":""},"categories":[1],"tags":[],"class_list":["post-23848","post","type-post","status-publish","format-standard","has-post-thumbnail","hentry","category-manolo-garcia"],"_links":{"self":[{"href":"https:\/\/www.manologarciaycia.com\/index.php?rest_route=\/wp\/v2\/posts\/23848","targetHints":{"allow":["GET"]}}],"collection":[{"href":"https:\/\/www.manologarciaycia.com\/index.php?rest_route=\/wp\/v2\/posts"}],"about":[{"href":"https:\/\/www.manologarciaycia.com\/index.php?rest_route=\/wp\/v2\/types\/post"}],"author":[{"embeddable":true,"href":"https:\/\/www.manologarciaycia.com\/index.php?rest_route=\/wp\/v2\/users\/2"}],"replies":[{"embeddable":true,"href":"https:\/\/www.manologarciaycia.com\/index.php?rest_route=%2Fwp%2Fv2%2Fcomments&post=23848"}],"version-history":[{"count":1,"href":"https:\/\/www.manologarciaycia.com\/index.php?rest_route=\/wp\/v2\/posts\/23848\/revisions"}],"predecessor-version":[{"id":23850,"href":"https:\/\/www.manologarciaycia.com\/index.php?rest_route=\/wp\/v2\/posts\/23848\/revisions\/23850"}],"wp:featuredmedia":[{"embeddable":true,"href":"https:\/\/www.manologarciaycia.com\/index.php?rest_route=\/wp\/v2\/media\/23849"}],"wp:attachment":[{"href":"https:\/\/www.manologarciaycia.com\/index.php?rest_route=%2Fwp%2Fv2%2Fmedia&parent=23848"}],"wp:term":[{"taxonomy":"category","embeddable":true,"href":"https:\/\/www.manologarciaycia.com\/index.php?rest_route=%2Fwp%2Fv2%2Fcategories&post=23848"},{"taxonomy":"post_tag","embeddable":true,"href":"https:\/\/www.manologarciaycia.com\/index.php?rest_route=%2Fwp%2Fv2%2Ftags&post=23848"}],"curies":[{"name":"wp","href":"https:\/\/api.w.org\/{rel}","templated":true}]}}