{"id":23844,"date":"2024-04-24T11:18:35","date_gmt":"2024-04-24T09:18:35","guid":{"rendered":"https:\/\/www.manologarciaycia.com\/?p=23844"},"modified":"2024-04-24T11:19:19","modified_gmt":"2024-04-24T09:19:19","slug":"manolo-garcia-siempre-suenas-con-hacer-la-mejor-cancion-del-mundo","status":"publish","type":"post","link":"https:\/\/www.manologarciaycia.com\/?p=23844","title":{"rendered":"Manolo Garc\u00eda: \u201cSiempre sue\u00f1as con hacer la mejor canci\u00f3n del mundo\u201d"},"content":{"rendered":"\n<h3 class=\"wp-block-heading\">El cantante catal\u00e1n presenta su \u00faltima gira \u2018Cero emisiones contaminantes desde ya\u2019 en el Auditorio de la Alameda de Ja\u00e9n este s\u00e1bado 27 de abril<\/h3>\n\n\n\n<p>La \u00faltima gira de Manolo Garc\u00eda aterriza en la capital. La fecha marcada en el calendario para los amantes de la m\u00fasica del m\u00edtico artista barcelon\u00e9s es el 27 de abril y el lugar, el Auditorio de la Alameda. Cuatro d\u00e9cadas lleva Garc\u00eda sobre los escenarios y sonando en las casas de generaci\u00f3n tras generaci\u00f3n. Tras la publicaci\u00f3n en 2022 del doble trabajo compuesto por \u2018Mi Vida en Marte\u2019 y \u2018Desatinos Desplumados\u2019, el cantante vuelve a recorrer Espa\u00f1a con su caracter\u00edstica energ\u00eda y melod\u00edas, entre las que se mezclan los ritmos aflamencados y el pop rock espa\u00f1ol. \u2018Cero emisiones contaminantes desde ya\u2019 es el nombre de la gira con la que volver\u00e1 a presentarse en la provincia. \u201cEspero que el p\u00fablico me d\u00e9 lo que yo les voy a dar, la m\u00e1xima alegr\u00eda posible. La vida, a veces, es muy sencilla y en mis conciertos solo busco que disfruten\u201d, explica Garc\u00eda.<\/p>\n\n\n\n<p><strong>\u2014Presenta un doble \u00e1lbum titulado Mi Vida en Marte y Desatinos Desplumados, \u00bfqu\u00e9 signific\u00f3 este proyecto para usted?<\/strong><\/p>\n\n\n\n<p>\u2014Me ayud\u00f3 much\u00edsimo en los meses de confinamiento que fueron terribles. Ca\u00ed en el Covid-19 dos veces, fueron tiempos tan extra\u00f1os y apocal\u00edpticos que hacer muchas canciones y meterme en m\u00ed mismo de esa forma, me daba tranquilidad.<\/p>\n\n\n\n<p><strong>\u2014\u00bfY por qu\u00e9 un doble \u00e1lbum en este caso?<\/strong><\/p>\n\n\n\n<p>\u2014No paraba de trajinar, para arriba y para abajo, es lo que me permiti\u00f3 ese tiempo recogimiento. De ah\u00ed surgieron cuarenta canciones, de las cuales veinticuatro son las que llegaron a esos discos.<\/p>\n\n\n\n<p><strong>\u2014No faltar\u00e1n algunos de tus \u00e9xitos m\u00e1s conocidos como P\u00e1jaros de barro o Nunca el tiempo es perdido, \u00bfc\u00f3mo es ver que todav\u00eda la gente canta tan intensamente esos temas?<\/strong><\/p>\n\n\n\n<p>\u2014Un premio. Me trae a la cabeza la situaci\u00f3n contraria, cuando empiezas en la m\u00fasica, pocas personas acuden y la gente a\u00fan no conoce bien el repertorio que tocas. Cuando ya logras una discusi\u00f3n de tu obra y ves que cala, lo agradezco a\u00fan m\u00e1s viniendo de ese principio.<\/p>\n\n\n\n<p><strong>\u2014No se puede pasar por alto el nombre de la gira: Cero emisiones contaminantes desde ya&#8230;<\/strong><\/p>\n\n\n\n<p>\u2014El mensaje es claro a estas alturas del partido, es m\u00e1s que urgente que se paren las emisiones. La nube negra se acerca, se pierde diversidad de especie y hay un tenebroso aumento de las temperaturas. Los pa\u00edses se machacan unos a otro, mientras millones de personas consumen de una manera que es insostenible para el planeta. A Ja\u00e9n, por ejemplo, no llegar\u00e1 el mar seguramente, pero s\u00ed que lo har\u00e1 la desertizaci\u00f3n y otros problemas.<\/p>\n\n\n\n<p><strong>\u2014Lleva m\u00e1s de cuarenta a\u00f1os en la m\u00fasica, \u00bfhay alg\u00fan objetivo que le quede por alcanzar?<\/strong><\/p>\n\n\n\n<p>\u2014Siempre sue\u00f1as con hacer la mejor canci\u00f3n del mundo, por muchos a\u00f1os que pasen. Ah\u00ed est\u00e1 la ilusi\u00f3n de hacer canciones. Componer es lo que me libera y me da descanso, en medio de esta barbarie humana de pol\u00edticos enzarzados unos con otros. Cuando escribo, noto una vibraci\u00f3n que es la que me hace avanzar y fluir.<\/p>\n\n\n\n<p><strong>\u2014\u00bfCree que est\u00e1 cerca de esa canci\u00f3n perfecta?<\/strong><\/p>\n\n\n\n<p>\u2014Uno nunca lo sabe, pero cuando hice el \u00e1lbum Arena en los bolsillos, sab\u00eda que P\u00e1jaros de barro iba a calar. Con el \u00faltimo trabajo, tambi\u00e9n lo not\u00e9 con canciones que me complac\u00edan y me tocan, como Azulea o Diez Mil Veranos. No sab\u00eda si iban a gustar m\u00e1s o menos al p\u00fablico, pero s\u00e9 que aportan algo de emoci\u00f3n al mundo, que es lo que cuenta.<\/p>\n\n\n\n<p><strong>\u2014\u00bfCu\u00e1l es el siguiente paso para Manolo Garc\u00eda?<\/strong><\/p>\n\n\n\n<p>\u2014Ser feliz cada d\u00eda, nunca abandono ese proyecto. Intento siempre que cada d\u00eda sea estupendo y con esa mentalidad lo afronto.<\/p>\n\n\n\n<p>Fuente: Ana Isabel Bravo &#8211; Enlace: <a href=\"https:\/\/www.diariojaen.es\/cultura\/los-galardones-la-alcazaba-reconocen-a-petra-martinez-GB9829383\">Los Galardones la Alcazaba reconocen a Petra Mart\u00ednez (diariojaen.es)<\/a><\/p>\n","protected":false},"excerpt":{"rendered":"<p>El cantante catal\u00e1n presenta su \u00faltima gira \u2018Cero emisiones contaminantes desde ya\u2019 en el Auditorio de la Alameda de Ja\u00e9n este s\u00e1bado 27 de abril La \u00faltima gira de Manolo Garc\u00eda aterriza en la capital. La fecha marcada en el calendario para los amantes de la m\u00fasica del m\u00edtico artista barcelon\u00e9s es el 27 de<a class=\"moretag\" href=\"https:\/\/www.manologarciaycia.com\/?p=23844\" title=\"Manolo Garc\u00eda: \u201cSiempre sue\u00f1as con hacer la mejor canci\u00f3n del mundo\u201d\" target=\"_self\" rel=\"follow\"> <font face=arial size=2>[Leer m\u00e1s]<\/font> <\/a><\/p>\n","protected":false},"author":2,"featured_media":23846,"comment_status":"closed","ping_status":"closed","sticky":false,"template":"","format":"standard","meta":{"footnotes":""},"categories":[1],"tags":[],"class_list":["post-23844","post","type-post","status-publish","format-standard","has-post-thumbnail","hentry","category-manolo-garcia"],"_links":{"self":[{"href":"https:\/\/www.manologarciaycia.com\/index.php?rest_route=\/wp\/v2\/posts\/23844","targetHints":{"allow":["GET"]}}],"collection":[{"href":"https:\/\/www.manologarciaycia.com\/index.php?rest_route=\/wp\/v2\/posts"}],"about":[{"href":"https:\/\/www.manologarciaycia.com\/index.php?rest_route=\/wp\/v2\/types\/post"}],"author":[{"embeddable":true,"href":"https:\/\/www.manologarciaycia.com\/index.php?rest_route=\/wp\/v2\/users\/2"}],"replies":[{"embeddable":true,"href":"https:\/\/www.manologarciaycia.com\/index.php?rest_route=%2Fwp%2Fv2%2Fcomments&post=23844"}],"version-history":[{"count":1,"href":"https:\/\/www.manologarciaycia.com\/index.php?rest_route=\/wp\/v2\/posts\/23844\/revisions"}],"predecessor-version":[{"id":23845,"href":"https:\/\/www.manologarciaycia.com\/index.php?rest_route=\/wp\/v2\/posts\/23844\/revisions\/23845"}],"wp:featuredmedia":[{"embeddable":true,"href":"https:\/\/www.manologarciaycia.com\/index.php?rest_route=\/wp\/v2\/media\/23846"}],"wp:attachment":[{"href":"https:\/\/www.manologarciaycia.com\/index.php?rest_route=%2Fwp%2Fv2%2Fmedia&parent=23844"}],"wp:term":[{"taxonomy":"category","embeddable":true,"href":"https:\/\/www.manologarciaycia.com\/index.php?rest_route=%2Fwp%2Fv2%2Fcategories&post=23844"},{"taxonomy":"post_tag","embeddable":true,"href":"https:\/\/www.manologarciaycia.com\/index.php?rest_route=%2Fwp%2Fv2%2Ftags&post=23844"}],"curies":[{"name":"wp","href":"https:\/\/api.w.org\/{rel}","templated":true}]}}