{"id":23841,"date":"2024-04-22T13:23:36","date_gmt":"2024-04-22T11:23:36","guid":{"rendered":"https:\/\/www.manologarciaycia.com\/?p=23841"},"modified":"2024-04-22T13:23:38","modified_gmt":"2024-04-22T11:23:38","slug":"manolo-garcia-arrasa-en-la-presentacion-de-su-gira-2024-en-albacete-las-fotos-del-llenazo","status":"publish","type":"post","link":"https:\/\/www.manologarciaycia.com\/?p=23841","title":{"rendered":"Manolo Garc\u00eda arrasa en la presentaci\u00f3n de su Gira 2024 en Albacete: las fotos del llenazo"},"content":{"rendered":"\n<p>El concierto de Manolo Garc\u00eda, dentro de la programaci\u00f3n de la Primavera Cultural del Ayuntamiento, consigui\u00f3 un \u00e9xito indiscutible con llenazo en la Plaza de Toros de Albacete.<\/p>\n\n\n\n<p id=\"paragraph_1\">El concierto del cantante\u00a0<strong>Manolo Garc\u00eda<\/strong>\u00a0consigui\u00f3 en la noche de este s\u00e1bado\u00a0<strong>un \u00e9xito rotundo e indiscutible a su paso por nuestra ciudad, llenando la Plaza de Toros de\u00a0Albacete\u00a0<\/strong>durante el concierto que ofreci\u00f3 dentro de la programaci\u00f3n de la Primavera Cultural del Ayuntamiento.<\/p>\n\n\n\n<p id=\"paragraph_2\">Una&nbsp;<strong>experiencia musical inolvidable para los miles de albacete\u00f1os<\/strong>&nbsp;que asistieron al concierto de Manolo Garc\u00eda para disfrutar de la presentaci\u00f3n de su Gira 2024 en formato el\u00e9ctrico, tras agotar entradas en todos los conciertos en su anterior Gira de Teatros.<\/p>\n\n\n\n<p id=\"paragraph_3\">Una nueva propuesta de directo, con una puesta en escena renovada, que no dej\u00f3 indiferente a nadie, donde el artista interpret\u00f3 en directo los \u00e9xitos de su \u00faltimo doble \u00e1lbum de estudio,&nbsp;<strong>\u00abMi Vida en Marte\u00bb y \u00abDesatinos Desplumados\u00bb, que ha batido r\u00e9cords de venta, junto a los cl\u00e1sicos de su dilatada carrera<\/strong>&nbsp;musical.&nbsp;<strong>Las fotograf\u00edas son de Luis Garc\u00eda<\/strong>.<\/p>\n\n\n\n<ul class=\"wp-block-list\">\n<li><img loading=\"lazy\" decoding=\"async\" width=\"1706\" height=\"1280\" src=\"https:\/\/s1.elespanol.com\/2024\/04\/21\/eldigitalcastillalamancha\/multimedia\/galeria-de-imagenes\/849425308_241709178_1706x1280.jpg\" alt=\"\">1 de 5Manolo Garc\u00eda arrasa en la presentaci\u00f3n de su Gira 2024 en Albacete: las fotos del llenazo<\/li>\n\n\n\n<li><img loading=\"lazy\" decoding=\"async\" width=\"1706\" height=\"1280\" src=\"https:\/\/s1.elespanol.com\/2024\/04\/21\/eldigitalcastillalamancha\/multimedia\/galeria-de-imagenes\/849425309_241709207_1706x1280.jpg\" alt=\"\">2 de 5Manolo Garc\u00eda arrasa en la presentaci\u00f3n de su Gira 2024 en Albacete: las fotos del llenazo<\/li>\n\n\n\n<li><img loading=\"lazy\" decoding=\"async\" width=\"1706\" height=\"1280\" src=\"https:\/\/s1.elespanol.com\/2024\/04\/21\/eldigitalcastillalamancha\/multimedia\/galeria-de-imagenes\/849425310_241709236_1706x1280.jpg\" alt=\"\">3 de 5Manolo Garc\u00eda arrasa en la presentaci\u00f3n de su Gira 2024 en Albacete: las fotos del llenazo<\/li>\n\n\n\n<li><img loading=\"lazy\" decoding=\"async\" width=\"1706\" height=\"1280\" src=\"https:\/\/s1.elespanol.com\/2024\/04\/21\/eldigitalcastillalamancha\/multimedia\/galeria-de-imagenes\/849425311_241709265_1706x1280.jpg\" alt=\"\">4 de 5Manolo Garc\u00eda arrasa en la presentaci\u00f3n de su Gira 2024 en Albacete: las fotos del llenazo<\/li>\n\n\n\n<li><\/li>\n\n\n\n<li><img loading=\"lazy\" decoding=\"async\" width=\"1280\" height=\"1706\" src=\"https:\/\/s1.elespanol.com\/2024\/04\/21\/eldigitalcastillalamancha\/multimedia\/galeria-de-imagenes\/849425312_241709297_1280x1706.jpg\" alt=\"\"><\/li>\n<\/ul>\n\n\n\n<p>Fuente: El Espa\u00f1ol &#8211; Luis Garcia &#8211; Enlace: <a href=\"https:\/\/www.elespanol.com\/eldigitalcastillalamancha\/multimedia\/galeria-de-imagenes\/20240421\/manolo-garcia-arrasa-presentacion-gira-albacete-fotos-llenazo\/849445054_3.html#img_5\">Manolo Garc\u00eda arrasa en la presentaci\u00f3n de su Gira 2024 en Albacete: las fotos del llenazo (elespanol.com)<\/a><\/p>\n","protected":false},"excerpt":{"rendered":"<p>El concierto de Manolo Garc\u00eda, dentro de la programaci\u00f3n de la Primavera Cultural del Ayuntamiento, consigui\u00f3 un \u00e9xito indiscutible con llenazo en la Plaza de Toros de Albacete. El concierto del cantante\u00a0Manolo Garc\u00eda\u00a0consigui\u00f3 en la noche de este s\u00e1bado\u00a0un \u00e9xito rotundo e indiscutible a su paso por nuestra ciudad, llenando la Plaza de Toros de\u00a0Albacete\u00a0durante<a class=\"moretag\" href=\"https:\/\/www.manologarciaycia.com\/?p=23841\" title=\"Manolo Garc\u00eda arrasa en la presentaci\u00f3n de su Gira 2024 en Albacete: las fotos del llenazo\" target=\"_self\" rel=\"follow\"> <font face=arial size=2>[Leer m\u00e1s]<\/font> <\/a><\/p>\n","protected":false},"author":2,"featured_media":23842,"comment_status":"closed","ping_status":"closed","sticky":false,"template":"","format":"standard","meta":{"footnotes":""},"categories":[1],"tags":[],"class_list":["post-23841","post","type-post","status-publish","format-standard","has-post-thumbnail","hentry","category-manolo-garcia"],"_links":{"self":[{"href":"https:\/\/www.manologarciaycia.com\/index.php?rest_route=\/wp\/v2\/posts\/23841","targetHints":{"allow":["GET"]}}],"collection":[{"href":"https:\/\/www.manologarciaycia.com\/index.php?rest_route=\/wp\/v2\/posts"}],"about":[{"href":"https:\/\/www.manologarciaycia.com\/index.php?rest_route=\/wp\/v2\/types\/post"}],"author":[{"embeddable":true,"href":"https:\/\/www.manologarciaycia.com\/index.php?rest_route=\/wp\/v2\/users\/2"}],"replies":[{"embeddable":true,"href":"https:\/\/www.manologarciaycia.com\/index.php?rest_route=%2Fwp%2Fv2%2Fcomments&post=23841"}],"version-history":[{"count":1,"href":"https:\/\/www.manologarciaycia.com\/index.php?rest_route=\/wp\/v2\/posts\/23841\/revisions"}],"predecessor-version":[{"id":23843,"href":"https:\/\/www.manologarciaycia.com\/index.php?rest_route=\/wp\/v2\/posts\/23841\/revisions\/23843"}],"wp:featuredmedia":[{"embeddable":true,"href":"https:\/\/www.manologarciaycia.com\/index.php?rest_route=\/wp\/v2\/media\/23842"}],"wp:attachment":[{"href":"https:\/\/www.manologarciaycia.com\/index.php?rest_route=%2Fwp%2Fv2%2Fmedia&parent=23841"}],"wp:term":[{"taxonomy":"category","embeddable":true,"href":"https:\/\/www.manologarciaycia.com\/index.php?rest_route=%2Fwp%2Fv2%2Fcategories&post=23841"},{"taxonomy":"post_tag","embeddable":true,"href":"https:\/\/www.manologarciaycia.com\/index.php?rest_route=%2Fwp%2Fv2%2Ftags&post=23841"}],"curies":[{"name":"wp","href":"https:\/\/api.w.org\/{rel}","templated":true}]}}