{"id":23834,"date":"2024-04-13T11:07:23","date_gmt":"2024-04-13T09:07:23","guid":{"rendered":"https:\/\/www.manologarciaycia.com\/?p=23834"},"modified":"2024-04-13T11:07:25","modified_gmt":"2024-04-13T09:07:25","slug":"vivir-en-una-pantalla-es-un-desperdicio","status":"publish","type":"post","link":"https:\/\/www.manologarciaycia.com\/?p=23834","title":{"rendered":"\u00abVivir en una pantalla es un desperdicio\u00bb"},"content":{"rendered":"\n<h2 class=\"wp-block-heading\">Hoy empieza su gira en el Pabell\u00f3n de la Magdalena y promete que ser\u00e1 un concierto \u00abgeneroso\u00bb, al que le sacar\u00e1 \u00abel jugo\u00bb<\/h2>\n\n\n\n<p>Dice Manolo Garc\u00eda (Barcelona, 1955) que \u00abdonde hay mineros, se come bien\u00bb y, por eso, ya avisa de que este fin de semana se pasar\u00e1 por la Cuenca para disfrutar de alg\u00fan chigre. Ser\u00e1 esa su manera de coger fuerzas para subirse hoy al escenario del Pabell\u00f3n de Exposiciones de La Magdalena, a las 21 horas, y darlo todo en este concierto de inicio de gira.<\/p>\n\n\n\n<p>\u2013Empieza en Avil\u00e9s su gira por grandes recintos, \u00bfla coge con ganas?<\/p>\n\n\n\n<p>\u2013Los conciertos en vivo siempre se cogen con ganas porque es un milagro que unos hom\u00ednidos primarios bastante simples aporreen unos instrumentos y consigan que otros hom\u00ednidos igual de primarios gocen un rato y no molesten a nadie. La alegr\u00eda de las giras es alta, si no uno no se dedica a esto.<\/p>\n\n\n\n<p>\u2013\u00bfQu\u00e9 tienen de especial estos recintos frente a los teatros?<\/p>\n\n\n\n<p>\u2013Tienen una parte magn\u00edfica, un poquito histri\u00f3nica y grandilocuente porque hay una masa de gente aullando y bailando. Pero no nos enga\u00f1emos, un concierto \u00edntimo en un teatro tiene mejor respuesta de sonido y mayor cercan\u00eda, lo que hace que sea m\u00e1s emocionante. En los conciertos grandes, la emoci\u00f3n es individual. A m\u00ed me gustan las dos opciones, pero en los sitios grandes haces m\u00e1s ruido y, si eres joven, das m\u00e1s saltos.<\/p>\n\n\n\n<p id=\"textjs_Intext\">\u2013\u00bfHabr\u00e1 canciones de toda su carrera?<\/p>\n\n\n\n<p>\u2013S\u00ed, claro, eso es lo que espera el p\u00fablico y eso es lo que yo les doy con mucho gusto. Presentar\u00e9 lo nuevo, pero sin pasarme porque no pretendo dar la brasa. Intento hacer una propuesta razonable y que haya para todos los gustos. Lo mezclo todo porque puedo decir que es un concierto generoso. Cuando yo viajo a una ciudad, ya que voy, le saco el jugo, no hago un concierto de hora y media.<\/p>\n\n\n\n<p>\u2013Esta semana public\u00f3 EL COMERCIO que los hoteles de Avil\u00e9s hab\u00edan notado un aumento de reservas gracias a su concierto. \u00bfEsto demuestra que la cultura mueve la econom\u00eda?<\/p>\n\n\n\n<p>\u2013La cultura mueve mucho y tambi\u00e9n aprovecho para reivindicar que se nos trate bien con el IVA como en otros pa\u00edses. Si hay m\u00e1s eventos culturales, la rueda gira m\u00e1s y es beneficioso para todos, pero tienen que dejar que la rueda gire.<\/p>\n\n\n\n<p>\u2013Usted invita a dejar de lado el m\u00f3vil en sus conciertos, \u00bfnota que cada vez disfrutamos menos del directo?<\/p>\n\n\n\n<p>\u2013Yo no soy de prohibir, prefiero aleccionar sin adoctrinar. Yo en los conciertos, si alguien quiere hacer una foto o grabar algo para un amigo, lo entiendo. Lo que siento que es un desperdicio es pasarte el concierto grabando y vivir en una pantalla. Luego ya lo que digo cada noche es que no lo cuelguen en &#8216;Youtube&#8217; porque yo lo voy a quitar. Yo tengo mis derechos de imagen. Es que \u00bfc\u00f3mo puede ser que la imagen m\u00e1s vista de Juan Gabriel sea una en la que se cae? Eso es un escarnio. A m\u00ed me gustan el monte, los r\u00edos, los \u00e1rboles, la gente; pararme en una tabernucha a tomar algo, pero no estar todo el d\u00eda mirando chorradas.<\/p>\n\n\n\n<p>\u2013Con tantos conciertos, \u00bfest\u00e1 preparando nuevo disco?<\/p>\n\n\n\n<p>\u2013Estoy centrado en la gira, ser\u00eda Superman si tuviera tiempo. No negar\u00e9 que alguna cosina voy haciendo, pero a ritmo tranquilo, a\u00fan no estoy trabajando en serio, estoy trabajando en la gira porque quiero que cada noche todo el mundo salga contento.<\/p>\n\n\n\n<p>Fuente: El Comercio &#8211; Ana Ranera &#8211; <a href=\"https:\/\/www.elcomercio.es\/culturas\/musica\/vivir-pantalla-desperdicio-20240413230016-nt.html\" target=\"_blank\" rel=\"noreferrer noopener\">\u00abVivir en una pantalla es un desperdicio\u00bb | El Comercio: Diario de Asturias<\/a><\/p>\n\n\n\n<p><a href=\"https:\/\/www.elcomercio.es\/autor\/ana-ranera-3536.html\"><\/a><\/p>\n","protected":false},"excerpt":{"rendered":"<p>Hoy empieza su gira en el Pabell\u00f3n de la Magdalena y promete que ser\u00e1 un concierto \u00abgeneroso\u00bb, al que le sacar\u00e1 \u00abel jugo\u00bb Dice Manolo Garc\u00eda (Barcelona, 1955) que \u00abdonde hay mineros, se come bien\u00bb y, por eso, ya avisa de que este fin de semana se pasar\u00e1 por la Cuenca para disfrutar de alg\u00fan<a class=\"moretag\" href=\"https:\/\/www.manologarciaycia.com\/?p=23834\" title=\"\u00abVivir en una pantalla es un desperdicio\u00bb\" target=\"_self\" rel=\"follow\"> <font face=arial size=2>[Leer m\u00e1s]<\/font> <\/a><\/p>\n","protected":false},"author":2,"featured_media":23835,"comment_status":"closed","ping_status":"closed","sticky":false,"template":"","format":"standard","meta":{"footnotes":""},"categories":[1],"tags":[],"class_list":["post-23834","post","type-post","status-publish","format-standard","has-post-thumbnail","hentry","category-manolo-garcia"],"_links":{"self":[{"href":"https:\/\/www.manologarciaycia.com\/index.php?rest_route=\/wp\/v2\/posts\/23834","targetHints":{"allow":["GET"]}}],"collection":[{"href":"https:\/\/www.manologarciaycia.com\/index.php?rest_route=\/wp\/v2\/posts"}],"about":[{"href":"https:\/\/www.manologarciaycia.com\/index.php?rest_route=\/wp\/v2\/types\/post"}],"author":[{"embeddable":true,"href":"https:\/\/www.manologarciaycia.com\/index.php?rest_route=\/wp\/v2\/users\/2"}],"replies":[{"embeddable":true,"href":"https:\/\/www.manologarciaycia.com\/index.php?rest_route=%2Fwp%2Fv2%2Fcomments&post=23834"}],"version-history":[{"count":1,"href":"https:\/\/www.manologarciaycia.com\/index.php?rest_route=\/wp\/v2\/posts\/23834\/revisions"}],"predecessor-version":[{"id":23836,"href":"https:\/\/www.manologarciaycia.com\/index.php?rest_route=\/wp\/v2\/posts\/23834\/revisions\/23836"}],"wp:featuredmedia":[{"embeddable":true,"href":"https:\/\/www.manologarciaycia.com\/index.php?rest_route=\/wp\/v2\/media\/23835"}],"wp:attachment":[{"href":"https:\/\/www.manologarciaycia.com\/index.php?rest_route=%2Fwp%2Fv2%2Fmedia&parent=23834"}],"wp:term":[{"taxonomy":"category","embeddable":true,"href":"https:\/\/www.manologarciaycia.com\/index.php?rest_route=%2Fwp%2Fv2%2Fcategories&post=23834"},{"taxonomy":"post_tag","embeddable":true,"href":"https:\/\/www.manologarciaycia.com\/index.php?rest_route=%2Fwp%2Fv2%2Ftags&post=23834"}],"curies":[{"name":"wp","href":"https:\/\/api.w.org\/{rel}","templated":true}]}}