{"id":23827,"date":"2024-04-10T12:00:00","date_gmt":"2024-04-10T10:00:00","guid":{"rendered":"https:\/\/www.manologarciaycia.com\/?p=23827"},"modified":"2024-04-10T07:51:05","modified_gmt":"2024-04-10T05:51:05","slug":"nuevas-entradas-para-valencia-8-junio-a-la-venta","status":"publish","type":"post","link":"https:\/\/www.manologarciaycia.com\/?p=23827","title":{"rendered":"Nuevas entradas para Valencia 8 Junio a la venta!"},"content":{"rendered":"\n<p>Nuevas entradas a la venta para Manolo Garc\u00eda en Valencia el 8 de junio!!<\/p>\n\n\n\n<p>Despu\u00e9s de colgar el cartel de \u201cEntradas agotadas\u201d en Valencia, desde la organizaci\u00f3n del citado concierto informan que con motivo de la remodelaci\u00f3n del entorno de la Plaza de Toros por las obras de la nueva l\u00ednea de metro y tras realizar una serie de ajustes de producci\u00f3n, se han podido poner a la venta unas \u00faltimas entradas.<\/p>\n\n\n\n<p>A la venta Jueves 11\/4\/2024 a las 12:00h en <a href=\"https:\/\/www.manolo-garcia.com\/conciertos\" target=\"_blank\" rel=\"noreferrer noopener\">https:\/\/www.manolo-garcia.com\/conciertos <\/a>y plataformas habituales (por ejemplo Ticketmaster)<\/p>\n","protected":false},"excerpt":{"rendered":"<p>Nuevas entradas a la venta para Manolo Garc\u00eda en Valencia el 8 de junio!! Despu\u00e9s de colgar el cartel de \u201cEntradas agotadas\u201d en Valencia, desde la organizaci\u00f3n del citado concierto informan que con motivo de la remodelaci\u00f3n del entorno de la Plaza de Toros por las obras de la nueva l\u00ednea de metro y tras<a class=\"moretag\" href=\"https:\/\/www.manologarciaycia.com\/?p=23827\" title=\"Nuevas entradas para Valencia 8 Junio a la venta!\" target=\"_self\" rel=\"follow\"> <font face=arial size=2>[Leer m\u00e1s]<\/font> <\/a><\/p>\n","protected":false},"author":2,"featured_media":23828,"comment_status":"closed","ping_status":"closed","sticky":false,"template":"","format":"standard","meta":{"footnotes":""},"categories":[1],"tags":[],"class_list":["post-23827","post","type-post","status-publish","format-standard","has-post-thumbnail","hentry","category-manolo-garcia"],"_links":{"self":[{"href":"https:\/\/www.manologarciaycia.com\/index.php?rest_route=\/wp\/v2\/posts\/23827","targetHints":{"allow":["GET"]}}],"collection":[{"href":"https:\/\/www.manologarciaycia.com\/index.php?rest_route=\/wp\/v2\/posts"}],"about":[{"href":"https:\/\/www.manologarciaycia.com\/index.php?rest_route=\/wp\/v2\/types\/post"}],"author":[{"embeddable":true,"href":"https:\/\/www.manologarciaycia.com\/index.php?rest_route=\/wp\/v2\/users\/2"}],"replies":[{"embeddable":true,"href":"https:\/\/www.manologarciaycia.com\/index.php?rest_route=%2Fwp%2Fv2%2Fcomments&post=23827"}],"version-history":[{"count":1,"href":"https:\/\/www.manologarciaycia.com\/index.php?rest_route=\/wp\/v2\/posts\/23827\/revisions"}],"predecessor-version":[{"id":23829,"href":"https:\/\/www.manologarciaycia.com\/index.php?rest_route=\/wp\/v2\/posts\/23827\/revisions\/23829"}],"wp:featuredmedia":[{"embeddable":true,"href":"https:\/\/www.manologarciaycia.com\/index.php?rest_route=\/wp\/v2\/media\/23828"}],"wp:attachment":[{"href":"https:\/\/www.manologarciaycia.com\/index.php?rest_route=%2Fwp%2Fv2%2Fmedia&parent=23827"}],"wp:term":[{"taxonomy":"category","embeddable":true,"href":"https:\/\/www.manologarciaycia.com\/index.php?rest_route=%2Fwp%2Fv2%2Fcategories&post=23827"},{"taxonomy":"post_tag","embeddable":true,"href":"https:\/\/www.manologarciaycia.com\/index.php?rest_route=%2Fwp%2Fv2%2Ftags&post=23827"}],"curies":[{"name":"wp","href":"https:\/\/api.w.org\/{rel}","templated":true}]}}