{"id":23824,"date":"2024-04-04T07:30:11","date_gmt":"2024-04-04T05:30:11","guid":{"rendered":"https:\/\/www.manologarciaycia.com\/?p=23824"},"modified":"2024-04-04T07:30:14","modified_gmt":"2024-04-04T05:30:14","slug":"la-propuesta-musical-actual-es-de-usar-y-tirar-de-consumo-rapido-e-inacabado","status":"publish","type":"post","link":"https:\/\/www.manologarciaycia.com\/?p=23824","title":{"rendered":"\u00abLa propuesta musical actual es de usar y tirar, de consumo r\u00e1pido e inacabado\u00bb"},"content":{"rendered":"\n<p>EL M\u00daSICO DAR\u00c1 UN CONCIERTO EL PR\u00d3XIMO S\u00c1BADO EN LA PLAZA DE TOROS DE CASTELL\u00d3<\/p>\n\n\n\n<p><strong>Manolo Garc\u00eda<\/strong>&nbsp;es un tipo especial. Alguien capaz de, tras cuatro d\u00e9cadas de carrera musical, seguir llenando recintos de conciertos a su paso. Como si no costara. Primero bajo el grupo&nbsp;<strong>Los R\u00e1pidos<\/strong>, luego de la mano de&nbsp;<strong>El \u00daltimo de la Fila<\/strong>, para posteriormente iniciar una exitosa carrera en solitario.&nbsp;<\/p>\n\n\n\n<p>Muchos de sus temas ser\u00e1n recordados para siempre. Seguro que todos, en alg\u00fan momento, han escuchado o cantado &#8216;P\u00e1jaros de barro&#8217;, &#8216;A San Fernando, un ratito a pie y otro caminando&#8217; o &#8216;Nunca el tiempo es perdido&#8217;. Ah\u00ed reside su grandeza. En crear canciones duraderas. Canciones que pasan de generaci\u00f3n en generaci\u00f3n.&nbsp;<\/p>\n\n\n\n<p>Ahora, Manolo Garc\u00eda regresa a&nbsp;<strong>Castell\u00f3<\/strong>. Lo hace casi cinco a\u00f1os despu\u00e9s de su \u00faltimo concierto en la localidad. El 1 de julio de 2019 actu\u00f3 el cantautor en la&nbsp;<strong>Plaza de Toros<\/strong>&nbsp;de Castell\u00f3. Mismo escenario donde el s\u00e1bado, a las 22:00 de la noche, comparecer\u00e1 ante su p\u00fablico. Pero antes, el m\u00fasico ha dedicado un rato de su tiempo a charlar con&nbsp;<em>Castell\u00f3n Plaza<\/em>.&nbsp;<\/p>\n\n\n\n<p><strong>P. Veintis\u00e9is a\u00f1os han pasado desde que decidi\u00f3 dejar de formar parte de El \u00daltimo de la Fila. \u00bfQu\u00e9 recuerdos le trae aquel momento? Visto con perspectiva, acert\u00f3 de lleno con la decisi\u00f3n\u2026&nbsp;<\/strong><\/p>\n\n\n\n<p>Fue un periodo maravilloso. Diecisiete a\u00f1os de una tarea que dio alegr\u00edas a much\u00edsima gente, pero en esta vida todo termina. Los inicios de algo nuevo son inciertos y a la vez excitantes. Empiezas a adentrarte en un terreno desconocido. Inici\u00e9 mi nueva etapa cargado de ilusi\u00f3n y tuve la suerte de acertar con mi primer disco en solitario.&nbsp;<\/p>\n\n\n\n<p><strong>P. Durante su camino, ha creado canciones que a d\u00eda de hoy son historia del panorama musical espa\u00f1ol, como &#8216;P\u00e1jaros de barro&#8217;, &#8216;A San Fernando, un ratito a pie y otro caminando&#8217; o &#8216;Nunca el tiempo es perdido&#8217;. \u00bfC\u00f3mo se llega hasta ellos? \u00bfImaginaba en lo que se iban a convertir durante los procesos de composici\u00f3n y producci\u00f3n?&nbsp;<\/strong><\/p>\n\n\n\n<p>No ten\u00eda ni idea. Yo trabajaba para llenar mi ma\u00f1ana, sin pensar en listas de \u00e9xitos ni fama. Solo buscaba ser feliz. Liberarme de la angustia de sentirme un trapo utilizado por los poderes que est\u00e1n ah\u00ed arriba, que dictan en cada momento lo que tenemos que hacer. De ah\u00ed, casualmente, surge &#8216;San Fernando&#8217; o &#8216;P\u00e1jaros de barro&#8217;. Lo hago como defensa, para defenderme, sentirme libre y humano. &nbsp;<\/p>\n\n\n\n<p><strong>P. En 2022 sac\u00f3 dos nuevos \u00e1lbumes, &#8216;Mi vida en Marte&#8217; y &#8216;Destinos Desplumados&#8217;. Un total de 27 canciones re\u00fanen entre ambos. Tras tantos a\u00f1os de \u00e9xitos y carrera musical, \u00bfqu\u00e9 le motiva para seguir componiendo y creando m\u00fasica?&nbsp;<\/strong><\/p>\n\n\n\n<p>Mi dedicaci\u00f3n absoluta al arte, a mi pretendido arte, que para m\u00ed es un regalo.&nbsp;Mi obligaci\u00f3n es intentar aportar a mis convecinos algo luminoso.&nbsp;Ya hay bastantes problemas en el mundo. Me mueve el dar &#8216;vidilla&#8217; a las personas.&nbsp;Cada ciudadano de a pie intentamos aportar simpat\u00eda, amor, un poco de luz y brillo a la vida.&nbsp;<\/p>\n\n\n\n<p>Cada vez tengo m\u00e1s ganas de componer, de meterme en el estudio, soy m\u00e1s consciente de la suerte que tengo y de la felicidad que da crear. No me canso de hacer canciones. Y no solo eso, si no que ya estoy trabajando en canciones nuevas. En el estudio soy feliz.&nbsp;<\/p>\n\n\n\n<p><strong>P. El 21 de noviembre anunci\u00f3 su nueva Gira para 2024, todo despu\u00e9s del \u00e9xito que tuvo con su Gira de Teatros, en la que sus seguidores agotaron las entradas en todas las ciudades en las que actu\u00f3. Tras tantos a\u00f1os de carrera musical, \u00bfqu\u00e9 siente al ver que su m\u00fasica sigue gustando, que su mensaje a\u00fan no se ha agotado? &nbsp;<\/strong><\/p>\n\n\n\n<p>Mucha alegr\u00eda. Cobra sentido mi trabajo. Saber que mis discos y canciones llegan a la gente y que disfrutan de ellas es una gran alegr\u00eda. Un incentivo, un plus. Una forma de apoyo, de no sentirme solo.&nbsp;<\/p>\n\n\n\n<p><strong>P. En el comunicado en el que anuncia su nueva gira podemos leer la siguiente frase: \u00abEl artista presenta una nueva propuesta de directo con una puesta en escena renovada\u00bb. \u00bfEn qu\u00e9 consiste esta nueva propuesta?<\/strong><\/p>\n\n\n\n<p>Consiste en intentar ser diferente. No solo en proyectar im\u00e1genes grandes para la gente que est\u00e1 lejos. Busco algo m\u00e1s, una escenograf\u00eda inteligente. Creatividad en lo que al imaginario visual se refiere. A mi me gusta que el escenario sea un lugar especial para el m\u00fasico. Me gusta darle un toque personal, por ejemplo, con &#8216;figurillas&#8217; hechas por mi expuestas. Y, para ello, no necesariamente debe haber una apocalipsis de luces y efectos. Esta es mi propuesta.&nbsp;<\/p>\n\n\n\n<p><strong>Manolo Garc\u00eda, durante un concierto en Sanl\u00facar de Barrameda. Gus Alves<\/strong><\/p>\n\n\n\n<p><strong>P. Hoy en d\u00eda, se le da cada vez m\u00e1s importancia a la salud mental. La vida del artista es complicada, un no parar. Multitud de giras, conciertos y todo bajo la atenta mirada del p\u00fablico, que juzga cada actuaci\u00f3n tanto para bien como para mal. \u00bfEch\u00f3 en falta a\u00f1os atr\u00e1s una sociedad m\u00e1s concienciada al respecto? \u00bfC\u00f3mo pasa factura dicha exigencia a nivel mental?&nbsp;<\/strong><\/p>\n\n\n\n<p>Todo depende de si uno ha sido razonable en su vida art\u00edstica o si se ha maltratado. Quien pretenda no parar nunca de hacer conciertos va a entrar en un deterioro mental y f\u00edsico. La \u00fanica manera es, como yo he hecho, alternar periodos. Tocar, parar y componer para despu\u00e9s buscar la tranquilidad y dejar de ejercer de m\u00fasico por un tiempo. Siempre me he cuidado por respeto a m\u00ed mismo y al p\u00fablico.&nbsp;<\/p>\n\n\n\n<p><strong>P. Desde sus inicios hasta ahora, la industria musical ha cambiado en muchos aspectos. El contar historias ha perdido valor. Ahora el objetivo es hacer productos comerciales, que vendan y alcancen un gran n\u00fameros de reproducciones \u00bfLe convence?&nbsp;<\/strong><\/p>\n\n\n\n<p>A m\u00ed no me interesa nada. Creo que es un enga\u00f1o y un menoscabo para la poblaci\u00f3n. Venimos de un tiempo en el que la m\u00fasica popular aporta reflexi\u00f3n y sue\u00f1o, y ahora ha pasado a ser una herramienta m\u00e1s de distracci\u00f3n, a estar vac\u00eda. En general, la propuesta actual es af\u00f3nica, no llega. Es de usar y tirar, de consumo r\u00e1pido e inacabado.&nbsp;<\/p>\n\n\n\n<p><strong>P. Cuando a\u00fan era miembro de El \u00daltimo de la Fila, compuso una canci\u00f3n, &#8216;Como un Burro Amarrado En La Puerta Del Baile&#8217;, que dec\u00eda lo siguiente: \u00abLl\u00e9vame al cine, amor, y a comer un arrocito a Castell\u00f3\u00bb. \u00bfSignifica eso que le gusta Castell\u00f3?<\/strong><\/p>\n\n\n\n<p>Esta frase viene de un concierto en el que estuvimos tocando aqu\u00ed El \u00daltimo de la Fila y alguien de la organizaci\u00f3n nos llev\u00f3 a comer arroz a la zona del puerto. Fue una experiencia estupenda y pasamos un d\u00eda fabuloso. El arroz, adem\u00e1s, estaba riqu\u00edsimo. Por eso introduje esa frase en la canci\u00f3n.&nbsp;<\/p>\n\n\n\n<p><strong>P. Su \u00faltimo concierto aqu\u00ed fue el 1 de julio de 2019. \u00bfQu\u00e9 recuerdos guarda de aquel d\u00eda?<\/strong><\/p>\n\n\n\n<p>Recuerdo la Plaza de Toros a tope y la gente volcada cantando. Me lo pas\u00e9 incre\u00edblemente bien. Tambi\u00e9n recuerdo perfectamente que volv\u00ed a comer arroz. Cada vez que vengo quiero probar el arroz.&nbsp;<\/p>\n\n\n\n<p><strong>P. \u00bfLe pondr\u00eda alg\u00fan &#8216;pero&#8217; a su carrera? \u00bfCree que le falta o le ha faltado algo por hacer?&nbsp;<\/strong><\/p>\n\n\n\n<p>Estoy muy contento con todo lo que me ha pasado, sobradamente agradecido. Ni en mis mejores sue\u00f1os habr\u00eda imaginado tener una carrera tan larga. Me ha sucedido esto y no quito ni pongo nada. Ha sido estupendo. Lo he disfrutado y lo estoy disfrutando. \u00bfSi me falta algo por hacer? Una canci\u00f3n perfecta.&nbsp;<\/p>\n\n\n\n<p><strong>P. \u00bfHasta cu\u00e1ndo vamos a ver a Manolo Garc\u00eda? Tras sus giras y lanzamientos recientes, parece que le queda cuerda para rato\u2026&nbsp;<\/strong><\/p>\n\n\n\n<p>Eso solo los dioses lo saben. Por ganas no ser\u00e1. Sigo por pasi\u00f3n por la m\u00fasica. Era mi pasi\u00f3n de joven, tir\u00e9 por este camino y sigo siendo el mismo. La m\u00fasica me apasiona. Me da vida. Y lo que te da vida nunca lo abandonas.\u00a0<\/p>\n\n\n\n<p>Fuente: Castell\u00f3 Plaza &#8211; Pau S\u00e1nchez &#8211; <a href=\"https:\/\/castellonplaza.com\/manolo-garcia-propuesta-musical-actual-es-usar-y-tirar-consumo-rapido-inacabado\" target=\"_blank\" rel=\"noreferrer noopener\">Manolo Garc\u00eda: \u00abLa propuesta musical actual es de usar y tirar, de consumo r\u00e1pido e inacabado\u00bb &#8211; Castellonplaza<\/a>  <\/p>\n","protected":false},"excerpt":{"rendered":"<p>EL M\u00daSICO DAR\u00c1 UN CONCIERTO EL PR\u00d3XIMO S\u00c1BADO EN LA PLAZA DE TOROS DE CASTELL\u00d3 Manolo Garc\u00eda&nbsp;es un tipo especial. Alguien capaz de, tras cuatro d\u00e9cadas de carrera musical, seguir llenando recintos de conciertos a su paso. Como si no costara. Primero bajo el grupo&nbsp;Los R\u00e1pidos, luego de la mano de&nbsp;El \u00daltimo de la Fila,<a class=\"moretag\" href=\"https:\/\/www.manologarciaycia.com\/?p=23824\" title=\"\u00abLa propuesta musical actual es de usar y tirar, de consumo r\u00e1pido e inacabado\u00bb\" target=\"_self\" rel=\"follow\"> <font face=arial size=2>[Leer m\u00e1s]<\/font> <\/a><\/p>\n","protected":false},"author":2,"featured_media":23825,"comment_status":"closed","ping_status":"closed","sticky":false,"template":"","format":"standard","meta":{"footnotes":""},"categories":[1],"tags":[],"class_list":["post-23824","post","type-post","status-publish","format-standard","has-post-thumbnail","hentry","category-manolo-garcia"],"_links":{"self":[{"href":"https:\/\/www.manologarciaycia.com\/index.php?rest_route=\/wp\/v2\/posts\/23824","targetHints":{"allow":["GET"]}}],"collection":[{"href":"https:\/\/www.manologarciaycia.com\/index.php?rest_route=\/wp\/v2\/posts"}],"about":[{"href":"https:\/\/www.manologarciaycia.com\/index.php?rest_route=\/wp\/v2\/types\/post"}],"author":[{"embeddable":true,"href":"https:\/\/www.manologarciaycia.com\/index.php?rest_route=\/wp\/v2\/users\/2"}],"replies":[{"embeddable":true,"href":"https:\/\/www.manologarciaycia.com\/index.php?rest_route=%2Fwp%2Fv2%2Fcomments&post=23824"}],"version-history":[{"count":1,"href":"https:\/\/www.manologarciaycia.com\/index.php?rest_route=\/wp\/v2\/posts\/23824\/revisions"}],"predecessor-version":[{"id":23826,"href":"https:\/\/www.manologarciaycia.com\/index.php?rest_route=\/wp\/v2\/posts\/23824\/revisions\/23826"}],"wp:featuredmedia":[{"embeddable":true,"href":"https:\/\/www.manologarciaycia.com\/index.php?rest_route=\/wp\/v2\/media\/23825"}],"wp:attachment":[{"href":"https:\/\/www.manologarciaycia.com\/index.php?rest_route=%2Fwp%2Fv2%2Fmedia&parent=23824"}],"wp:term":[{"taxonomy":"category","embeddable":true,"href":"https:\/\/www.manologarciaycia.com\/index.php?rest_route=%2Fwp%2Fv2%2Fcategories&post=23824"},{"taxonomy":"post_tag","embeddable":true,"href":"https:\/\/www.manologarciaycia.com\/index.php?rest_route=%2Fwp%2Fv2%2Ftags&post=23824"}],"curies":[{"name":"wp","href":"https:\/\/api.w.org\/{rel}","templated":true}]}}