{"id":23814,"date":"2024-03-19T12:00:38","date_gmt":"2024-03-19T11:00:38","guid":{"rendered":"https:\/\/www.manologarciaycia.com\/?p=23814"},"modified":"2024-03-19T12:00:40","modified_gmt":"2024-03-19T11:00:40","slug":"manolo-garcia-el-tabano-social","status":"publish","type":"post","link":"https:\/\/www.manologarciaycia.com\/?p=23814","title":{"rendered":"Manolo Garc\u00eda, el t\u00e1bano social"},"content":{"rendered":"\n<p>El artista, siempre fiel a su discurso ecogista, nos pone frente al espejo de nuestros errores y lanza un mensaje conservacionista<\/p>\n\n\n\n<p>Recuerdo la frase del poeta&nbsp;<strong>Gabriel Celaya<\/strong>&nbsp;que dec\u00eda aquello de \u00abtomar partido hasta mancharse\u00bb. El caso del m\u00fasico&nbsp;<a href=\"https:\/\/www.elperiodicoextremadura.com\/tags\/manolo-garcia\/\" rel=\"noreferrer noopener\" target=\"_blank\"><strong>Manolo Garc\u00eda<\/strong><\/a>, que pas\u00f3 este fin de semana por C\u00e1ceres, es paradigm\u00e1tico en este sentido. No voy a glosar su concierto, que&nbsp;<a href=\"https:\/\/www.elperiodicoextremadura.com\/caceres-local\/2024\/03\/16\/manolo-garcia-caceres-cuidad-tierra-99580605.html\" rel=\"noreferrer noopener\" target=\"_blank\"><strong>ya se ha hecho con acierto<\/strong><\/a>. Pondr\u00e9 la lupa en sus meditadas palabras entre una canci\u00f3n y otra, en las que rezuma un mensaje repleto de autenticidad.<\/p>\n\n\n\n<p><strong>Lo primero que destaca es a qui\u00e9n iba dedicado el recital: a la Asociaci\u00f3n por la Defensa de la Naturaleza de Extremadura (Adenex) y a los peque\u00f1os y medianos agricultores.<\/strong>&nbsp;A\u00f1ade que lo viene haciendo siempre as\u00ed. Es fiel a su palabra. Recuerdo hace a\u00f1os un concierto en el h\u00edpico de C\u00e1ceres donde hizo esa misma dedicatoria y en el que sac\u00f3 una pancarta contra la refiner\u00eda. Aquello le granje\u00f3 no pocas enemistades con el poder pol\u00edtico. El s\u00e1bado, desde las primeras canciones, refrend\u00f3 su apoyo a las movilizaciones de los agricultores, que forman parte del primer eslab\u00f3n de la cadena vital del ser humano.<\/p>\n\n\n\n<p>La vocaci\u00f3n ecologista de Manolo Garc\u00eda es una de sus improntas y, de hecho, continu\u00f3 lanzando soflamas en este sentido. Lo primero que hizo fue alabar\u00a0<strong>\u00ablo bien que vivimos los extreme\u00f1os\u00bb<\/strong>, gracias a una naturaleza bien conservada como en ning\u00fan otro lugar de Europa. Sospecho que a Manolo Garc\u00eda le encantar\u00eda vivir aqu\u00ed. Despu\u00e9s, dio consejos sobre las llamadas energ\u00edas verdes o alternativas. Fue especialmente insistente en el lugar de ubicaci\u00f3n de las placas fotovoltaicas.\u00a0<strong>Afirma que tienen que colocarse en las medianas de las autopistas y en lugares ya perdidos desde el punto de vista conservacionista, \u00abcomo los pol\u00edgonos industriales\u00bb<\/strong>, pero no en los tejados de las casas de los hermosos pueblos extreme\u00f1os.\u00a0Y tambi\u00e9n le dio un repaso a la energ\u00eda e\u00f3lica: los molinos no deben instalarse en tierra firme, sino en el mar, donde no suponen un quebranto ni est\u00e9tico ni natural. Ay, Manolo, nunca te tomes vacaciones de ti mismo.\u00a0<strong>Eres como dec\u00eda S\u00f3crates, el t\u00e1bano social, el que recuerda a cada momento nuestros errores y nos pone frente a ellos como un espejo, el que denuncia las injusticias y plantea las preguntas que nos incomodan a todos.\u00a0<\/strong>Finalmente, de soslayo, se refiri\u00f3 al problema territorial: \u00ab<strong>solo s\u00e9 que solos no somos nada y que juntos se logran m\u00e1s cosas, como me sucede con mis m\u00fasicos\u00bb<\/strong>. Genio y figura. Y eso que estaba cojo y griposo.<br><\/p>\n\n\n\n<p>Fuente: Juan Jos\u00e9 Ventura &#8211; El Peri\u00f3dico de Extremadura &#8211; <a href=\"https:\/\/www.elperiodicoextremadura.com\/opinion\/2024\/03\/19\/manolo-garcia-tabano-social-99626697.html\" target=\"_blank\" rel=\"noreferrer noopener\">https:\/\/www.elperiodicoextremadura.com\/opinion\/2024\/03\/19\/manolo-garcia-tabano-social-99626697.html<\/a><\/p>\n","protected":false},"excerpt":{"rendered":"<p>El artista, siempre fiel a su discurso ecogista, nos pone frente al espejo de nuestros errores y lanza un mensaje conservacionista Recuerdo la frase del poeta&nbsp;Gabriel Celaya&nbsp;que dec\u00eda aquello de \u00abtomar partido hasta mancharse\u00bb. El caso del m\u00fasico&nbsp;Manolo Garc\u00eda, que pas\u00f3 este fin de semana por C\u00e1ceres, es paradigm\u00e1tico en este sentido. No voy a<a class=\"moretag\" href=\"https:\/\/www.manologarciaycia.com\/?p=23814\" title=\"Manolo Garc\u00eda, el t\u00e1bano social\" target=\"_self\" rel=\"follow\"> <font face=arial size=2>[Leer m\u00e1s]<\/font> <\/a><\/p>\n","protected":false},"author":2,"featured_media":23815,"comment_status":"closed","ping_status":"closed","sticky":false,"template":"","format":"standard","meta":{"footnotes":""},"categories":[1],"tags":[],"class_list":["post-23814","post","type-post","status-publish","format-standard","has-post-thumbnail","hentry","category-manolo-garcia"],"_links":{"self":[{"href":"https:\/\/www.manologarciaycia.com\/index.php?rest_route=\/wp\/v2\/posts\/23814","targetHints":{"allow":["GET"]}}],"collection":[{"href":"https:\/\/www.manologarciaycia.com\/index.php?rest_route=\/wp\/v2\/posts"}],"about":[{"href":"https:\/\/www.manologarciaycia.com\/index.php?rest_route=\/wp\/v2\/types\/post"}],"author":[{"embeddable":true,"href":"https:\/\/www.manologarciaycia.com\/index.php?rest_route=\/wp\/v2\/users\/2"}],"replies":[{"embeddable":true,"href":"https:\/\/www.manologarciaycia.com\/index.php?rest_route=%2Fwp%2Fv2%2Fcomments&post=23814"}],"version-history":[{"count":1,"href":"https:\/\/www.manologarciaycia.com\/index.php?rest_route=\/wp\/v2\/posts\/23814\/revisions"}],"predecessor-version":[{"id":23816,"href":"https:\/\/www.manologarciaycia.com\/index.php?rest_route=\/wp\/v2\/posts\/23814\/revisions\/23816"}],"wp:featuredmedia":[{"embeddable":true,"href":"https:\/\/www.manologarciaycia.com\/index.php?rest_route=\/wp\/v2\/media\/23815"}],"wp:attachment":[{"href":"https:\/\/www.manologarciaycia.com\/index.php?rest_route=%2Fwp%2Fv2%2Fmedia&parent=23814"}],"wp:term":[{"taxonomy":"category","embeddable":true,"href":"https:\/\/www.manologarciaycia.com\/index.php?rest_route=%2Fwp%2Fv2%2Fcategories&post=23814"},{"taxonomy":"post_tag","embeddable":true,"href":"https:\/\/www.manologarciaycia.com\/index.php?rest_route=%2Fwp%2Fv2%2Ftags&post=23814"}],"curies":[{"name":"wp","href":"https:\/\/api.w.org\/{rel}","templated":true}]}}