{"id":23807,"date":"2024-03-11T12:11:36","date_gmt":"2024-03-11T11:11:36","guid":{"rendered":"https:\/\/www.manologarciaycia.com\/?p=23807"},"modified":"2024-03-11T12:11:39","modified_gmt":"2024-03-11T11:11:39","slug":"manolo-garcia-el-ser-humano-no-esta-disenado-para-correr-tanto","status":"publish","type":"post","link":"https:\/\/www.manologarciaycia.com\/?p=23807","title":{"rendered":"Manolo Garc\u00eda: el ser humano no est\u00e1 dise\u00f1ado para correr tanto"},"content":{"rendered":"\n<p><span style=\"color: rgb(34, 34, 34); font-family: roboto, sans-serif; font-size: 17px; white-space-collapse: collapse;\">El cantante Manolo Garc\u00eda confiesa que le gusta m\u00e1s lo rural que las grandes ciudades \u201cpor pura l\u00f3gica\u201d, ya que, seg\u00fan ha asegurado, \u201ca diferencia de la gacela o del guepardo, el ser humano no est\u00e1 dise\u00f1ado para correr tanto\u201d.<\/span><p style=\"box-sizing: inherit; margin: 0px 0px 1.5em; padding: 0px; border: 0px; font-family: roboto, sans-serif; color: rgb(34, 34, 34); font-size: 17px; white-space-collapse: collapse;\">En una entrevista telef\u00f3nica con EFE con motivo de su actuaci\u00f3n en la poblaci\u00f3n pacense de Herrera del Duque, el artista barcelon\u00e9s ha reconocido que no le complace el \u201cfrenes\u00ed de la vida moderna\u201d porque no permite \u201cpaladear el tiempo\u201d.<\/p><p style=\"box-sizing: inherit; margin: 0px 0px 1.5em; padding: 0px; border: 0px; font-family: roboto, sans-serif; color: rgb(34, 34, 34); font-size: 17px; white-space-collapse: collapse;\">Manolo Garc\u00eda, que se define como \u201cn\u00f3mada f\u00edsico\u201d y cuando no viaja o act\u00faa \u201ctambi\u00e9n de esp\u00edritu\u201d, ha asegurado que se siente \u201cmuy c\u00f3modo y querido\u201d en Extremadura, donde dentro de su actual gira visitar\u00e1 tambi\u00e9n C\u00e1ceres el pr\u00f3ximo 16 de marzo.<\/p><p style=\"box-sizing: inherit; margin: 0px 0px 1.5em; padding: 0px; border: 0px; font-family: roboto, sans-serif; color: rgb(34, 34, 34); font-size: 17px; white-space-collapse: collapse;\">El m\u00edtico integrante de El Ultimo de la Fila conoce \u201cmuy bien\u201d la comunidad aut\u00f3noma, \u201cdesde Olivenza a Garciaz, adem\u00e1s de las grandes ciudades\u201d pues \u201cson muchos a\u00f1os tocando en Extremadura\u201d y \u201csiempre es muy gratificante conocer culturas, formas de vida y gastronom\u00eda\u201d.<\/p><h2 class=\"wp-block-heading\" id=\"h-culpa-a-las-administraciones-del-abandono-de-lo-rural\" style=\"box-sizing: inherit; margin: 0px 0px 20px; padding: 0px; border: 0px; font-family: Roboto, sans-serif; font-weight: 700; line-height: 1.2em; color: rgb(34, 34, 34); white-space-collapse: collapse; font-size: 28px !important;\">Culpa a las administraciones del abandono de lo rural<\/h2><p style=\"box-sizing: inherit; margin: 0px 0px 1.5em; padding: 0px; border: 0px; font-family: roboto, sans-serif; color: rgb(34, 34, 34); font-size: 17px; white-space-collapse: collapse;\">Por ello est\u00e1 al tanto de los problemas de infraestructuras de transporte de la regi\u00f3n y de que \u201cla comunicaci\u00f3n en ciertas zonas deja mucho que desear\u201d, ya que se han potenciado los corredores de las grandes ciudades mientras que hay espacios que se van despoblando y las administraciones abandonan.<\/p><p style=\"box-sizing: inherit; margin: 0px 0px 1.5em; padding: 0px; border: 0px; font-family: roboto, sans-serif; color: rgb(34, 34, 34); font-size: 17px; white-space-collapse: collapse;\">\u201cEs la problem\u00e1tica moderna de la deriva de la sociedad\u201d, ha afirmado el cantante, que con esta gira quiere concienciar sobre el calentamiento del planeta y de ah\u00ed que la denomine \u201cCero Emisiones Contaminantes desde ya\u201d.<\/p><p style=\"box-sizing: inherit; margin: 0px 0px 1.5em; padding: 0px; border: 0px; font-family: roboto, sans-serif; color: rgb(34, 34, 34); font-size: 17px; white-space-collapse: collapse;\">A su juicio, el principal problema a resolver \u201cy al que no le hincan el diente convenientemente quienes toman las decisiones es el aumento de la temperatura de la Tierra\u201d.<\/p><p style=\"box-sizing: inherit; margin: 0px 0px 1.5em; padding: 0px; border: 0px; font-family: roboto, sans-serif; color: rgb(34, 34, 34); font-size: 17px; white-space-collapse: collapse;\">No obstante el cantante barcelon\u00e9s tiene \u201ca\u00fan esperanza\u201d en que el planeta pueda todav\u00eda salvarse pero \u201chay que actuar ya y no est\u00e1 en mano de los pol\u00edticos o de las grandes corporaciones, sino del pueblo mundial, pues esto tiene arreglo si la masa humana lo decide, si no se deja guiar por unos l\u00edderes cuestionables\u201d.<\/p><h2 class=\"wp-block-heading\" id=\"h-es-una-brutalidad-que-haya-conflictos-belicos\" style=\"box-sizing: inherit; margin: 0px 0px 20px; padding: 0px; border: 0px; font-family: Roboto, sans-serif; font-weight: 700; line-height: 1.2em; color: rgb(34, 34, 34); white-space-collapse: collapse; font-size: 28px !important;\">Es una brutalidad que haya conflictos b\u00e9licos<\/h2><p style=\"box-sizing: inherit; margin: 0px 0px 1.5em; padding: 0px; border: 0px; font-family: roboto, sans-serif; color: rgb(34, 34, 34); font-size: 17px; white-space-collapse: collapse;\">Tambi\u00e9n se ha referido a la situaci\u00f3n actual en el mundo y a las guerras y lamenta que \u201cm\u00e1s de 2.000 a\u00f1os de civilizaci\u00f3n judeocristiana deber\u00edan haber dado para una mejora en la sociabilidad, en c\u00f3mo se entienden los seres humanos, pero todo es un caos\u201d y considera que \u201ca d\u00eda de hoy haya conflictos b\u00e9licos es una brutalidad\u201d.<\/p><p style=\"box-sizing: inherit; margin: 0px; padding: 0px; border: 0px; font-family: roboto, sans-serif; color: rgb(34, 34, 34); font-size: 17px; white-space-collapse: collapse;\">Frente a ello, defiende que \u201cen la mano de cada uno est\u00e1 ser buena gente, tener un comportamiento correcto con sus vecinos y con sus conciudadanos\u201d<\/p><\/p>\n\n\n\n<p>Fuente: EFE &#8211; <a href=\"https:\/\/efe.com\/extremadura\/2024-03-10\/manolo-garcia-el-ser-humano-no-esta-disenado-para-correr-tanto\/\" target=\"_blank\" rel=\"noreferrer noopener\">Manolo Garc\u00eda: el ser humano no est\u00e1 dise\u00f1ado para correr tanto &#8211; EFE Noticias<\/a><\/p>\n","protected":false},"excerpt":{"rendered":"<p>El cantante Manolo Garc\u00eda confiesa que le gusta m\u00e1s lo rural que las grandes ciudades \u201cpor pura l\u00f3gica\u201d, ya que, seg\u00fan ha asegurado, \u201ca diferencia de la gacela o del guepardo, el ser humano no est\u00e1 dise\u00f1ado para correr tanto\u201d. En una entrevista telef\u00f3nica con EFE con motivo de su actuaci\u00f3n en la poblaci\u00f3n pacense<a class=\"moretag\" href=\"https:\/\/www.manologarciaycia.com\/?p=23807\" title=\"Manolo Garc\u00eda: el ser humano no est\u00e1 dise\u00f1ado para correr tanto\" target=\"_self\" rel=\"follow\"> <font face=arial size=2>[Leer m\u00e1s]<\/font> <\/a><\/p>\n","protected":false},"author":2,"featured_media":23808,"comment_status":"closed","ping_status":"closed","sticky":false,"template":"","format":"standard","meta":{"footnotes":""},"categories":[1],"tags":[],"class_list":["post-23807","post","type-post","status-publish","format-standard","has-post-thumbnail","hentry","category-manolo-garcia"],"_links":{"self":[{"href":"https:\/\/www.manologarciaycia.com\/index.php?rest_route=\/wp\/v2\/posts\/23807","targetHints":{"allow":["GET"]}}],"collection":[{"href":"https:\/\/www.manologarciaycia.com\/index.php?rest_route=\/wp\/v2\/posts"}],"about":[{"href":"https:\/\/www.manologarciaycia.com\/index.php?rest_route=\/wp\/v2\/types\/post"}],"author":[{"embeddable":true,"href":"https:\/\/www.manologarciaycia.com\/index.php?rest_route=\/wp\/v2\/users\/2"}],"replies":[{"embeddable":true,"href":"https:\/\/www.manologarciaycia.com\/index.php?rest_route=%2Fwp%2Fv2%2Fcomments&post=23807"}],"version-history":[{"count":1,"href":"https:\/\/www.manologarciaycia.com\/index.php?rest_route=\/wp\/v2\/posts\/23807\/revisions"}],"predecessor-version":[{"id":23809,"href":"https:\/\/www.manologarciaycia.com\/index.php?rest_route=\/wp\/v2\/posts\/23807\/revisions\/23809"}],"wp:featuredmedia":[{"embeddable":true,"href":"https:\/\/www.manologarciaycia.com\/index.php?rest_route=\/wp\/v2\/media\/23808"}],"wp:attachment":[{"href":"https:\/\/www.manologarciaycia.com\/index.php?rest_route=%2Fwp%2Fv2%2Fmedia&parent=23807"}],"wp:term":[{"taxonomy":"category","embeddable":true,"href":"https:\/\/www.manologarciaycia.com\/index.php?rest_route=%2Fwp%2Fv2%2Fcategories&post=23807"},{"taxonomy":"post_tag","embeddable":true,"href":"https:\/\/www.manologarciaycia.com\/index.php?rest_route=%2Fwp%2Fv2%2Ftags&post=23807"}],"curies":[{"name":"wp","href":"https:\/\/api.w.org\/{rel}","templated":true}]}}