{"id":23804,"date":"2024-03-11T12:09:04","date_gmt":"2024-03-11T11:09:04","guid":{"rendered":"https:\/\/www.manologarciaycia.com\/?p=23804"},"modified":"2024-03-11T12:09:06","modified_gmt":"2024-03-11T11:09:06","slug":"manolo-garcia-he-estado-en-herrera-del-duque-dos-veces-y-solo-una-en-nueva-york","status":"publish","type":"post","link":"https:\/\/www.manologarciaycia.com\/?p=23804","title":{"rendered":"Manolo Garc\u00eda: \u201cHe estado en Herrera del Duque dos veces y s\u00f3lo una en Nueva York\u201d"},"content":{"rendered":"\n<p>El cantante catal\u00e1n abarrot\u00f3 este s\u00e1bado el auditorio del recinto ferial de la localidad pacense en un concierto de su gira Teatros<\/p>\n\n\n\n<p><img loading=\"lazy\" decoding=\"async\" src=\"https:\/\/estaticos-cdn.prensaiberica.es\/clip\/35babe7c-b67b-4301-8ea3-ecf0a9d98697_source-aspect-ratio_default_0.jpg\" alt=\"Manolo Garc\u00eda en Herrera del Duque\" width=\"880\" height=\"495\"><\/p>\n\n\n\n<h4 class=\"wp-block-heading\">Manolo Garc\u00eda en Herrera del Duque<\/h4>\n\n\n\n<p><strong>EL PERI\u00d3DICO<\/strong><\/p>\n\n\n\n<p><a href=\"https:\/\/www.elperiodicoextremadura.com\/autores\/laura-alcazar.html\">Laura Alc\u00e1zar<\/a><\/p>\n\n\n\n<p>11 MAR 2024 10:55&nbsp;Actualizada 11 MAR 2024 11:02<\/p>\n\n\n\n<p>Era la segunda vez en cinco a\u00f1os que el artista barcelon\u00e9s,&nbsp;<strong>excomponente de El \u00daltimo de la Fila, Manolo Garc\u00eda&nbsp;<\/strong>actuaba en&nbsp;<strong>Herrera del Duque<\/strong>, y lo quiso dejar alto y claro micr\u00f3fono en mano:&nbsp;<strong>\u201cHe estado dos veces en Herrera del Duque y s\u00f3lo una en Nueva York\u201d<\/strong>, afirmaba este s\u00e1bado el cantante catal\u00e1n ante su entregado p\u00fablico. El artista regresaba a Extremadura dentro de su gira Teatros, con la que est\u00e1 recorriendo los principales escenarios del pa\u00eds. El 16 de marzo pisar\u00e1 de nuevo tierras extreme\u00f1as en C\u00e1ceres, donde ofrecer\u00e1 otro concierto en el Palacio de Congresos a partir de las 21:30 horas.<\/p>\n\n\n\n<p>En Herrera del Duque, una localidad de La Siberia que no llega a los 4.000 habitantes, Manolo Garc\u00eda (68 a\u00f1os y m\u00e1s de 40 de carrera musical) interpret\u00f3 en directo temas de su \u00faltimo trabajo y sus m\u00edticas canciones, coreadas con entusiasmo por su legi\u00f3n de seguidores. En un recital de casi tres horas,<strong>&nbsp;Manolo Garc\u00eda tuvo tiempo de bajarse del escenario<\/strong>, fundirse con sus fans y cantar junto a ellos&nbsp;<strong>su himno &#8216;P\u00e1jaros de barro&#8217;<\/strong>. El cantante, escoltado, derroch\u00f3 emoci\u00f3n y no escatim\u00f3 en gestos de cari\u00f1o. Su p\u00fablico, m\u00e1s que contento, agradecido.<\/p>\n\n\n\n<p>Comprometido con el medio ambiente y el cambio clim\u00e1tico, el artista tuvo palabras de solidaridad hacia los agricultores, recientemente en huelga.&nbsp;<strong>El cantante alab\u00f3 el entorno rural extreme\u00f1o&nbsp;<\/strong>y, pese a mostrarse partidario de las energ\u00edas renovables, sugiri\u00f3 no \u201censuciar\u201d nuestros campos con las e\u00f3licas. \u201cEso mejor en el mar, como en Europa\u201d, vino a decir.<\/p>\n\n\n\n<figure class=\"wp-block-image\"><img decoding=\"async\" src=\"https:\/\/estaticos-cdn.prensaiberica.es\/clip\/e1b7896b-f869-4f85-9d4f-cd4e89d5c6a6_alta-libre-aspect-ratio_default_0.jpg\" alt=\"El auditorio del recinto ferial de llen\u00f3\"\/><figcaption class=\"wp-element-caption\">El auditorio del recinto ferial de llen\u00f3&nbsp;<strong>\/ AYTO. HERRERA<\/strong><\/figcaption><\/figure>\n\n\n\n<p>&#8216;A San Fernando&#8217;, &#8216;Prefiero el trapecio&#8217; o &#8216;Insurrecci\u00f3n&#8217;, son algunas de las conocidas canciones que sus seguidores compart\u00edan en directos y &#8216;reels&#8217; de redes sociales. Manolo Garc\u00eda es un fen\u00f3meno y donde pisa cuelga el cartel de &#8216;sold out&#8217; (vendido). Su tir\u00f3n, con un p\u00fablico generacional muy heterog\u00e9neo, ha llenado el fin de semana los alojamientos y establecimientos hosteleros de Herrera del Duque, que han hecho su particular agosto en un desapacible fin de semana de marzo.<\/p>\n\n\n\n<h2 class=\"wp-block-heading\">Seguidores<\/h2>\n\n\n\n<p>Pero el mal tiempo no pudo con Manolo, que&nbsp;<strong>sedujo a un auditorio con m\u00e1s un millar de personas emocionadas<\/strong>. Entre ellas, una pareja de Arroyomolinos que acude a todos los conciertos que puede. \u201cPasaron por la tienda a comprar un detalle (un chupete), al bater\u00eda de Manolo Garc\u00eda, que va a ser padre. Dec\u00edan que aqu\u00ed era m\u00e1s f\u00e1cil acercarse para poder hablar con \u00e9l, porque los pr\u00f3ximos conciertos ya van a ser en plazas de toros o sitios m\u00e1s grande\u201d, comentaba Mamen Garc\u00eda, de El Trastero.<\/p>\n\n\n\n<p>El cantante descans\u00f3 en El Portezuelo, una casa rural del vecino Fuenlabrada de los Montes, el pueblo de la miel. \u201cHe tenido la oportunidad de comprobar que es a\u00fan mejor persona que artista\u201d, resum\u00eda la propietaria del alojamiento, Emi S\u00e1nchez, en un post de Instagram con una fotograf\u00eda junto a su \u00eddolo, que correspond\u00eda con una dedicatoria. \u00a1Ha sido un placer estar en vuestra casa!\u00a0<strong>\u00a1Un sue\u00f1o, y un paraje \u00fanico, y vacas! As\u00ed se ha despedido el cantante de La Siberia extreme\u00f1a<\/strong>.<\/p>\n\n\n\n<p>Fuente: El Peri\u00f3dico de Extremadura &#8211; <a href=\"https:\/\/www.elperiodicoextremadura.com\/badajoz\/2024\/03\/11\/manolo-garcia-he-herrera-duque-99318825.html\" target=\"_blank\" rel=\"noreferrer noopener\">Manolo Garc\u00eda: \u201cHe estado en Herrera del Duque dos veces y s\u00f3lo una en Nueva York\u201d (elperiodicoextremadura.com)<\/a><\/p>\n","protected":false},"excerpt":{"rendered":"<p>El cantante catal\u00e1n abarrot\u00f3 este s\u00e1bado el auditorio del recinto ferial de la localidad pacense en un concierto de su gira Teatros Manolo Garc\u00eda en Herrera del Duque EL PERI\u00d3DICO Laura Alc\u00e1zar 11 MAR 2024 10:55&nbsp;Actualizada 11 MAR 2024 11:02 Era la segunda vez en cinco a\u00f1os que el artista barcelon\u00e9s,&nbsp;excomponente de El \u00daltimo de<a class=\"moretag\" href=\"https:\/\/www.manologarciaycia.com\/?p=23804\" title=\"Manolo Garc\u00eda: \u201cHe estado en Herrera del Duque dos veces y s\u00f3lo una en Nueva York\u201d\" target=\"_self\" rel=\"follow\"> <font face=arial size=2>[Leer m\u00e1s]<\/font> <\/a><\/p>\n","protected":false},"author":2,"featured_media":23805,"comment_status":"closed","ping_status":"closed","sticky":false,"template":"","format":"standard","meta":{"footnotes":""},"categories":[1],"tags":[],"class_list":["post-23804","post","type-post","status-publish","format-standard","has-post-thumbnail","hentry","category-manolo-garcia"],"_links":{"self":[{"href":"https:\/\/www.manologarciaycia.com\/index.php?rest_route=\/wp\/v2\/posts\/23804","targetHints":{"allow":["GET"]}}],"collection":[{"href":"https:\/\/www.manologarciaycia.com\/index.php?rest_route=\/wp\/v2\/posts"}],"about":[{"href":"https:\/\/www.manologarciaycia.com\/index.php?rest_route=\/wp\/v2\/types\/post"}],"author":[{"embeddable":true,"href":"https:\/\/www.manologarciaycia.com\/index.php?rest_route=\/wp\/v2\/users\/2"}],"replies":[{"embeddable":true,"href":"https:\/\/www.manologarciaycia.com\/index.php?rest_route=%2Fwp%2Fv2%2Fcomments&post=23804"}],"version-history":[{"count":1,"href":"https:\/\/www.manologarciaycia.com\/index.php?rest_route=\/wp\/v2\/posts\/23804\/revisions"}],"predecessor-version":[{"id":23806,"href":"https:\/\/www.manologarciaycia.com\/index.php?rest_route=\/wp\/v2\/posts\/23804\/revisions\/23806"}],"wp:featuredmedia":[{"embeddable":true,"href":"https:\/\/www.manologarciaycia.com\/index.php?rest_route=\/wp\/v2\/media\/23805"}],"wp:attachment":[{"href":"https:\/\/www.manologarciaycia.com\/index.php?rest_route=%2Fwp%2Fv2%2Fmedia&parent=23804"}],"wp:term":[{"taxonomy":"category","embeddable":true,"href":"https:\/\/www.manologarciaycia.com\/index.php?rest_route=%2Fwp%2Fv2%2Fcategories&post=23804"},{"taxonomy":"post_tag","embeddable":true,"href":"https:\/\/www.manologarciaycia.com\/index.php?rest_route=%2Fwp%2Fv2%2Ftags&post=23804"}],"curies":[{"name":"wp","href":"https:\/\/api.w.org\/{rel}","templated":true}]}}