{"id":23792,"date":"2024-03-08T07:43:25","date_gmt":"2024-03-08T06:43:25","guid":{"rendered":"https:\/\/www.manologarciaycia.com\/?p=23792"},"modified":"2024-03-08T07:44:17","modified_gmt":"2024-03-08T06:44:17","slug":"arco-helga-de-alvear-manolo-garcia-y-las-obras-mas-caras","status":"publish","type":"post","link":"https:\/\/www.manologarciaycia.com\/?p=23792","title":{"rendered":"ARCO: Helga de Alvear, Manolo Garc\u00eda y las obras m\u00e1s caras"},"content":{"rendered":"\n<p>Charlaremos con el m\u00fasico&nbsp;<strong>Manolo Garc\u00eda<\/strong>. Conocemos esa otra faceta oculta que atesora como&nbsp;pintor y fot\u00f3grafo.&nbsp;<\/p>\n\n\n\n<p>Escucha la entrevista aqu\u00ed: <a href=\"https:\/\/www.rtve.es\/play\/audios\/por-tres-razones\/arco-helga-alvear-obras-mas-caras\/16003890\/\" target=\"_blank\" rel=\"noreferrer noopener\">https:\/\/www.rtve.es\/play\/audios\/por-tres-razones\/arco-helga-alvear-obras-mas-caras\/16003890\/<\/a><\/p>\n","protected":false},"excerpt":{"rendered":"<p>Charlaremos con el m\u00fasico&nbsp;Manolo Garc\u00eda. Conocemos esa otra faceta oculta que atesora como&nbsp;pintor y fot\u00f3grafo.&nbsp; Escucha la entrevista aqu\u00ed: https:\/\/www.rtve.es\/play\/audios\/por-tres-razones\/arco-helga-alvear-obras-mas-caras\/16003890\/<a class=\"moretag\" href=\"https:\/\/www.manologarciaycia.com\/?p=23792\" title=\"ARCO: Helga de Alvear, Manolo Garc\u00eda y las obras m\u00e1s caras\" target=\"_self\" rel=\"follow\"> <font face=arial size=2>[Leer m\u00e1s]<\/font> <\/a><\/p>\n","protected":false},"author":2,"featured_media":23793,"comment_status":"closed","ping_status":"closed","sticky":false,"template":"","format":"standard","meta":{"footnotes":""},"categories":[1],"tags":[],"class_list":["post-23792","post","type-post","status-publish","format-standard","has-post-thumbnail","hentry","category-manolo-garcia"],"_links":{"self":[{"href":"https:\/\/www.manologarciaycia.com\/index.php?rest_route=\/wp\/v2\/posts\/23792","targetHints":{"allow":["GET"]}}],"collection":[{"href":"https:\/\/www.manologarciaycia.com\/index.php?rest_route=\/wp\/v2\/posts"}],"about":[{"href":"https:\/\/www.manologarciaycia.com\/index.php?rest_route=\/wp\/v2\/types\/post"}],"author":[{"embeddable":true,"href":"https:\/\/www.manologarciaycia.com\/index.php?rest_route=\/wp\/v2\/users\/2"}],"replies":[{"embeddable":true,"href":"https:\/\/www.manologarciaycia.com\/index.php?rest_route=%2Fwp%2Fv2%2Fcomments&post=23792"}],"version-history":[{"count":2,"href":"https:\/\/www.manologarciaycia.com\/index.php?rest_route=\/wp\/v2\/posts\/23792\/revisions"}],"predecessor-version":[{"id":23796,"href":"https:\/\/www.manologarciaycia.com\/index.php?rest_route=\/wp\/v2\/posts\/23792\/revisions\/23796"}],"wp:featuredmedia":[{"embeddable":true,"href":"https:\/\/www.manologarciaycia.com\/index.php?rest_route=\/wp\/v2\/media\/23793"}],"wp:attachment":[{"href":"https:\/\/www.manologarciaycia.com\/index.php?rest_route=%2Fwp%2Fv2%2Fmedia&parent=23792"}],"wp:term":[{"taxonomy":"category","embeddable":true,"href":"https:\/\/www.manologarciaycia.com\/index.php?rest_route=%2Fwp%2Fv2%2Fcategories&post=23792"},{"taxonomy":"post_tag","embeddable":true,"href":"https:\/\/www.manologarciaycia.com\/index.php?rest_route=%2Fwp%2Fv2%2Ftags&post=23792"}],"curies":[{"name":"wp","href":"https:\/\/api.w.org\/{rel}","templated":true}]}}