{"id":23790,"date":"2024-03-03T10:10:22","date_gmt":"2024-03-03T09:10:22","guid":{"rendered":"https:\/\/www.manologarciaycia.com\/?p=23790"},"modified":"2024-03-03T10:10:24","modified_gmt":"2024-03-03T09:10:24","slug":"manolo-garcia-hace-lleno-absoluto-en-huelva-ganandose-el-carino-de-los-onubenses","status":"publish","type":"post","link":"https:\/\/www.manologarciaycia.com\/?p=23790","title":{"rendered":"Manolo Garc\u00eda hace lleno absoluto en Huelva gan\u00e1ndose el cari\u00f1o de los onubenses"},"content":{"rendered":"\n<ul class=\"wp-block-list\">\n<li>El cantautor da as\u00ed el pistoletazo de salida para la programaci\u00f3n cultural del Palacio de los Deportes Carolina Mar\u00edn<\/li>\n<\/ul>\n\n\n\n<p><strong>Huelva&nbsp;<\/strong>vivi\u00f3 anoche una cita musical muy esperada: el concierto del cantante y compositor barcelon\u00e9s<strong>&nbsp;Manolo Garc\u00eda,&nbsp;<\/strong>&nbsp;un&nbsp;cl\u00e1sico del pop espa\u00f1ol que aterriza en Huelva con su&nbsp;<strong>Gira 2024<\/strong>&nbsp;en el Palacio de los Deportes Carolina Mar\u00edn.<\/p>\n\n\n\n<p>Haciendo&nbsp;<strong>lleno absoluto<\/strong>, el cantante iniciaba hacia las 21.00 horas su espect\u00e1culo con el&nbsp;<strong>apoyo de sus fans<\/strong>, de todas las edades, que lo acompa\u00f1aron durante el concierto cantando al un\u00edsono las canciones de su \u00faltimo trabajo de estudio que est\u00e1 compuesto por un doble \u00e1lbum, y que incluye los t\u00edtulos&nbsp;Mi Vida en Marte&nbsp;y&nbsp;Desatinos Desplumados.<\/p>\n\n\n\n<p>Fue una experiencia inolvidable para todos sus fans. El m\u00fasico tambi\u00e9n cant\u00f3&nbsp;los<strong>&nbsp;temas m\u00e1s ic\u00f3nicos<\/strong>&nbsp;de su carrera&nbsp;musical, como<strong>&nbsp;\u201cP\u00e1jaros de barro\u201d<\/strong>, \u201cA San Fernando un ratito a pie y otro caminando\u201d o \u201cNunca el tiempo es perdido\u201d,&nbsp;que ya forman parte de la&nbsp;<strong>historia de la m\u00fasica de nuestro pa\u00eds.<\/strong><\/p>\n\n\n\n<p>El cantautor da as\u00ed el pistoletazo de salida para la&nbsp;<strong>programaci\u00f3n cultural&nbsp;<\/strong>del<strong>&nbsp;<\/strong>Palacio de los Deportes Carolina Mar\u00edn. Hoy s\u00e1bado 2 de marzo,&nbsp;a las 21.00 h, el p\u00fablico del Palacio de los Deportes Carolina Mar\u00edn disfrutar\u00e1 tambi\u00e9n del virtuoso&nbsp;<strong>violinista liban\u00e9s&nbsp;Ara Malikian<\/strong>&nbsp;que visita Huelva con su gira&nbsp;<strong>\u2018The Ara Malikian World Tour\u2019,&nbsp;<\/strong>poniendo&nbsp;el broche de oro a la&nbsp;<strong>semana cultural en Huelva.<\/strong><\/p>\n\n\n\n<p>Fuente: Huelva Hoy &#8211; <a href=\"https:\/\/www.huelvahoy.com\/articulo\/huelva\/manolo-garcia-hace-lleno-absoluto-huelva\/20240302114341300852.html\">Manolo Garc\u00eda hace lleno absoluto en Huelva gan\u00e1ndose el cari\u00f1o de los onubenses (huelvahoy.com)<\/a><\/p>\n","protected":false},"excerpt":{"rendered":"<p>Huelva&nbsp;vivi\u00f3 anoche una cita musical muy esperada: el concierto del cantante y compositor barcelon\u00e9s&nbsp;Manolo Garc\u00eda,&nbsp;&nbsp;un&nbsp;cl\u00e1sico del pop espa\u00f1ol que aterriza en Huelva con su&nbsp;Gira 2024&nbsp;en el Palacio de los Deportes Carolina Mar\u00edn. Haciendo&nbsp;lleno absoluto, el cantante iniciaba hacia las 21.00 horas su espect\u00e1culo con el&nbsp;apoyo de sus fans, de todas las edades, que lo acompa\u00f1aron<a class=\"moretag\" href=\"https:\/\/www.manologarciaycia.com\/?p=23790\" title=\"Manolo Garc\u00eda hace lleno absoluto en Huelva gan\u00e1ndose el cari\u00f1o de los onubenses\" target=\"_self\" rel=\"follow\"> <font face=arial size=2>[Leer m\u00e1s]<\/font> <\/a><\/p>\n","protected":false},"author":2,"featured_media":0,"comment_status":"closed","ping_status":"closed","sticky":false,"template":"","format":"standard","meta":{"footnotes":""},"categories":[1],"tags":[],"class_list":["post-23790","post","type-post","status-publish","format-standard","hentry","category-manolo-garcia"],"_links":{"self":[{"href":"https:\/\/www.manologarciaycia.com\/index.php?rest_route=\/wp\/v2\/posts\/23790","targetHints":{"allow":["GET"]}}],"collection":[{"href":"https:\/\/www.manologarciaycia.com\/index.php?rest_route=\/wp\/v2\/posts"}],"about":[{"href":"https:\/\/www.manologarciaycia.com\/index.php?rest_route=\/wp\/v2\/types\/post"}],"author":[{"embeddable":true,"href":"https:\/\/www.manologarciaycia.com\/index.php?rest_route=\/wp\/v2\/users\/2"}],"replies":[{"embeddable":true,"href":"https:\/\/www.manologarciaycia.com\/index.php?rest_route=%2Fwp%2Fv2%2Fcomments&post=23790"}],"version-history":[{"count":1,"href":"https:\/\/www.manologarciaycia.com\/index.php?rest_route=\/wp\/v2\/posts\/23790\/revisions"}],"predecessor-version":[{"id":23791,"href":"https:\/\/www.manologarciaycia.com\/index.php?rest_route=\/wp\/v2\/posts\/23790\/revisions\/23791"}],"wp:attachment":[{"href":"https:\/\/www.manologarciaycia.com\/index.php?rest_route=%2Fwp%2Fv2%2Fmedia&parent=23790"}],"wp:term":[{"taxonomy":"category","embeddable":true,"href":"https:\/\/www.manologarciaycia.com\/index.php?rest_route=%2Fwp%2Fv2%2Fcategories&post=23790"},{"taxonomy":"post_tag","embeddable":true,"href":"https:\/\/www.manologarciaycia.com\/index.php?rest_route=%2Fwp%2Fv2%2Ftags&post=23790"}],"curies":[{"name":"wp","href":"https:\/\/api.w.org\/{rel}","templated":true}]}}