{"id":23786,"date":"2024-03-02T10:30:41","date_gmt":"2024-03-02T09:30:41","guid":{"rendered":"https:\/\/www.manologarciaycia.com\/?p=23786"},"modified":"2024-03-02T10:30:43","modified_gmt":"2024-03-02T09:30:43","slug":"manolo-garcia-como-en-casa","status":"publish","type":"post","link":"https:\/\/www.manologarciaycia.com\/?p=23786","title":{"rendered":"Manolo Garc\u00eda, como en casa"},"content":{"rendered":"\n<p>Con la honestidad por bandera, el m\u00fasico catal\u00e1n volvi\u00f3 a cautivar al p\u00fablico onubense congregado en el pabell\u00f3n Carolina Mar\u00edn con un espect\u00e1culo de casi tres horas, donde altern\u00f3 sus \u00faltimas composiciones con temas que forman parte de la historia de la m\u00fasica pop espa\u00f1ola<\/p>\n\n\n\n<p>Manolo Garc\u00eda tiene una m\u00e1xima marcada a fuego: el p\u00fablico es lo primero. Lo volvi\u00f3 a demostrar anoche en Huelva ante la legi\u00f3n de seguidores que llen\u00f3 a rebosar el pabell\u00f3n Carolina Mar\u00edn y que disfrutaron de lo lindo con el m\u00fasico barcelon\u00e9s.<\/p>\n\n\n\n<p>Con las canciones de su \u00faltimo disco doble debajo del brazo y una mochila repleta de temas emblem\u00e1ticos, el de Poble Nou repas\u00f3 durante casi tres horas lo m\u00e1s granado de su repertorio personal, as\u00ed como de El \u00daltimo de la Fila. Eso s\u00ed, como en cada gira, introduciendo nuevos &#8216;riffs&#8217; y peque\u00f1os cambios que no impiden que el p\u00fablico, entregado, los reconozca y los coree desde sus primeros compases.<\/p>\n\n\n\n<p>\u00abYo salgo alegre al escenario, es la casa en la que he elegido estar\u00bb, hab\u00eda asegurado en la v\u00edspera en una entrevista concedida a huelva24. Y vaya si se nota, como pudieron comprobar quienes anoche se embarcaron en el viaje emocional en que el artista, desde hace d\u00e9cadas, convierte cada uno de sus conciertos.<\/p>\n\n\n\n<figure class=\"wp-block-image\"><img decoding=\"async\" src=\"https:\/\/s2.abcstatics.com\/huelva24\/www\/multimedia\/huelva\/2024\/03\/02\/Concierto-Manolo-Garcia-HC-1.jpg\" alt=\"Manolo Garc\u00eda, como en casa\"\/><\/figure>\n\n\n\n<figure class=\"wp-block-image\"><img decoding=\"async\" src=\"https:\/\/s2.abcstatics.com\/huelva24\/www\/multimedia\/huelva\/2024\/03\/02\/Concierto-Manolo-Garcia-HC-7_20240302024156.jpg\" alt=\"Manolo Garc\u00eda, como en casa\"\/><\/figure>\n\n\n\n<figure class=\"wp-block-image\"><img decoding=\"async\" src=\"https:\/\/s3.abcstatics.com\/huelva24\/www\/multimedia\/huelva\/2024\/03\/02\/Concierto-Manolo-Garcia-HC-3.jpg\" alt=\"Manolo Garc\u00eda, como en casa\"\/><\/figure>\n\n\n\n<figure class=\"wp-block-image\"><img decoding=\"async\" src=\"https:\/\/s2.abcstatics.com\/huelva24\/www\/multimedia\/huelva\/2024\/03\/02\/Concierto-Manolo-Garcia-HC-5.jpg\" alt=\"Manolo Garc\u00eda, como en casa\"\/><\/figure>\n\n\n\n<figure class=\"wp-block-image\"><img decoding=\"async\" src=\"https:\/\/s2.abcstatics.com\/huelva24\/www\/multimedia\/huelva\/2024\/03\/02\/Concierto-Manolo-Garcia-HC-27.jpg\" alt=\"Manolo Garc\u00eda, como en casa\"\/><\/figure>\n\n\n\n<figure class=\"wp-block-image\"><img decoding=\"async\" src=\"https:\/\/s2.abcstatics.com\/huelva24\/www\/multimedia\/huelva\/2024\/03\/02\/Concierto-Manolo-Garcia-HC-21.jpg\" alt=\"Manolo Garc\u00eda, como en casa\"\/><\/figure>\n\n\n\n<figure class=\"wp-block-image\"><img decoding=\"async\" src=\"https:\/\/s1.abcstatics.com\/huelva24\/www\/multimedia\/huelva\/2024\/03\/02\/Concierto-Manolo-Garcia-HC-19.jpg\" alt=\"Manolo Garc\u00eda, como en casa\"\/><\/figure>\n\n\n\n<figure class=\"wp-block-image\"><img decoding=\"async\" src=\"https:\/\/s2.abcstatics.com\/huelva24\/www\/multimedia\/huelva\/2024\/03\/02\/Concierto-Manolo-Garcia-HC-18.jpg\" alt=\"Manolo Garc\u00eda, como en casa\"\/><\/figure>\n\n\n\n<figure class=\"wp-block-image\"><img decoding=\"async\" src=\"https:\/\/s1.abcstatics.com\/huelva24\/www\/multimedia\/huelva\/2024\/03\/02\/Concierto-Manolo-Garcia-HC-17.jpg\" alt=\"Manolo Garc\u00eda, como en casa\"\/><\/figure>\n\n\n\n<figure class=\"wp-block-image\"><img decoding=\"async\" src=\"https:\/\/s1.abcstatics.com\/huelva24\/www\/multimedia\/huelva\/2024\/03\/02\/Concierto-Manolo-Garcia-HC-15.jpg\" alt=\"Manolo Garc\u00eda, como en casa\"\/><\/figure>\n\n\n\n<figure class=\"wp-block-image\"><img decoding=\"async\" src=\"https:\/\/s3.abcstatics.com\/huelva24\/www\/multimedia\/huelva\/2024\/03\/02\/Concierto-Manolo-Garcia-HC-23.jpg\" alt=\"Manolo Garc\u00eda, como en casa\"\/><\/figure>\n\n\n\n<figure class=\"wp-block-image\"><img decoding=\"async\" src=\"https:\/\/s1.abcstatics.com\/huelva24\/www\/multimedia\/huelva\/2024\/03\/02\/Concierto-Manolo-Garcia-HC-25.jpg\" alt=\"Manolo Garc\u00eda, como en casa\"\/><\/figure>\n\n\n\n<figure class=\"wp-block-image\"><img decoding=\"async\" src=\"https:\/\/s2.abcstatics.com\/huelva24\/www\/multimedia\/huelva\/2024\/03\/02\/Concierto-Manolo-Garcia-HC-26.jpg\" alt=\"Manolo Garc\u00eda, como en casa\"\/><\/figure>\n\n\n\n<figure class=\"wp-block-image\"><img decoding=\"async\" src=\"https:\/\/s2.abcstatics.com\/huelva24\/www\/multimedia\/huelva\/2024\/03\/02\/Concierto-Manolo-Garcia-HC-31.jpg\" alt=\"Manolo Garc\u00eda, como en casa\"\/><\/figure>\n\n\n\n<figure class=\"wp-block-image\"><img decoding=\"async\" src=\"https:\/\/s3.abcstatics.com\/huelva24\/www\/multimedia\/huelva\/2024\/03\/02\/Concierto-Manolo-Garcia-HC-28.jpg\" alt=\"Manolo Garc\u00eda, como en casa\"\/><\/figure>\n\n\n\n<figure class=\"wp-block-image\"><img decoding=\"async\" src=\"https:\/\/s3.abcstatics.com\/huelva24\/www\/multimedia\/huelva\/2024\/03\/02\/Concierto-Manolo-Garcia-HC-29.jpg\" alt=\"Manolo Garc\u00eda, como en casa\"\/><\/figure>\n\n\n\n<figure class=\"wp-block-image\"><img decoding=\"async\" src=\"https:\/\/s1.abcstatics.com\/huelva24\/www\/multimedia\/huelva\/2024\/03\/02\/Concierto-Manolo-Garcia-HC-16.jpg\" alt=\"Manolo Garc\u00eda, como en casa\"\/><\/figure>\n\n\n\n<figure class=\"wp-block-image\"><img decoding=\"async\" src=\"https:\/\/s1.abcstatics.com\/huelva24\/www\/multimedia\/huelva\/2024\/03\/02\/Concierto-Manolo-Garcia-HC-24.jpg\" alt=\"Manolo Garc\u00eda, como en casa\"\/><\/figure>\n\n\n\n<figure class=\"wp-block-image\"><img decoding=\"async\" src=\"https:\/\/s2.abcstatics.com\/huelva24\/www\/multimedia\/huelva\/2024\/03\/02\/Concierto-Manolo-Garcia-HC-14.jpg\" alt=\"Manolo Garc\u00eda, como en casa\"\/><\/figure>\n\n\n\n<figure class=\"wp-block-image\"><img decoding=\"async\" src=\"https:\/\/s1.abcstatics.com\/huelva24\/www\/multimedia\/huelva\/2024\/03\/02\/Concierto-Manolo-Garcia-HC-30.jpg\" alt=\"Manolo Garc\u00eda, como en casa\"\/><\/figure>\n\n\n\n<figure class=\"wp-block-image\"><img decoding=\"async\" src=\"https:\/\/s3.abcstatics.com\/huelva24\/www\/multimedia\/huelva\/2024\/03\/02\/Concierto-Manolo-Garcia-HC-13.jpg\" alt=\"Manolo Garc\u00eda, como en casa\"\/><\/figure>\n\n\n\n<figure class=\"wp-block-image\"><img decoding=\"async\" src=\"https:\/\/s1.abcstatics.com\/huelva24\/www\/multimedia\/huelva\/2024\/03\/02\/Concierto-Manolo-Garcia-HC-12.jpg\" alt=\"Manolo Garc\u00eda, como en casa\"\/><\/figure>\n\n\n\n<figure class=\"wp-block-image\"><img decoding=\"async\" src=\"https:\/\/s2.abcstatics.com\/huelva24\/www\/multimedia\/huelva\/2024\/03\/02\/Concierto-Manolo-Garcia-HC-11.jpg\" alt=\"Manolo Garc\u00eda, como en casa\"\/><\/figure>\n\n\n\n<figure class=\"wp-block-image\"><img decoding=\"async\" src=\"https:\/\/s3.abcstatics.com\/huelva24\/www\/multimedia\/huelva\/2024\/03\/02\/Concierto-Manolo-Garcia-HC-10.jpg\" alt=\"Manolo Garc\u00eda, como en casa\"\/><\/figure>\n\n\n\n<figure class=\"wp-block-image\"><img decoding=\"async\" src=\"https:\/\/s3.abcstatics.com\/huelva24\/www\/multimedia\/huelva\/2024\/03\/02\/Concierto-Manolo-Garcia-HC-8.jpg\" alt=\"Manolo Garc\u00eda, como en casa\"\/><\/figure>\n\n\n\n<figure class=\"wp-block-image\"><img decoding=\"async\" src=\"https:\/\/s2.abcstatics.com\/huelva24\/www\/multimedia\/huelva\/2024\/03\/02\/Concierto-Manolo-Garcia-HC-9.jpg\" alt=\"Manolo Garc\u00eda, como en casa\"\/><\/figure>\n\n\n\n<figure class=\"wp-block-image\"><img decoding=\"async\" src=\"https:\/\/s1.abcstatics.com\/huelva24\/www\/multimedia\/huelva\/2024\/03\/02\/Concierto-Manolo-Garcia-HC-7.jpg\" alt=\"Manolo Garc\u00eda, como en casa\"\/><\/figure>\n\n\n\n<figure class=\"wp-block-image\"><img decoding=\"async\" src=\"https:\/\/s1.abcstatics.com\/huelva24\/www\/multimedia\/huelva\/2024\/03\/02\/Concierto-Manolo-Garcia-HC-6.jpg\" alt=\"Manolo Garc\u00eda, como en casa\"\/><\/figure>\n\n\n\n<figure class=\"wp-block-image\"><img decoding=\"async\" src=\"https:\/\/s3.abcstatics.com\/huelva24\/www\/multimedia\/huelva\/2024\/03\/02\/Concierto-Manolo-Garcia-HC-4.jpg\" alt=\"Manolo Garc\u00eda, como en casa\"\/><\/figure>\n\n\n\n<figure class=\"wp-block-image\"><img decoding=\"async\" src=\"https:\/\/s1.abcstatics.com\/huelva24\/www\/multimedia\/huelva\/2024\/03\/02\/Concierto-Manolo-Garcia-HC-2.jpg\" alt=\"Manolo Garc\u00eda, como en casa\"\/><\/figure>\n\n\n\n<figure class=\"wp-block-image\"><img decoding=\"async\" src=\"https:\/\/s1.abcstatics.com\/huelva24\/www\/multimedia\/huelva\/2024\/03\/02\/Concierto-Manolo-Garcia-HC-32.jpg\" alt=\"Manolo Garc\u00eda, como en casa\"\/><\/figure>\n\n\n\n<p>Fuente: Huelva 24 &#8211; H.Corpa &#8211; <a href=\"https:\/\/www.huelva24.com\/huelva\/manolo-garcia-casa-20240302030553-gah.html\">Manolo Garc\u00eda, como en casa (huelva24.com)<\/a><\/p>\n","protected":false},"excerpt":{"rendered":"<p>Con la honestidad por bandera, el m\u00fasico catal\u00e1n volvi\u00f3 a cautivar al p\u00fablico onubense congregado en el pabell\u00f3n Carolina Mar\u00edn con un espect\u00e1culo de casi tres horas, donde altern\u00f3 sus \u00faltimas composiciones con temas que forman parte de la historia de la m\u00fasica pop espa\u00f1ola Manolo Garc\u00eda tiene una m\u00e1xima marcada a fuego: el p\u00fablico<a class=\"moretag\" href=\"https:\/\/www.manologarciaycia.com\/?p=23786\" title=\"Manolo Garc\u00eda, como en casa\" target=\"_self\" rel=\"follow\"> <font face=arial size=2>[Leer m\u00e1s]<\/font> <\/a><\/p>\n","protected":false},"author":2,"featured_media":23787,"comment_status":"closed","ping_status":"closed","sticky":false,"template":"","format":"standard","meta":{"footnotes":""},"categories":[1],"tags":[],"class_list":["post-23786","post","type-post","status-publish","format-standard","has-post-thumbnail","hentry","category-manolo-garcia"],"_links":{"self":[{"href":"https:\/\/www.manologarciaycia.com\/index.php?rest_route=\/wp\/v2\/posts\/23786","targetHints":{"allow":["GET"]}}],"collection":[{"href":"https:\/\/www.manologarciaycia.com\/index.php?rest_route=\/wp\/v2\/posts"}],"about":[{"href":"https:\/\/www.manologarciaycia.com\/index.php?rest_route=\/wp\/v2\/types\/post"}],"author":[{"embeddable":true,"href":"https:\/\/www.manologarciaycia.com\/index.php?rest_route=\/wp\/v2\/users\/2"}],"replies":[{"embeddable":true,"href":"https:\/\/www.manologarciaycia.com\/index.php?rest_route=%2Fwp%2Fv2%2Fcomments&post=23786"}],"version-history":[{"count":1,"href":"https:\/\/www.manologarciaycia.com\/index.php?rest_route=\/wp\/v2\/posts\/23786\/revisions"}],"predecessor-version":[{"id":23788,"href":"https:\/\/www.manologarciaycia.com\/index.php?rest_route=\/wp\/v2\/posts\/23786\/revisions\/23788"}],"wp:featuredmedia":[{"embeddable":true,"href":"https:\/\/www.manologarciaycia.com\/index.php?rest_route=\/wp\/v2\/media\/23787"}],"wp:attachment":[{"href":"https:\/\/www.manologarciaycia.com\/index.php?rest_route=%2Fwp%2Fv2%2Fmedia&parent=23786"}],"wp:term":[{"taxonomy":"category","embeddable":true,"href":"https:\/\/www.manologarciaycia.com\/index.php?rest_route=%2Fwp%2Fv2%2Fcategories&post=23786"},{"taxonomy":"post_tag","embeddable":true,"href":"https:\/\/www.manologarciaycia.com\/index.php?rest_route=%2Fwp%2Fv2%2Ftags&post=23786"}],"curies":[{"name":"wp","href":"https:\/\/api.w.org\/{rel}","templated":true}]}}