{"id":23783,"date":"2024-03-02T10:21:44","date_gmt":"2024-03-02T09:21:44","guid":{"rendered":"https:\/\/www.manologarciaycia.com\/?p=23783"},"modified":"2024-03-02T10:21:46","modified_gmt":"2024-03-02T09:21:46","slug":"las-imagenes-del-concierto-de-manolo-garcia-en-huelva","status":"publish","type":"post","link":"https:\/\/www.manologarciaycia.com\/?p=23783","title":{"rendered":"Las im\u00e1genes del concierto de Manolo Garc\u00eda en Huelva"},"content":{"rendered":"\n<figure class=\"wp-block-image\" id=\"slide-1\"><img decoding=\"async\" src=\"https:\/\/www.huelvainformacion.es\/2024\/03\/01\/galerias_graficas\/imagenes-concierto-Manolo-Garcia-Huelva_1880523892_205442746_1024x683.jpg\" alt=\"Las im&aacute;genes del concierto de Manolo Garc&iacute;a en Huelva\"\/><figcaption class=\"wp-element-caption\">JOSUE CORREA<\/figcaption><\/figure>\n\n\n\n<p>1.<\/p>\n\n\n\n<p>LAS IM\u00c1GENES DEL CONCIERTO DE MANOLO GARC\u00cdA EN HUELVA<\/p>\n\n\n\n<figure class=\"wp-block-image\" id=\"slide-2\"><img decoding=\"async\" src=\"https:\/\/www.huelvainformacion.es\/2024\/03\/01\/galerias_graficas\/imagenes-concierto-Manolo-Garcia-Huelva_1880523894_205442824_1024x683.jpg\" alt=\"Las im&aacute;genes del concierto de Manolo Garc&iacute;a en Huelva\"\/><figcaption class=\"wp-element-caption\">JOSUE CORREA<\/figcaption><\/figure>\n\n\n\n<p>2.<\/p>\n\n\n\n<p>LAS IM\u00c1GENES DEL CONCIERTO DE MANOLO GARC\u00cdA EN HUELVA<\/p>\n\n\n\n<figure class=\"wp-block-image\" id=\"slide-3\"><img decoding=\"async\" src=\"https:\/\/www.huelvainformacion.es\/2024\/03\/01\/galerias_graficas\/imagenes-concierto-Manolo-Garcia-Huelva_1880523895_205442890_1024x683.jpg\" alt=\"Las im&aacute;genes del concierto de Manolo Garc&iacute;a en Huelva\"\/><figcaption class=\"wp-element-caption\">JOSUE CORREA<\/figcaption><\/figure>\n\n\n\n<p>3.<\/p>\n\n\n\n<p>LAS IM\u00c1GENES DEL CONCIERTO DE MANOLO GARC\u00cdA EN HUELVA<\/p>\n\n\n\n<figure class=\"wp-block-image\" id=\"slide-4\"><img decoding=\"async\" src=\"https:\/\/www.huelvainformacion.es\/2024\/03\/01\/galerias_graficas\/imagenes-concierto-Manolo-Garcia-Huelva_1880523897_205442986_1024x683.jpg\" alt=\"Las im&aacute;genes del concierto de Manolo Garc&iacute;a en Huelva\"\/><figcaption class=\"wp-element-caption\">JOSUE CORREA<\/figcaption><\/figure>\n\n\n\n<p>4.<\/p>\n\n\n\n<p>LAS IM\u00c1GENES DEL CONCIERTO DE MANOLO GARC\u00cdA EN HUELVA<\/p>\n\n\n\n<figure class=\"wp-block-image\" id=\"slide-5\"><img decoding=\"async\" src=\"https:\/\/www.huelvainformacion.es\/2024\/03\/01\/galerias_graficas\/imagenes-concierto-Manolo-Garcia-Huelva_1880523899_205443079_1024x683.jpg\" alt=\"Las im&aacute;genes del concierto de Manolo Garc&iacute;a en Huelva\"\/><figcaption class=\"wp-element-caption\">JOSUE CORREA<\/figcaption><\/figure>\n\n\n\n<p>5.<\/p>\n\n\n\n<p>LAS IM\u00c1GENES DEL CONCIERTO DE MANOLO GARC\u00cdA EN HUELVA<\/p>\n\n\n\n<figure class=\"wp-block-image\" id=\"slide-6\"><img decoding=\"async\" src=\"https:\/\/www.huelvainformacion.es\/2024\/03\/01\/galerias_graficas\/imagenes-concierto-Manolo-Garcia-Huelva_1880523900_205443137_1011x1517.jpg\" alt=\"Las im&aacute;genes del concierto de Manolo Garc&iacute;a en Huelva\"\/><figcaption class=\"wp-element-caption\">JOSUE CORREA<\/figcaption><\/figure>\n\n\n\n<p>6.<\/p>\n\n\n\n<p>LAS IM\u00c1GENES DEL CONCIERTO DE MANOLO GARC\u00cdA EN HUELVA<\/p>\n\n\n\n<figure class=\"wp-block-image\" id=\"slide-7\"><img decoding=\"async\" src=\"https:\/\/www.huelvainformacion.es\/2024\/03\/01\/galerias_graficas\/imagenes-concierto-Manolo-Garcia-Huelva_1880523902_205443226_1024x683.jpg\" alt=\"Las im&aacute;genes del concierto de Manolo Garc&iacute;a en Huelva\"\/><figcaption class=\"wp-element-caption\">JOSUE CORREA<\/figcaption><\/figure>\n\n\n\n<p>7.<\/p>\n\n\n\n<p>LAS IM\u00c1GENES DEL CONCIERTO DE MANOLO GARC\u00cdA EN HUELVA<\/p>\n\n\n\n<figure class=\"wp-block-image\" id=\"slide-8\"><img decoding=\"async\" src=\"https:\/\/www.huelvainformacion.es\/2024\/03\/01\/galerias_graficas\/imagenes-concierto-Manolo-Garcia-Huelva_1880523903_205443274_1024x683.jpg\" alt=\"Las im&aacute;genes del concierto de Manolo Garc&iacute;a en Huelva\"\/><figcaption class=\"wp-element-caption\">JOSUE CORREA<\/figcaption><\/figure>\n\n\n\n<p>8.<\/p>\n\n\n\n<p>LAS IM\u00c1GENES DEL CONCIERTO DE MANOLO GARC\u00cdA EN HUELVA<\/p>\n\n\n\n<figure class=\"wp-block-image\" id=\"slide-9\"><img decoding=\"async\" src=\"https:\/\/www.huelvainformacion.es\/2024\/03\/01\/galerias_graficas\/imagenes-concierto-Manolo-Garcia-Huelva_1880523905_205443356_1024x683.jpg\" alt=\"Las im&aacute;genes del concierto de Manolo Garc&iacute;a en Huelva\"\/><figcaption class=\"wp-element-caption\">JOSUE CORREA<\/figcaption><\/figure>\n\n\n\n<p>9.<\/p>\n\n\n\n<p>LAS IM\u00c1GENES DEL CONCIERTO DE MANOLO GARC\u00cdA EN HUELVA<\/p>\n\n\n\n<figure class=\"wp-block-image\" id=\"slide-10\"><img decoding=\"async\" src=\"https:\/\/www.huelvainformacion.es\/2024\/03\/01\/galerias_graficas\/imagenes-concierto-Manolo-Garcia-Huelva_1880523906_205443418_1024x683.jpg\" alt=\"Las im&aacute;genes del concierto de Manolo Garc&iacute;a en Huelva\"\/><figcaption class=\"wp-element-caption\">JOSUE CORREA<\/figcaption><\/figure>\n\n\n\n<p>10.<\/p>\n\n\n\n<p>LAS IM\u00c1GENES DEL CONCIERTO DE MANOLO GARC\u00cdA EN HUELVA<\/p>\n\n\n\n<figure class=\"wp-block-image\" id=\"slide-11\"><img decoding=\"async\" src=\"https:\/\/www.huelvainformacion.es\/2024\/03\/01\/galerias_graficas\/imagenes-concierto-Manolo-Garcia-Huelva_1880523908_205443500_1024x683.jpg\" alt=\"Las im&aacute;genes del concierto de Manolo Garc&iacute;a en Huelva\"\/><figcaption class=\"wp-element-caption\">JOSUE CORREA<\/figcaption><\/figure>\n\n\n\n<p>11.<\/p>\n\n\n\n<p>LAS IM\u00c1GENES DEL CONCIERTO DE MANOLO GARC\u00cdA EN HUELVA<\/p>\n\n\n\n<figure class=\"wp-block-image\" id=\"slide-12\"><img decoding=\"async\" src=\"https:\/\/www.huelvainformacion.es\/2024\/03\/01\/galerias_graficas\/imagenes-concierto-Manolo-Garcia-Huelva_1880523909_205443562_1024x683.jpg\" alt=\"Las im&aacute;genes del concierto de Manolo Garc&iacute;a en Huelva\"\/><figcaption class=\"wp-element-caption\">JOSUE CORREA<\/figcaption><\/figure>\n\n\n\n<p>12.<\/p>\n\n\n\n<p>LAS IM\u00c1GENES DEL CONCIERTO DE MANOLO GARC\u00cdA EN HUELVA<\/p>\n\n\n\n<figure class=\"wp-block-image\" id=\"slide-13\"><img decoding=\"async\" src=\"https:\/\/www.huelvainformacion.es\/2024\/03\/01\/galerias_graficas\/imagenes-concierto-Manolo-Garcia-Huelva_1880523910_205443610_1024x683.jpg\" alt=\"Las im&aacute;genes del concierto de Manolo Garc&iacute;a en Huelva\"\/><figcaption class=\"wp-element-caption\">JOSUE CORREA<\/figcaption><\/figure>\n\n\n\n<p>13.<\/p>\n\n\n\n<p>LAS IM\u00c1GENES DEL CONCIERTO DE MANOLO GARC\u00cdA EN HUELVA<\/p>\n\n\n\n<figure class=\"wp-block-image\" id=\"slide-14\"><img decoding=\"async\" src=\"https:\/\/www.huelvainformacion.es\/2024\/03\/01\/galerias_graficas\/imagenes-concierto-Manolo-Garcia-Huelva_1880523912_205443706_1024x683.jpg\" alt=\"Las im&aacute;genes del concierto de Manolo Garc&iacute;a en Huelva\"\/><figcaption class=\"wp-element-caption\">JOSUE CORREA<\/figcaption><\/figure>\n\n\n\n<p>14.<\/p>\n\n\n\n<p>LAS IM\u00c1GENES DEL CONCIERTO DE MANOLO GARC\u00cdA EN HUELVA<\/p>\n\n\n\n<figure class=\"wp-block-image\" id=\"slide-15\"><img decoding=\"async\" src=\"https:\/\/www.huelvainformacion.es\/2024\/03\/01\/galerias_graficas\/imagenes-concierto-Manolo-Garcia-Huelva_1880523913_205443764_1024x683.jpg\" alt=\"Las im&aacute;genes del concierto de Manolo Garc&iacute;a en Huelva\"\/><figcaption class=\"wp-element-caption\">JOSUE CORREA<\/figcaption><\/figure>\n\n\n\n<p>15.<\/p>\n\n\n\n<p>LAS IM\u00c1GENES DEL CONCIERTO DE MANOLO GARC\u00cdA EN HUELVA<\/p>\n\n\n\n<figure class=\"wp-block-image\" id=\"slide-16\"><img decoding=\"async\" src=\"https:\/\/www.huelvainformacion.es\/2024\/03\/01\/galerias_graficas\/imagenes-concierto-Manolo-Garcia-Huelva_1880523915_205443850_1024x683.jpg\" alt=\"Las im&aacute;genes del concierto de Manolo Garc&iacute;a en Huelva\"\/><figcaption class=\"wp-element-caption\">JOSUE CORREA<\/figcaption><\/figure>\n\n\n\n<p>16.<\/p>\n\n\n\n<p>LAS IM\u00c1GENES DEL CONCIERTO DE MANOLO GARC\u00cdA EN HUELVA<\/p>\n\n\n\n<figure class=\"wp-block-image\" id=\"slide-17\"><img decoding=\"async\" src=\"https:\/\/www.huelvainformacion.es\/2024\/03\/01\/galerias_graficas\/imagenes-concierto-Manolo-Garcia-Huelva_1880523917_205443927_1011x1517.jpg\" alt=\"Las im&aacute;genes del concierto de Manolo Garc&iacute;a en Huelva\"\/><figcaption class=\"wp-element-caption\">JOSUE CORREA<\/figcaption><\/figure>\n\n\n\n<p>17.<\/p>\n\n\n\n<p>LAS IM\u00c1GENES DEL CONCIERTO DE MANOLO GARC\u00cdA EN HUELVA<\/p>\n\n\n\n<figure class=\"wp-block-image\" id=\"slide-18\"><img decoding=\"async\" src=\"https:\/\/www.huelvainformacion.es\/2024\/03\/01\/galerias_graficas\/imagenes-concierto-Manolo-Garcia-Huelva_1880523918_205443994_1024x683.jpg\" alt=\"Las im&aacute;genes del concierto de Manolo Garc&iacute;a en Huelva\"\/><figcaption class=\"wp-element-caption\">JOSUE CORREA<\/figcaption><\/figure>\n\n\n\n<p>18.<\/p>\n\n\n\n<p>LAS IM\u00c1GENES DEL CONCIERTO DE MANOLO GARC\u00cdA EN HUELVA<\/p>\n\n\n\n<figure class=\"wp-block-image\" id=\"slide-19\"><img decoding=\"async\" src=\"https:\/\/www.huelvainformacion.es\/2024\/03\/01\/galerias_graficas\/imagenes-concierto-Manolo-Garcia-Huelva_1880523919_205444049_1011x1517.jpg\" alt=\"Las im&aacute;genes del concierto de Manolo Garc&iacute;a en Huelva\"\/><figcaption class=\"wp-element-caption\">JOSUE CORREA<\/figcaption><\/figure>\n\n\n\n<p>19.<\/p>\n\n\n\n<p>LAS IM\u00c1GENES DEL CONCIERTO DE MANOLO GARC\u00cdA EN HUELVA<\/p>\n\n\n\n<figure class=\"wp-block-image\" id=\"slide-20\"><img decoding=\"async\" src=\"https:\/\/www.huelvainformacion.es\/2024\/03\/01\/galerias_graficas\/imagenes-concierto-Manolo-Garcia-Huelva_1880523921_205444121_1024x683.jpg\" alt=\"Las im&aacute;genes del concierto de Manolo Garc&iacute;a en Huelva\"\/><figcaption class=\"wp-element-caption\">JOSUE CORREA<\/figcaption><\/figure>\n\n\n\n<p>20.<\/p>\n\n\n\n<p>LAS IM\u00c1GENES DEL CONCIERTO DE MANOLO GARC\u00cdA EN HUELVA<\/p>\n\n\n\n<figure class=\"wp-block-image\" id=\"slide-21\"><img decoding=\"async\" src=\"https:\/\/www.huelvainformacion.es\/2024\/03\/01\/galerias_graficas\/imagenes-concierto-Manolo-Garcia-Huelva_1880523922_205444186_1024x656.jpg\" alt=\"Las im&aacute;genes del concierto de Manolo Garc&iacute;a en Huelva\"\/><figcaption class=\"wp-element-caption\">JOSUE CORREA<\/figcaption><\/figure>\n\n\n\n<p>21.<\/p>\n\n\n\n<p>LAS IM\u00c1GENES DEL CONCIERTO DE MANOLO GARC\u00cdA EN HUELVA<\/p>\n\n\n\n<figure class=\"wp-block-image\" id=\"slide-22\"><img decoding=\"async\" src=\"https:\/\/www.huelvainformacion.es\/2024\/03\/01\/galerias_graficas\/imagenes-concierto-Manolo-Garcia-Huelva_1880523924_205444277_1024x683.jpg\" alt=\"Las im&aacute;genes del concierto de Manolo Garc&iacute;a en Huelva\"\/><figcaption class=\"wp-element-caption\">JOSUE CORREA<\/figcaption><\/figure>\n\n\n\n<p>22.<\/p>\n\n\n\n<p>LAS IM\u00c1GENES DEL CONCIERTO DE MANOLO GARC\u00cdA EN HUELVA<\/p>\n\n\n\n<figure class=\"wp-block-image\" id=\"slide-23\"><img decoding=\"async\" src=\"https:\/\/www.huelvainformacion.es\/2024\/03\/01\/galerias_graficas\/imagenes-concierto-Manolo-Garcia-Huelva_1880523925_205444330_1024x683.jpg\" alt=\"Las im&aacute;genes del concierto de Manolo Garc&iacute;a en Huelva\"\/><figcaption class=\"wp-element-caption\">JOSUE CORREA<\/figcaption><\/figure>\n\n\n\n<p>23.<\/p>\n\n\n\n<p>LAS IM\u00c1GENES DEL CONCIERTO DE MANOLO GARC\u00cdA EN HUELVA<\/p>\n\n\n\n<figure class=\"wp-block-image\" id=\"slide-24\"><img decoding=\"async\" src=\"https:\/\/www.huelvainformacion.es\/2024\/03\/01\/galerias_graficas\/imagenes-concierto-Manolo-Garcia-Huelva_1880523927_205444401_1024x683.jpg\" alt=\"Las im&aacute;genes del concierto de Manolo Garc&iacute;a en Huelva\"\/><figcaption class=\"wp-element-caption\">JOSUE CORREA<\/figcaption><\/figure>\n\n\n\n<p>24.<\/p>\n\n\n\n<p>LAS IM\u00c1GENES DEL CONCIERTO DE MANOLO GARC\u00cdA EN HUELVA<\/p>\n\n\n\n<figure class=\"wp-block-image\" id=\"slide-25\"><img decoding=\"async\" src=\"https:\/\/www.huelvainformacion.es\/2024\/03\/01\/galerias_graficas\/imagenes-concierto-Manolo-Garcia-Huelva_1880523928_205444474_1024x683.jpg\" alt=\"Las im&aacute;genes del concierto de Manolo Garc&iacute;a en Huelva\"\/><figcaption class=\"wp-element-caption\">JOSUE CORREA<\/figcaption><\/figure>\n\n\n\n<p>25.<\/p>\n\n\n\n<p>LAS IM\u00c1GENES DEL CONCIERTO DE MANOLO GARC\u00cdA EN HUELVA<\/p>\n\n\n\n<figure class=\"wp-block-image\" id=\"slide-26\"><img decoding=\"async\" src=\"https:\/\/www.huelvainformacion.es\/2024\/03\/01\/galerias_graficas\/imagenes-concierto-Manolo-Garcia-Huelva_1880523930_205444537_1024x683.jpg\" alt=\"Las im&aacute;genes del concierto de Manolo Garc&iacute;a en Huelva\"\/><figcaption class=\"wp-element-caption\">JOSUE CORREA<\/figcaption><\/figure>\n\n\n\n<p>26.<\/p>\n\n\n\n<p>LAS IM\u00c1GENES DEL CONCIERTO DE MANOLO GARC\u00cdA EN HUELVA<\/p>\n\n\n\n<figure class=\"wp-block-image\" id=\"slide-27\"><img decoding=\"async\" src=\"https:\/\/www.huelvainformacion.es\/2024\/03\/01\/galerias_graficas\/imagenes-concierto-Manolo-Garcia-Huelva_1880523931_205444618_1024x683.jpg\" alt=\"Las im&aacute;genes del concierto de Manolo Garc&iacute;a en Huelva\"\/><figcaption class=\"wp-element-caption\">JOSUE CORREA<\/figcaption><\/figure>\n\n\n\n<p>27.<\/p>\n\n\n\n<p>LAS IM\u00c1GENES DEL CONCIERTO DE MANOLO GARC\u00cdA EN HUELVA<\/p>\n\n\n\n<figure class=\"wp-block-image\" id=\"slide-28\"><img decoding=\"async\" src=\"https:\/\/www.huelvainformacion.es\/2024\/03\/01\/galerias_graficas\/imagenes-concierto-Manolo-Garcia-Huelva_1880523932_205444666_1024x683.jpg\" alt=\"Las im&aacute;genes del concierto de Manolo Garc&iacute;a en Huelva\"\/><figcaption class=\"wp-element-caption\">JOSUE CORREA<\/figcaption><\/figure>\n\n\n\n<p>28.<\/p>\n\n\n\n<p>De Josu\u00e9 Correo en Huelva Informaci\u00f3n &#8211; <a href=\"https:\/\/www.huelvainformacion.es\/galerias_graficas\/imagenes-concierto-Manolo-Garcia-Huelva_3_1880541966.html\">Las im\u00e1genes del concierto de Manolo Garc\u00eda en Huelva (huelvainformacion.es)<\/a><\/p>\n","protected":false},"excerpt":{"rendered":"<p>1. LAS IM\u00c1GENES DEL CONCIERTO DE MANOLO GARC\u00cdA EN HUELVA 2. LAS IM\u00c1GENES DEL CONCIERTO DE MANOLO GARC\u00cdA EN HUELVA 3. LAS IM\u00c1GENES DEL CONCIERTO DE MANOLO GARC\u00cdA EN HUELVA 4. LAS IM\u00c1GENES DEL CONCIERTO DE MANOLO GARC\u00cdA EN HUELVA 5. LAS IM\u00c1GENES DEL CONCIERTO DE MANOLO GARC\u00cdA EN HUELVA 6. LAS IM\u00c1GENES DEL CONCIERTO<a class=\"moretag\" href=\"https:\/\/www.manologarciaycia.com\/?p=23783\" title=\"Las im\u00e1genes del concierto de Manolo Garc\u00eda en Huelva\" target=\"_self\" rel=\"follow\"> <font face=arial size=2>[Leer m\u00e1s]<\/font> <\/a><\/p>\n","protected":false},"author":2,"featured_media":23784,"comment_status":"closed","ping_status":"closed","sticky":false,"template":"","format":"standard","meta":{"footnotes":""},"categories":[1],"tags":[],"class_list":["post-23783","post","type-post","status-publish","format-standard","has-post-thumbnail","hentry","category-manolo-garcia"],"_links":{"self":[{"href":"https:\/\/www.manologarciaycia.com\/index.php?rest_route=\/wp\/v2\/posts\/23783","targetHints":{"allow":["GET"]}}],"collection":[{"href":"https:\/\/www.manologarciaycia.com\/index.php?rest_route=\/wp\/v2\/posts"}],"about":[{"href":"https:\/\/www.manologarciaycia.com\/index.php?rest_route=\/wp\/v2\/types\/post"}],"author":[{"embeddable":true,"href":"https:\/\/www.manologarciaycia.com\/index.php?rest_route=\/wp\/v2\/users\/2"}],"replies":[{"embeddable":true,"href":"https:\/\/www.manologarciaycia.com\/index.php?rest_route=%2Fwp%2Fv2%2Fcomments&post=23783"}],"version-history":[{"count":1,"href":"https:\/\/www.manologarciaycia.com\/index.php?rest_route=\/wp\/v2\/posts\/23783\/revisions"}],"predecessor-version":[{"id":23785,"href":"https:\/\/www.manologarciaycia.com\/index.php?rest_route=\/wp\/v2\/posts\/23783\/revisions\/23785"}],"wp:featuredmedia":[{"embeddable":true,"href":"https:\/\/www.manologarciaycia.com\/index.php?rest_route=\/wp\/v2\/media\/23784"}],"wp:attachment":[{"href":"https:\/\/www.manologarciaycia.com\/index.php?rest_route=%2Fwp%2Fv2%2Fmedia&parent=23783"}],"wp:term":[{"taxonomy":"category","embeddable":true,"href":"https:\/\/www.manologarciaycia.com\/index.php?rest_route=%2Fwp%2Fv2%2Fcategories&post=23783"},{"taxonomy":"post_tag","embeddable":true,"href":"https:\/\/www.manologarciaycia.com\/index.php?rest_route=%2Fwp%2Fv2%2Ftags&post=23783"}],"curies":[{"name":"wp","href":"https:\/\/api.w.org\/{rel}","templated":true}]}}