{"id":23780,"date":"2024-03-01T11:45:29","date_gmt":"2024-03-01T10:45:29","guid":{"rendered":"https:\/\/www.manologarciaycia.com\/?p=23780"},"modified":"2024-03-01T11:45:31","modified_gmt":"2024-03-01T10:45:31","slug":"manolo-garcia-siempre-hemos-acabado-a-garrotazos-la-estupidez-humana-y-la-crueldad-siguen-campeando-y-a-las-pruebas-me-remito","status":"publish","type":"post","link":"https:\/\/www.manologarciaycia.com\/?p=23780","title":{"rendered":"Manolo Garc\u00eda:\u00a0\u00abSiempre hemos acabado a garrotazos. La estupidez humana y la crueldad siguen campeando, y a las pruebas me remito\u00bb"},"content":{"rendered":"\n<h2 class=\"wp-block-heading\">El artista, que ha colgado el cartel de &#8216;no hay billetes&#8217; para su cita en el Palacio de los Deportes, dice que un regreso futuro de El \u00daltimo de la Fila \u00abno es imposible pero s\u00ed improbable\u00bb<\/h2>\n\n\n\n<h2 class=\"wp-block-heading\">\u00abEl Roc\u00edo es el pueblo que m\u00e1s me gusta de Espa\u00f1a por una raz\u00f3n: porque las calles no son de asfalto ni empedradas sino de arena\u00bb, destaca en la entrevista<\/h2>\n\n\n\n<h2 class=\"wp-block-heading\">\u00abDir\u00eda que soy m\u00e1s feliz y que tengo m\u00e1s ilusi\u00f3n que cuando empezaba en esto porque ahora soy m\u00e1s consciente de la suerte que tengo, reconoce<\/h2>\n\n\n\n<p><strong>Manuel Garc\u00eda Garc\u00eda-P\u00e9rez (Barcelona, 1955)<\/strong>&nbsp;es para todos, porque casi que es como de la familia por su humildad, simpat\u00eda y cercan\u00eda, Manolo Garc\u00eda. Camino ya de los 70 a\u00f1os, que se dice pronto, asegura, en esta entrevista concedida a Huelva24.com desde el tren y poco antes de llegar a la capital onubense, que sigue teniendo, no la misma ilusi\u00f3n que hace ya casi medio siglo, cuando empez\u00f3 en el mundo de la m\u00fasica, sino todav\u00eda mucho m\u00e1s. Un ejemplo sin duda de vida, de lucha y de amor por una profesi\u00f3n en ocasiones maltratada.&nbsp;<strong>Aunque \u00e9l no s\u00f3lo es m\u00fasico sino un polifac\u00e9tico artista<\/strong>&nbsp;que tambi\u00e9n por ejemplo pinta a las mil maravillas. Sin\u00f3nimo de &#8216;cultureta&#8217; con may\u00fasculas.<\/p>\n\n\n\n<p>Va a seguir &#8216;dando la vara&#8217; y emocionando a la gente con sus canciones en los escenarios hasta que el cuerpo aguante, y con la tralla y mentalidad que tiene apunta a ser todav\u00eda (afortunadamente) durante mucho tiempo m\u00e1s. De momento los aficionados onubenses a su m\u00fasica est\u00e1n de suerte.<strong>&nbsp;5.000 de ellos se dar\u00e1n cita este viernes (Palacio de los Deportes Carolina Mar\u00edn, 21.00 horas)<\/strong>&nbsp;para disfrutar de un concierto de su &#8216;Gira de Teatros&#8217; para el que ha colgado el &#8216;cartel de no hay billetes&#8217;. A buen seguro que no les defraudar\u00e1 en una cita en la que ir\u00e1 de menos a m\u00e1s y que llegar\u00e1 con alguna sorpresa. Porque Manolo Garc\u00eda es as\u00ed. La emoci\u00f3n est\u00e1 asegurada. Pasen y (lean) vean.<\/p>\n\n\n\n<p><strong>PREGUNTA.- Para ir calentando motores, \u00bfqu\u00e9 se va a encontrar la gente que acuda este viernes a su concierto en Huelva?<\/strong><\/p>\n\n\n\n<p><strong>RESPUESTA.-<\/strong>&nbsp;Ser\u00e1 un concierto en el que presentar\u00e9 algunos temas de los dos \u00faltimos discos que he compuesto (Mi Vida en Marte y Desatinos Desplumados), pero luego l\u00f3gicamente repasar\u00e9 tambi\u00e9n otros de toda mi trayectoria, una cosa que es dif\u00edcil de hacer porque he trabajado ya en m\u00e1s de 300 canciones. Son seis o siete discos con El \u00daltimo de la Fila, nueve m\u00edos en solitario y algunos tambi\u00e9n de Los R\u00e1pidos y de Los Burros. A veces cuesta hacer las listas por descartar, y reducir una cantidad de canciones inmensa a unas 23 \u00f3 25 que al final son las que acabas cantando no es una tarea f\u00e1cil.<\/p>\n\n\n\n<p><strong>P.- \u00bfY qu\u00e9 mensaje le dar\u00eda a los que van a estar all\u00ed aplaudiendo y cantando sus canciones?<\/strong><\/p>\n\n\n\n<p><strong>R.-<\/strong>&nbsp;Para m\u00ed hay una cosa que menciono siempre. De hecho la gira que voy a empezar en breve, que va a ser grande, tiene un t\u00edtulo digamos de llamada. Es algo as\u00ed como &#8216;paremos ya de contaminar con las energ\u00edas f\u00f3siles&#8217;. Yo les dir\u00eda que cuiden mucho la provincia dentro de las posibilidades de cada uno, que lleven una vida relajada y que tirar un poquito a veces de lo espiritual es conveniente y no todo tiene por qu\u00e9 ser material.<\/p>\n\n\n\n<p><strong>P.- \u00bfTiene el mismo nerviosismo cuando act\u00faa delante de 200 personas que cuando lo hace, como por ejemplo va a ocurrir en Huelva, ante 5.000?<\/strong><\/p>\n\n\n\n<p><strong>R.-<\/strong>&nbsp;No pasa nada. Antes de un concierto nunca tengo nervios. Para m\u00ed subirme a un escenario es la casa en la que he elegido estar. Siempre hay un punto de preocupaci\u00f3n por la necesidad de que todo vaya bien porque l\u00f3gicamente no todo depende de ti y puede haber imponderables t\u00e9cnicos y t\u00fa ah\u00ed est\u00e1s en el aire. Pero a m\u00ed no me preocupa el momento previo porque yo salgo alegre al escenario y nunca salgo crispado ni nervioso. Salgo con la certeza de que nos espera un rato agradable en un b\u00e1lsamo del d\u00eda porque los d\u00edas pueden sucederse de diferentes maneras y hay momentos para todo, pero generalmente se desarrollan con rutinas y h\u00e1bitos que no despiertan el \u00e1nimo. Act\u00faas a veces adormecido y de manera mec\u00e1nica en la vida. Cambias la rueda del coche en el taller, vas a comprar al supermercado, sacas a pasear al perrito\u2026 No es nada emocionante y por eso uno sube al escenario con la sensaci\u00f3n de que se dirige hacia algo emocional.<\/p>\n\n\n\n<p><strong>P.- \u00bfD\u00f3nde encuentra la motivaci\u00f3n para tener la misma ilusi\u00f3n cuando se sube a un escenario que cuando empezaba? No debe ser f\u00e1cil llevando ya tantos a\u00f1os en esto&#8230;<\/strong><\/p>\n\n\n\n<p><strong>R.-<\/strong>&nbsp;Bueno, est\u00e1 el amor por el oficio y la certeza de que elegiste bien cuando en la mocedad tienes un poco el mundo ante ti. La elecci\u00f3n a veces es dificultosa pero yo tuve bastante punter\u00eda al elegir este mundo. Nunca pens\u00e9 que quer\u00eda ser rico ni famoso. Empec\u00e9 con grupos de baile y con orquestas y pas\u00e9 diez a\u00f1os en esta actividad que fueron muy felices para m\u00ed. Y entonces empec\u00e9 a pensar que me urg\u00eda trabajar en tener un di\u00e1logo con el mundo y aqu\u00ed seguimos con este oficio.<\/p>\n\n\n\n<p><strong>P.- \u00bfQu\u00e9 queda del Manolo Garc\u00eda de Los R\u00e1pidos y de Los Burros?<\/strong><\/p>\n\n\n\n<p><strong>R.-<\/strong>\u00a0Siendo la misma persona queda la ilusi\u00f3n por la m\u00fasica y sobre todo por las canciones. Este mi\u00e9rcoles por ejemplo estuve todo el d\u00eda trabajando en un peque\u00f1o estudio y grabando y fui completamente feliz. Yo dir\u00eda que m\u00e1s que cuando empezaba en esto porque soy m\u00e1s consciente de la suerte que tengo.<\/p>\n\n\n\n<p>\u201cA m\u00ed el Sur me toca la fibra. Esa forma de ver las cosas de manera sencilla y tranquila concuerda con mi sentir de la vida\u201d<\/p>\n\n\n\n<p><strong>P.- \u00bfQu\u00e9 tiene de andaluz Manolo Garc\u00eda?<\/strong><\/p>\n\n\n\n<p><strong>R.-<\/strong>&nbsp;Mis ra\u00edces familiares vienen de una tierra por as\u00ed decirlo cruce de fronteras. A d\u00eda de hoy confluyen cuatro provincias, Murcia, Albacete, Ja\u00e9n y Granada, en esa punta. Y en tiempos no demasiado remotos, tan solo unos pocos siglos atr\u00e1s, eran reinos de taifas. Fueron el Reino de Granada, el de Denia, el de Murcia\u2026, y es un pasado muy cercano y Andaluc\u00eda tiene bastante, por ser el \u00faltimo territorio musulm\u00e1n en la pen\u00ednsula, de reino andalus\u00ed. Y eso tambi\u00e9n influye a nivel cultural en la m\u00fasica, aunque por ejemplo dicen que el flamenco viene de la India. Pero bueno, en esta tierra est\u00e1 ese toque de la m\u00fasica con entonaciones m\u00e1s orientales. Hay algo subyugante que capta y eso lo llevo puesto, no s\u00e9 por qu\u00e9. Como pr\u00e1cticamente a todo el mundo, me gusta la m\u00fasica anglosojana, que es la que impera ya desde hace bastantes d\u00e9cadas, pero luego hay otra parte sure\u00f1a, en el caso de nuestra pen\u00ednsula, que tambi\u00e9n me atrae. A m\u00ed el Sur me toca la fibra.<\/p>\n\n\n\n<p><strong>P.- Y esta tierra ha influido en el estilo musical de parte de sus canciones y en muchas letras de las mismas.<\/strong><\/p>\n\n\n\n<p><strong>R.-<\/strong>&nbsp;A veces uno se hace una idea personal de lo que ser\u00eda el hedonismo y un mundo en el que los seres humanos pudiesen vivir a un ritmo m\u00e1s lento. Ese punto de mayor languidez sure\u00f1a, y el clima tambi\u00e9n, provoca que se tenga una mayor tranquilidad, y eso concuerda con mi sentir de la vida. Llevamos una actividad fren\u00e9tica normalmente en nuestro d\u00eda a d\u00eda y por eso pienso que la gente que vive de una manera m\u00e1s pausada y relajada tiene raz\u00f3n. Opino que son los que mejor van y los prefiero a la gente que va con frenes\u00ed y al capitalismo y a la gente radical que lleva hasta el extremo las proclamas y las urgencias de sus submundos. Creo que est\u00e1n en un error porque la vida es un sue\u00f1o, como dijo Calder\u00f3n, y pasamos del sue\u00f1o en un frenes\u00ed. Por eso la cierta pereza y lentitud, y con esto no quiero decir para nada que la gente del Sur sea perezosa, y esa manera de ver la vida de manera tan sencilla y pensando en trabajar para vivir y no en vivir para trabajar, completamente es algo que me gusta.<\/p>\n\n\n\n<p><strong>P.- \u00bfDe Huelva capital o provincia conoce algo?<\/strong><\/p>\n\n\n\n<p><strong>R.-<\/strong>&nbsp;Conozco un poco lo que es la zona del coto de Do\u00f1ana y El Roc\u00edo y creo que es el pueblo que m\u00e1s me gusta de Espa\u00f1a por una raz\u00f3n, y es porque las calles no son de asfalto sino de arena. Yo odio el asfalto y que los pies humanos pisen el duro asfalto. Es un sufrimiento y a m\u00ed me gusta la tierra y la hierba. Un sitio sin adoquinar y sin empedrar ni asfaltar como es El Roc\u00edo es lo m\u00e1s bonito del mundo, como era el antiguo Oeste.<\/p>\n\n\n\n<p><strong>P.- \u00bfC\u00f3mo ve el panorama actual con tanta corrupci\u00f3n pol\u00edtica, con los chavales todo el d\u00eda metidos en redes sociales desde muy peque\u00f1os, con el cambio clim\u00e1tico que se est\u00e1 cargando el planeta\u2026? Parece que cualquier tiempo pasado fue mejor, \u00bfo es optimista de cara al futuro?<\/strong><\/p>\n\n\n\n<p><strong>R.-<\/strong>\u00a0Creo que la esencia humana no ha variado mucho con el paso de los miles y miles de a\u00f1os. Es muy concreta y pienso que no hemos avanzado. Ha habido unas mejoras en diferentes \u00e1mbitos y podr\u00eda decirse que las cotas de progreso disimulan mejor el primitivismo de la precariedad y de lo incierto de nuestras vidas. Pero, aunque hay avances fascinantes y muy convenientes, la estupidez humana y la crueldad siguen campeando, y a las pruebas me remito. Pero decir que antes era mejor que ahora no s\u00e9&#8230; Siempre hemos acabado a garrotazos. Desde que bajamos de los \u00e1rboles los monos se peleaban por los frutos y ahora peleamos por las tierras y por la nada. Porque al final todo el mundo lo que se va a llevar al otro mundo es eso, nada.<\/p>\n\n\n\n<p>\u00abEn los a\u00f1os setenta hab\u00eda unos fogonazos potentes de m\u00fasica porque a\u00fan no se mov\u00eda tanto dinero, pero a partir de ah\u00ed la industria es la que manda\u00bb<\/p>\n\n\n\n<p><strong>P.- A nivel musical, \u00bfqu\u00e9 escucha \u00faltimamente?<\/strong><\/p>\n\n\n\n<p><strong>R.-<\/strong>&nbsp;Yo sigo oyendo a Lole y Manuel, a Camar\u00f3n, \u00faltimamente me ha dado por o\u00edr a Paco de Luc\u00eda, y los Killers para m\u00ed son la ostia.<\/p>\n\n\n\n<p><strong>P.- \u00bfQu\u00e9 le parece el presente y el futuro de su gremio? \u00bfC\u00f3mo ve el panorama?<\/strong><\/p>\n\n\n\n<p><strong>R.-<\/strong>&nbsp;Me da igual el panorama. Ahora lo que se prioriza es la industria. En los a\u00f1os setenta hab\u00eda unos fogonazos potentes de m\u00fasica porque a\u00fan no se mov\u00eda tanto dinero con la m\u00fasica. Pero desde que se empez\u00f3 a mover la industria es la que manda, la que paga, la que manipula&#8230; Pero m\u00fasica buena claro que hay y siempre la va a haber. Los humanos siempre vamos a tener esa capacidad, que es un peque\u00f1o regalo de los dioses en este valle de l\u00e1grimas. El arte y la cultura siempre generan un aporte nuevo y viene gente joven que abre su caja de posibilidades y nos la muestra.<\/p>\n\n\n\n<p><strong>P.- \u00bfDe d\u00f3nde le viene la inspiraci\u00f3n para componer?<\/strong><\/p>\n\n\n\n<p><strong>R.-<\/strong>&nbsp;De la sensibilidad, de tener ojos en la cara y de esa cosa que nos aporta la vida de que tienes algo de observador. Esa acumulaci\u00f3n de informaci\u00f3n, de conocimiento, de datos emocionales, de lo que ves, de las giras, de lo que te cuentan&#8230; al final hay que sacarlas por alg\u00fan lado porque si no explotan. En definitiva, de esa tentaci\u00f3n de seguir existiendo.<\/p>\n\n\n\n<p><strong>P.- \u00bfY ahora mismo est\u00e1 componiendo? \u00bfPuede haber pronto nuevo disco en el mercado?<\/strong><\/p>\n\n\n\n<p><strong>R.-<\/strong>\u00a0Este a\u00f1o con tantos conciertos tengo puesta ah\u00ed la energ\u00eda pero m\u00fasica nueva sigo haciendo a ratos, como por ejemplo este mi\u00e9rcoles que estuve en el estudio. Yo soy de los que cocina a fuego lento y no corro. Generalmente para un nuevo disco siempre pasan dos o tres a\u00f1os. Si ahora mismo no tuviera conciertos estoy bastante pele\u00f3n y cojo carrerilla, pero al tener conciertos cada semana la cosa cambia. Pero bueno, en cuanto pueda me pondr\u00e9 porque mis ganas de componer no solamente no han menguado sino que han crecido y tengo libretas llenas de cosas que escribo, de grabaciones caseras con tonter\u00edas que se me ocurren. Son chorradas de fragmentos de un minuto, melod\u00edas, dos acordes\u2026 Pero de cien cosas que grabo a lo mejor van a prosperar tres. Estoy en ello y no puedo parar. Digamos que por donde voy llevo mis ganas.<\/p>\n\n\n\n<p>\u00abMis ganas de componer no solamente no han menguado sino que han crecido y tengo libretas llenas de cosas que escribo\u00bb<\/p>\n\n\n\n<p><strong>P.- Como pod\u00eda esperarse, el recopilatorio que sac\u00f3 en Navidad junto a Quimi Portet con canciones m\u00edticas de El \u00daltimo de la Fila ha sido un gustazo para vuestros seguidores\u2026<\/strong><\/p>\n\n\n\n<p><strong>R.-<\/strong>&nbsp;Nosotros tampoco nos planteamos eso como una cuesti\u00f3n comercial. Fue m\u00e1s bien una cuesti\u00f3n de una reuni\u00f3n de almas, de dos personas que se juntan y con la excusa de grabar unas canciones cae un arroz, un vaso de vino, unas risas\u2026 As\u00ed que fue tratar de llenar unos d\u00edas de una forma muy bonita, simp\u00e1tica y agradable y con la satisfacci\u00f3n que da saber que tienes canciones que han gustado y que algunas de ellas forman parte un poco del imaginario de este pa\u00eds a nivel musical. As\u00ed que muy mal se ten\u00eda que dar, con la ilusi\u00f3n que tiene la gente, para que lo que hici\u00e9ramos juntos Quimi y yo no gustara m\u00ednimamente. Pero sobre todo fue algo muy divertido y muy entra\u00f1able.<\/p>\n\n\n\n<p><strong>P.- No le voy a preguntar por si hay posibilidad de que os volv\u00e1is a juntar para grabar de nuevo un disco de El \u00daltimo de la Fila casi 30 a\u00f1os despu\u00e9s, pero s\u00ed por si hay alguno opci\u00f3n de hacer juntos una peque\u00f1a gira de conciertos que seguro que ser\u00eda todo un regalo para los nost\u00e1lgicos.<\/strong><\/p>\n\n\n\n<p><strong>R.-<\/strong>\u00a0Es que lo que pasa es que al dejar El \u00daltimo de la Fila ninguno de los dos dej\u00f3 la m\u00fasica para dedicarse a otras cosas, con lo cual no hay esa necesidad de decir &#8216;llev\u00f3 25 a\u00f1os dedic\u00e1ndome a trabajar en una empresa y ahora me apetece volver a tocar en El \u00daltimo&#8230;&#8217;. No, hemos seguido igual. Quimi desde entonces ha hecho 11 discos y yo nueve hasta el d\u00eda de hoy. \u00c9l mayormente lo ha hecho en Catalu\u00f1a porque \u00e9l canta en catal\u00e1n, y yo tambi\u00e9n he seguido con lo m\u00edo, con lo cual no es imposible pero s\u00ed improbable. En esta vida no hay nada imposible.<\/p>\n\n\n\n<p>Fuente: Ricardo Ubric &#8211; Huelva 24 &#8211; <a href=\"https:\/\/www.huelva24.com\/cultura\/manolo-garcia-siempre-acabado-garrotazos-estupidez-humana-20240229214405-nth.html\">Manolo Garc\u00eda: \u00abSiempre hemos acabado a garrotazos. La estupidez humana y la crueldad siguen campeando, y a las pruebas me remito\u00bb (huelva24.com)<\/a><\/p>\n","protected":false},"excerpt":{"rendered":"<p>El artista, que ha colgado el cartel de &#8216;no hay billetes&#8217; para su cita en el Palacio de los Deportes, dice que un regreso futuro de El \u00daltimo de la Fila \u00abno es imposible pero s\u00ed improbable\u00bb \u00abEl Roc\u00edo es el pueblo que m\u00e1s me gusta de Espa\u00f1a por una raz\u00f3n: porque las calles no<a class=\"moretag\" href=\"https:\/\/www.manologarciaycia.com\/?p=23780\" title=\"Manolo Garc\u00eda:\u00a0\u00abSiempre hemos acabado a garrotazos. La estupidez humana y la crueldad siguen campeando, y a las pruebas me remito\u00bb\" target=\"_self\" rel=\"follow\"> <font face=arial size=2>[Leer m\u00e1s]<\/font> <\/a><\/p>\n","protected":false},"author":2,"featured_media":23781,"comment_status":"closed","ping_status":"closed","sticky":false,"template":"","format":"standard","meta":{"footnotes":""},"categories":[1],"tags":[],"class_list":["post-23780","post","type-post","status-publish","format-standard","has-post-thumbnail","hentry","category-manolo-garcia"],"_links":{"self":[{"href":"https:\/\/www.manologarciaycia.com\/index.php?rest_route=\/wp\/v2\/posts\/23780","targetHints":{"allow":["GET"]}}],"collection":[{"href":"https:\/\/www.manologarciaycia.com\/index.php?rest_route=\/wp\/v2\/posts"}],"about":[{"href":"https:\/\/www.manologarciaycia.com\/index.php?rest_route=\/wp\/v2\/types\/post"}],"author":[{"embeddable":true,"href":"https:\/\/www.manologarciaycia.com\/index.php?rest_route=\/wp\/v2\/users\/2"}],"replies":[{"embeddable":true,"href":"https:\/\/www.manologarciaycia.com\/index.php?rest_route=%2Fwp%2Fv2%2Fcomments&post=23780"}],"version-history":[{"count":1,"href":"https:\/\/www.manologarciaycia.com\/index.php?rest_route=\/wp\/v2\/posts\/23780\/revisions"}],"predecessor-version":[{"id":23782,"href":"https:\/\/www.manologarciaycia.com\/index.php?rest_route=\/wp\/v2\/posts\/23780\/revisions\/23782"}],"wp:featuredmedia":[{"embeddable":true,"href":"https:\/\/www.manologarciaycia.com\/index.php?rest_route=\/wp\/v2\/media\/23781"}],"wp:attachment":[{"href":"https:\/\/www.manologarciaycia.com\/index.php?rest_route=%2Fwp%2Fv2%2Fmedia&parent=23780"}],"wp:term":[{"taxonomy":"category","embeddable":true,"href":"https:\/\/www.manologarciaycia.com\/index.php?rest_route=%2Fwp%2Fv2%2Fcategories&post=23780"},{"taxonomy":"post_tag","embeddable":true,"href":"https:\/\/www.manologarciaycia.com\/index.php?rest_route=%2Fwp%2Fv2%2Ftags&post=23780"}],"curies":[{"name":"wp","href":"https:\/\/api.w.org\/{rel}","templated":true}]}}