{"id":23777,"date":"2024-03-01T11:41:57","date_gmt":"2024-03-01T10:41:57","guid":{"rendered":"https:\/\/www.manologarciaycia.com\/?p=23777"},"modified":"2024-03-01T11:41:58","modified_gmt":"2024-03-01T10:41:58","slug":"manolo-garcia-en-los-conciertos-todos-nos-olvidamos-un-poquito-de-nuestros-problemas","status":"publish","type":"post","link":"https:\/\/www.manologarciaycia.com\/?p=23777","title":{"rendered":"Manolo Garc\u00eda: \u201cEn los conciertos, todos nos olvidamos un poquito de nuestros problemas\u201d"},"content":{"rendered":"\n<ul class=\"wp-block-list\">\n<li>El artista es el encargado de estrenar el \u2018Carolina Mar\u00edn\u2019 como espacio de conciertos en un espect\u00e1culo que promete hacer \u201cfelices\u201d a sus seguidores, que agotaron hace meses las entradas<\/li>\n<\/ul>\n\n\n\n<p>Lo de Manolo no es normal. No lo es, por ejemplo, que despu\u00e9s de<strong>&nbsp;m\u00e1s de 40 a\u00f1os sobre los escenarios siga agotando, como si nada, las entradas de todos sus conciertos<\/strong>&nbsp;(las de Huelva&nbsp;<a href=\"https:\/\/www.huelvainformacion.es\/huelva\/Agotadas-concierto-Manolo-Garcia-Huelva_0_1858315901.html\" target=\"_blank\" rel=\"noreferrer noopener\">le duraron dos d\u00edas<\/a>), ni es normal que, invariablemente, coloque cada disco que saca en el n\u00famero uno de las listas de ventas, y&nbsp;<strong>no dir\u00e1n que no es raro ver hoy en d\u00eda a un artista que no opine sobre cualquier cosa en su cuenta en&nbsp;<em>Twitter<\/em><\/strong>&nbsp;(o&nbsp;<em>X<\/em>&nbsp;o como se llame ahora), ni publicando agudas reflexiones o bailes ensayados en&nbsp;<em>Tiktok<\/em>&nbsp;ni presumiendo en&nbsp;<em>Instagram<\/em>&nbsp;de lo que comen o de lo bonita que est\u00e1 la playa. Manolo es tan raro (tan \u201cmarciano\u201d) que&nbsp;<strong>no le interesa saber cu\u00e1ntos oyentes mensuales tiene en&nbsp;<em>Spotify<\/em><\/strong>. De hecho, ni siquiera sabe c\u00f3mo diablos lo miden ni c\u00f3mo hemos acabado teni\u00e9ndolo en cuenta para decidir qu\u00e9 es o no un \u00e9xito musical. Es tan suyo que un d\u00eda se le ocurri\u00f3 que la mejor forma de reponerse de la parada forzosa que lo retir\u00f3 de los escenarios en 2022 ser\u00eda coger carrerilla con una gira antes de empezar con otra\u2026 inmediatamente despu\u00e9s.<strong>&nbsp;La de Huelva es la pen\u00faltima parada de su ciclo de actuaciones en teatros y peque\u00f1os recintos que cerrar\u00e1 la semana que viene en C\u00e1ceres<\/strong>. No tardar\u00e1 mucho en volver: en mayo sale de nuevo a la carretera para tocar, esta vez s\u00ed, en los escenarios nacionales m\u00e1s emblem\u00e1ticos, que por supuesto ya est\u00e1, a meses vista, llenando hasta la bandera. Como si fuera lo m\u00e1s normal del mundo. Manolo Garc\u00eda no parece darle demasiada importancia.<strong>&nbsp;Lo que le interesa de verdad es \u201clevantarme cada d\u00eda\u201d, dice, ponerse \u201cun poco de m\u00fasica tomando un caf\u00e9\u201d<\/strong>&nbsp;y ya luego, si toca, comerse \u00abcon patatas\u201d los problemas del d\u00eda a d\u00eda cantando y disfrutando con unas cuantas miles de personas. Hoy le toca a Huelva, donde el artista estrena el Pabell\u00f3n<em>&nbsp;Carolina Mar\u00edn<\/em>&nbsp;como espacio para conciertos prometiendo solo una cosa: \u201cfelicidad\u201d. Parece imposible, \u00bfverdad? Pues ya ver\u00e1n c\u00f3mo lo consigue.<\/p>\n\n\n\n<p><strong>-Viendo las im\u00e1genes de esta gira parece un pregunta tonta, pero \u00bfC\u00f3mo va esa salud? \u00bfYa est\u00e1 totalmente repuesto?<\/strong><\/p>\n\n\n\n<p>-La salud muy bien, gracias&nbsp;<em>(r\u00ede)<\/em>. Hice lo que me dijeron que hiciera y parece que ha funcionado. Parar era necesario. La verdad es que tengo una hoja de servicios muy limpia. Desde que empec\u00e9 a hacer conciertos con&nbsp;<em>Los R\u00e1pidos&nbsp;<\/em>en el a\u00f1o 81, y despu\u00e9s con&nbsp;<em>Los Burros&nbsp;<\/em>y con&nbsp;<em>El \u00daltimo de la Fila<\/em>, nunca hab\u00eda suspendido un concierto, y mucho menos varios, y mira que ha habido d\u00edas, por ejemplo con la lluvia, en los que me he encontrado con la opini\u00f3n en contra de t\u00e9cnicos, del personal de seguridad\u2026 de todo el mundo. Nunca lo hab\u00eda hecho, me la he jugado pensando siempre en el p\u00fablico, pero cuando te dicen que tienes un problema m\u00e9dico serio y que tienes que parar&#8230; Bueno, digamos que ah\u00ed ya la cosa cambia. Tuve que hacerlo, me qued\u00e9 un poco desangelado, pero pens\u00e9 que si hac\u00eda lo que me dec\u00edan volver\u00eda todo a su sitio. \u00bfQue hay que descansar? Pues se descansa y ya est\u00e1.<\/p>\n\n\n\n<p><strong>-\u00bfEn alg\u00fan momento pens\u00f3 que podr\u00eda no volver a dar un concierto?<\/strong><\/p>\n\n\n\n<p>-Soy una persona bastante esperanzada. Muy esc\u00e9ptico ante todo lo que me rodea, pero a la vez soy muy positivo y participativo. Hago muchas cosas: pinto, leo, trabajo con grupos ecologistas, escribo\u2026 No paro, as\u00ed que mi vida no gira solo en torno a la m\u00fasica. No tengo ese punto de fijaci\u00f3n. S\u00e9 que esto se tendr\u00e1 que acabar alg\u00fan d\u00eda, y que habr\u00e1 altibajos, y no tengo esa desesperanza de que si esto se acaba, se me acaba todo. Cuando par\u00e9 no pens\u00e9: \u201cAy, \u00bfy ahora qu\u00e9 voy a hacer?\u201d, para nada. Solo me puse a otras cosas. A pintar, a leer much\u00edsimo&#8230; Es verdad que no ten\u00eda ni idea de cu\u00e1ndo podr\u00eda volver, pero tampoco estaba angustiado por eso. Incluso si me hubiera planteado que fuera algo definitivo\u2026 oye, pues no pasa nada. No tengo la enfermedad del aplauso. No lo necesito. Ayer mismo estuve un rato en el estudio y fui muy feliz solo con tocar y hacer alguna maqueta\u2026 Por supuesto que nadie quiere parar una gira, pero si hay que hacerlo por fuerza mayor, pues se hace. Mientras hay vida hay esperanza.<\/p>\n\n\n\n<blockquote class=\"wp-block-quote is-layout-flow wp-block-quote-is-layout-flow\">\n<p>\u00abNO TENGO LA ENFERMEDAD DEL APLAUSO, NO LO NECESITO. AYER MISMO ESTUVE UN RATO EN EL ESTUDIO Y FUI MUY FELIZ\u00bb<\/p>\n<\/blockquote>\n\n\n\n<p><strong>-\u00bfEn esa tesitura surgi\u00f3 la idea de reunirte de nuevo con Quimi Portet en un estudio a regrabar canciones de El \u00daltimo de la Fila y sacarlas en un nuevo disco?<\/strong><\/p>\n\n\n\n<p>-S\u00ed, claro. Ha sido totalmente por gusto, por el placer de grabar, porque los discos ya no se venden. Casi ni existe el disco f\u00edsico. Se lo han cargado aposta unos cuantos que han querido quedarse con todo lo que antes se repart\u00eda entre muchos. Esto de los discos es una injusticia m\u00e1s, como tantas. Empezando por la&nbsp; reivindicaci\u00f3n actual de agricultores y ganaderos, que llevan tantos a\u00f1os padeciendo y a los que por fin estamos escuchando, y terminando por la m\u00fasica, como en otros muchos sectores. La inteligencia artificial, los ordenadores, la rob\u00f3tica, las redes\u2026 Al final lo que tenemos es un&nbsp;<em>aborregamiento<\/em>&nbsp;total del personal. Todos estamos cada vez un poco m\u00e1s tontos, y eso termina enriqueciendo solo a unos cuantos. Un enriquecimiento absurdo, adem\u00e1s, porque no se van a llevar nada al otro barrio.<\/p>\n\n\n\n<blockquote class=\"wp-block-quote is-layout-flow wp-block-quote-is-layout-flow\">\n<p>\u00abEL DISCO F\u00cdSICO SE LO HAN CARGADO APOSTA UNOS CUANTOS QUE HAN QUERIDO QUEDARSE CON TODO EL NEGOCIO\u201d<\/p>\n<\/blockquote>\n\n\n\n<p><strong>-Ahora el \u00e9xito de un m\u00fasico se mide en oyentes o reproducciones de Spotify y el resto de plataformas\u2026<\/strong><\/p>\n\n\n\n<p>-F\u00edjate que&nbsp;<em>El \u00daltimo de la Fila<\/em>&nbsp;ha estado mucho tiempo sin entrar ah\u00ed. No lo hemos permitido porque creemos que es un robo. Lo que pagan es una miseria, es flagrante, pero como tampoco podemos andar descolgados todo el rato, pues hace poco decidimos meternos. Todo el mundo traga al final. Cuando en&nbsp;<em>Prefiero el trapecio<\/em>&nbsp;digo que somos muy buena gente, jol\u00edn, es que de verdad lo somos. Estamos siempre al pie del ca\u00f1\u00f3n, el que puede se levanta, se ducha, se peina, paga sus impuestos, se toma su caf\u00e9 y se va a currar. Los ciudadanos aguantamos&nbsp;<em>tela<\/em>, pero hay cosas que claman al cielo. Lo de los m\u00fasicos, como lo de tantos colectivos, es una m\u00e1s. Para m\u00ed lo peor es que jueguen con la ilusi\u00f3n de los m\u00fasicos j\u00f3venes, que est\u00e1n deseando entrar ah\u00ed, se pagan la grabaci\u00f3n, el videoclip\u2026 se lo pagan todo y las plataformas les devuelven poqu\u00edsimo. Han montado un negocio perfecto: tienen una vaca que les da leche todo el tiempo a cambio de un manojito de hierba. A m\u00ed lo que no me puede quitar nadie es el rato que hemos echado Quimi y yo en el trabajo. El arrocito, la cervecita, tomar un caf\u00e9 o charlar un rato con los m\u00fasicos\u2026 Pero la gente joven s\u00ed deber\u00eda levantarse y decir que ya est\u00e1 bien de pagarles la fiesta.<\/p>\n\n\n\n<figure class=\"wp-block-image\"><a href=\"https:\/\/www.huelvainformacion.es\/2024\/02\/29\/huelva\/Manolo-Garcia-concierto_1880222836_205330782_1200x675.jpg\"><img decoding=\"async\" src=\"https:\/\/www.huelvainformacion.es\/2024\/02\/29\/huelva\/Manolo-Garcia-concierto_1880222836_205330782_1200x675.jpg\" alt=\"Manolo Garc\u00eda, durante un concierto.\"\/><\/a><figcaption class=\"wp-element-caption\">Manolo Garc\u00eda, durante un concierto.<\/figcaption><\/figure>\n\n\n\n<p><strong>-Con todo, el sector de la m\u00fasica en directo ha tenido muy buenos resultados este a\u00f1o.<\/strong><\/p>\n\n\n\n<p>-Aqu\u00ed se da una paradoja muy curiosa, y es que los m\u00fasicos trabajamos en dos cosas y nos pagan solo una. O un trabajo nos lo pagan y por el otro nos dan\u2026 pues una limosnilla. Oye, y adem\u00e1s es que no hay control ninguno. No se sabe ni cu\u00e1ntas bajadas de esas se hacen de cada canci\u00f3n. \u00a1Es un l\u00edo! Los m\u00fasicos j\u00f3venes est\u00e1n contentos solo por estar ah\u00ed, pero hay que advertirles de que est\u00e1n abusando de ellos, que tienen que reivindicar sus derechos.<\/p>\n\n\n\n<p><strong>-Se acerca el final de la \u2018gira de teatros\u2019 con la cita de hoy en Huelva \u00bfQu\u00e9 balance hace de estos conciertos?<\/strong><\/p>\n\n\n\n<p>-Ha sido una gira muy bonita porque la gente se lo est\u00e1 pasando bien, que para m\u00ed es lo importante.&nbsp; Eso es lo que me llevo. A d\u00eda de hoy el directo a\u00fan no me lo han robado. Lo paso bien, lo pasan bien los m\u00fasicos y lo pasamos bien con la gente. El p\u00fablico canta, participa\u2026 Durante un rato son felices, y no es decir por decir: yo lo veo. Veo sus ojos, sus sonrisas, sus caras. Hay alegr\u00eda, y esa ilusi\u00f3n es el pan de la gira. Por suerte para m\u00ed tengo un repertorio bastante conocido (por quienes me siguen, claro), as\u00ed que salimos ah\u00ed a cantar con un mont\u00f3n de amigos, a intercambiar emociones y olvidarnos un poquito de los problemas, del d\u00eda a d\u00eda m\u00e1s prosaico, del sufrimiento, del miedo\u2026 Durante un ratito nos los comemos con patatas, y eso nos hace muy felices.<\/p>\n\n\n\n<p><strong>-Va a estrenar el Carolina Mar\u00edn como recinto de conciertos. \u00bfQu\u00e9 espect\u00e1culo va a ver el p\u00fablico onubense?<\/strong><\/p>\n\n\n\n<p>-Lo que estoy haciendo es presentar un poco de los dos \u00faltimos discos, siete u ocho temas, y el resto es un repaso de lo mis canciones m\u00e1s conocidas, quitando alguna peque\u00f1a&nbsp;<em>marcianada<\/em>&nbsp;o alg\u00fan tema menos popular que me apetezca cantar. B\u00e1sicamente es eso: un poquito de presentaci\u00f3n y un poquito de lo que la gente espera o\u00edr y que m\u00ed me gusta cantar, claro.<\/p>\n\n\n\n<blockquote class=\"wp-block-quote is-layout-flow wp-block-quote-is-layout-flow\">\n<p>\u00abCUANDO CREO QUE TENGO COSAS QUE DECIR, LAS DIGO, Y CUANDO ACABO ME VOY. NO QUIERO SER INTERMINABLE\u201d<\/p>\n<\/blockquote>\n\n\n\n<p><strong>-\u00bfEsta gira ha sido una especie de preparaci\u00f3n, de \u2018calentamiento\u2019 para la que arranca en mayo?<\/strong><\/p>\n\n\n\n<p>-S\u00ed, ha sido, est\u00e1 siendo, un poco de continuaci\u00f3n de la anterior y de preparaci\u00f3n para la siguiente. Mi manera de trabajar siempre ha sido as\u00ed. Cuando creo que tengo cosas que decir, las digo, y cuando acabo, me voy y no doy m\u00e1s la matraca. No quiero ser interminable, no quiero hacerme pesado. Lo importante es que siempre que te vean haya cosas nuevas, adem\u00e1s de pasarlo bien, claro. Tampoco me ha interesado nunca hacer cuatro grandes conciertos y tirar&nbsp;<em>pa<\/em>&nbsp;casa. Siempre digo que soy como el vendedor de biblias. Me gusta ir de puerta en puerta, de ciudad en ciudad, porque eso es vida para m\u00ed. Pasear, visitar un museo, tomarme un vinito, ver a algunos amigos, el paisaje y el paisanaje de cada sitio al que voy. Pocos oficios te dan esta oportunidad. Y cantar y tocar, claro, que me apasiona. Ya a finales de noviembre considerar\u00e9 que quien haya tenido inter\u00e9s en verme, me habr\u00e1 visto,y entones parar\u00e9.<\/p>\n\n\n\n<figure class=\"wp-block-image\"><a href=\"https:\/\/www.huelvainformacion.es\/2024\/02\/29\/huelva\/BB3_1880222839_205330929_1200x1197.jpg\"><img decoding=\"async\" src=\"https:\/\/www.huelvainformacion.es\/2024\/02\/29\/huelva\/BB3_1880222839_205330929_1200x1197.jpg\" alt=\".\"\/><\/a><figcaption class=\"wp-element-caption\">.<\/figcaption><\/figure>\n\n\n\n<p><strong>-La nueva gira se presenta m\u00e1s el\u00e9ctrica, m\u00e1s potente<\/strong>.<\/p>\n\n\n\n<p>-Esta gira de teatros, o de p\u00fablico sentado, que estoy haciendo desde el a\u00f1o pasado no es tampoco especialmente ac\u00fastica. No hay un piano y una guitarra y ya est\u00e1, sino que tambi\u00e9n est\u00e1 siendo muy el\u00e9ctrica. Lo que pasa es que en recintos tan grandes, con el p\u00fablico de pie, dando saltos y tocando palmas\u2026 ah\u00ed ya pones el turbo, porque adem\u00e1s si no lo pones la gente se te aburre. Creo que todo el mundo sabe que soy muy pop, pero tambi\u00e9n muy rock. Me encanta escuchar a Lole y Manuel, a Camar\u00f3n, y ahora me ha dado por Paco de Luc\u00eda, pero a la vez tambi\u00e9n disfruto con Greenday, con Pearl Jam, o con Tequila\u2026 Yo me muevo ah\u00ed\u2026 en ese&nbsp;<em>bacalao,&nbsp;<\/em>y todo eso lo traslado a los conciertos.<\/p>\n\n\n\n<blockquote class=\"wp-block-quote is-layout-flow wp-block-quote-is-layout-flow\">\n<p>\u00abLA UNANIMIDAD ES TOTAL: EL CAMBIO CLIM\u00c1TICO VA EN SERIO Y NOS ESTAMOS QUEDANDO SIN TIEMPO\u201d<\/p>\n<\/blockquote>\n\n\n\n<p><strong>-Tambi\u00e9n viene con apellido: \u2018Cero emisiones contaminantes desde ya\u2019. Es toda una declaraci\u00f3n de intenciones\u2026<\/strong><\/p>\n\n\n\n<p>-S\u00ed, le he puesto ese t\u00edtulo porque creo que necesitamos una llamada de atenci\u00f3n. Hay que decir que estamos llegando tarde, que no podemos seguir permitiendo este aumento de temperatura del planeta, que es algo muy serio y que todos estos problemas que hay hoy, que son de por s\u00ed grav\u00edsimos, se van a acentuar por la confluencia de varios factores, empezando por la demograf\u00eda (en el a\u00f1o 2050 vamos a ser 10.000 millones), la escasez de recursos, la hambruna\u2026\u00a0 Ya no se trata de reciclar ni de ahorrar energ\u00eda en casa ni otras migajas, sino que tenemos que parar de contaminar ya. No se puede curar un c\u00e1ncer con tiritas. Hay que extirparlo, y no lo digo yo, sino los cient\u00edficos. Todos, en todo el mundo. La unanimidad es total: esto va en serio y no tenemos tiempo. Hay pruebas palpables, f\u00edsicas. F\u00edjate las temperaturas, o mira c\u00f3mo est\u00e1 Do\u00f1ana. Siempre he cre\u00eddo que hay que dejar un planeta lo m\u00e1s\u00a0<em>apa\u00f1aete<\/em>\u00a0posible a los hijos y a los nietos. As\u00ed que, bueno, en vez de llamarla \u2018Gira me rasco la barriga\u2019 o \u2018Gira qu\u00e9 contento estoy\u2019, pues le he puesto \u2018Gira cero emisiones contaminantes desde ya\u2019. Alguien lo leer\u00e1, digo yo. Esa es mi contribuci\u00f3n. De hormiguita, pero, sinceramente, creo que es lo que hay que hacer.<\/p>\n\n\n\n<p>Fuente: Huelva Informaci\u00f3n &#8211; Paco Mu\u00f1oz &#8211; <a href=\"https:\/\/www.huelvainformacion.es\/huelva\/Manolo-Garcia-conciertos-olvidamos-problemas_0_1880213893.html\">Manolo Garc\u00eda: \u201cEn los conciertos, todos nos olvidamos un poquito de nuestros problemas\u201d (huelvainformacion.es)<\/a><\/p>\n","protected":false},"excerpt":{"rendered":"<p>Lo de Manolo no es normal. No lo es, por ejemplo, que despu\u00e9s de&nbsp;m\u00e1s de 40 a\u00f1os sobre los escenarios siga agotando, como si nada, las entradas de todos sus conciertos&nbsp;(las de Huelva&nbsp;le duraron dos d\u00edas), ni es normal que, invariablemente, coloque cada disco que saca en el n\u00famero uno de las listas de ventas,<a class=\"moretag\" href=\"https:\/\/www.manologarciaycia.com\/?p=23777\" title=\"Manolo Garc\u00eda: \u201cEn los conciertos, todos nos olvidamos un poquito de nuestros problemas\u201d\" target=\"_self\" rel=\"follow\"> <font face=arial size=2>[Leer m\u00e1s]<\/font> <\/a><\/p>\n","protected":false},"author":2,"featured_media":23778,"comment_status":"closed","ping_status":"closed","sticky":false,"template":"","format":"standard","meta":{"footnotes":""},"categories":[1],"tags":[],"class_list":["post-23777","post","type-post","status-publish","format-standard","has-post-thumbnail","hentry","category-manolo-garcia"],"_links":{"self":[{"href":"https:\/\/www.manologarciaycia.com\/index.php?rest_route=\/wp\/v2\/posts\/23777","targetHints":{"allow":["GET"]}}],"collection":[{"href":"https:\/\/www.manologarciaycia.com\/index.php?rest_route=\/wp\/v2\/posts"}],"about":[{"href":"https:\/\/www.manologarciaycia.com\/index.php?rest_route=\/wp\/v2\/types\/post"}],"author":[{"embeddable":true,"href":"https:\/\/www.manologarciaycia.com\/index.php?rest_route=\/wp\/v2\/users\/2"}],"replies":[{"embeddable":true,"href":"https:\/\/www.manologarciaycia.com\/index.php?rest_route=%2Fwp%2Fv2%2Fcomments&post=23777"}],"version-history":[{"count":1,"href":"https:\/\/www.manologarciaycia.com\/index.php?rest_route=\/wp\/v2\/posts\/23777\/revisions"}],"predecessor-version":[{"id":23779,"href":"https:\/\/www.manologarciaycia.com\/index.php?rest_route=\/wp\/v2\/posts\/23777\/revisions\/23779"}],"wp:featuredmedia":[{"embeddable":true,"href":"https:\/\/www.manologarciaycia.com\/index.php?rest_route=\/wp\/v2\/media\/23778"}],"wp:attachment":[{"href":"https:\/\/www.manologarciaycia.com\/index.php?rest_route=%2Fwp%2Fv2%2Fmedia&parent=23777"}],"wp:term":[{"taxonomy":"category","embeddable":true,"href":"https:\/\/www.manologarciaycia.com\/index.php?rest_route=%2Fwp%2Fv2%2Fcategories&post=23777"},{"taxonomy":"post_tag","embeddable":true,"href":"https:\/\/www.manologarciaycia.com\/index.php?rest_route=%2Fwp%2Fv2%2Ftags&post=23777"}],"curies":[{"name":"wp","href":"https:\/\/api.w.org\/{rel}","templated":true}]}}