{"id":23774,"date":"2024-02-28T10:07:01","date_gmt":"2024-02-28T09:07:01","guid":{"rendered":"https:\/\/www.manologarciaycia.com\/?p=23774"},"modified":"2024-02-28T10:07:04","modified_gmt":"2024-02-28T09:07:04","slug":"manolo-garcia-arraso","status":"publish","type":"post","link":"https:\/\/www.manologarciaycia.com\/?p=23774","title":{"rendered":"\u00a1Manolo Garc\u00eda arras\u00f3!"},"content":{"rendered":"\n<p><strong>Con el Navarra Arena lleno hasta la bandera<\/strong>&nbsp;y el p\u00fablico sentado, pero no por eso menos animado, comenz\u00f3 la actuaci\u00f3n. Quedaban por delante tres horas de emoci\u00f3n, belleza y sentimientos a flor de piel. Les acompa\u00f1\u00f3 el sonido, que fue extraordinario durante toda la velada; no en vano hab\u00eda siete m\u00fasicos en escena, incluyendo guitarras, teclados, percusiones, viol\u00edn, bajo\u2026 No falt\u00f3 detalle.<\/p>\n\n\n\n<p>En cualquier caso, aunque todo en el concierto ray\u00f3 a gran altura (escenograf\u00eda, sonido, iluminaci\u00f3n\u2026), si hubo algo que brill\u00f3 y marc\u00f3 el pulso del show, ese fue\u00a0<strong>Manolo Garc\u00eda<\/strong>. Veterano y curtido en mil y un escenarios, pero siempre con la ilusi\u00f3n de un principiante. No es f\u00e1cil encontrar artistas que se le asemejen sobre las tablas. Durante los ciento ochenta minutos que dur\u00f3 el concierto, el catal\u00e1n cant\u00f3, bail\u00f3, corri\u00f3, pase\u00f3 entre el p\u00fablico en varias ocasiones, toc\u00f3 la guitarra y la arm\u00f3nica, se arrodill\u00f3 para tocar unos bongos, se anud\u00f3 al cuello un pa\u00f1uelico de San Ferm\u00edn, grit\u00f3, se carcaje\u00f3, golpe\u00f3 la tarima con un bast\u00f3n, se cambi\u00f3 de ropa, se tumb\u00f3 en un sof\u00e1, blandi\u00f3 un pie de micro del que colgaba un racimo de cucharas, areng\u00f3 a la audiencia con mensajes en favor de los agricultores\u2026 En definitiva, arras\u00f3. Y lo m\u00e1s importante, contagi\u00f3 al p\u00fablico, haci\u00e9ndole part\u00edcipe de su entusiasmo, logrando un grado de comuni\u00f3n nada frecuente en los directos. Un aut\u00e9ntico animal de escenario, t\u00edtulo que suele otorgarse con demasiada facilidad, pero que realmente pocos merecen.<\/p>\n\n\n\n<p><strong>l concierto estuvo dividido en dos partes de hora y media cada una<\/strong>. De hecho, casi podr\u00eda considerarse que fueron dos conciertos consecutivos con una pausa en medio de diez minutos (durante este receso, sortearon algunos regalos: una bater\u00eda infantil, un peluche y un jam\u00f3n). Despu\u00e9s de cuatro d\u00e9cadas largas de carrera, a Manolo Garc\u00eda le sobran las canciones y puede permitirse estos repertorios tan extensos. Su p\u00fablico, desde luego, se lo agradece mucho. El desarrollo de las dos partes fue similar: comienzo m\u00e1s calmado, centrado en canciones de su etapa solista con alg\u00fan gui\u00f1o a su \u00e9poca en El \u00daltimo de la Fila (Aviones plateados, Mar antiguo\u2026). Abundaron aqu\u00ed los medios tiempos, todos ellos bien cebados de poes\u00eda. Despu\u00e9s un peque\u00f1o set de canciones m\u00e1s aflamencadas, dejando ver la afici\u00f3n del catal\u00e1n por este g\u00e9nero, en el que sali\u00f3 al escenario una bailaora que aport\u00f3 vistosidad y espect\u00e1culo con sus danzas. Y final apote\u00f3sico en ambos casos: L\u00e1piz y tinta, San Fernando e Insurrecci\u00f3n en la primera parte; Somos levedad, Prefiero el trapecio, Carb\u00f3n y ramas secas en la segunda.<\/p>\n\n\n\n<p>Antes de despedirse definitivamente, present\u00f3 a sus m\u00fasicos, con especial atenci\u00f3n a&nbsp;<strong>I\u00f1igo Goldaracena<\/strong>, bajista navarro que lleva m\u00e1s de veinte a\u00f1os con \u00e9l. Agradeci\u00f3 el trabajo de sus t\u00e9cnicos y dijo adi\u00f3s con un par de versiones: El rey, que es ya parte de nuestro folclore, y La bamba. Nunca el tiempo es perdido, dice la canci\u00f3n. Y no lo fue, desde luego. Qu\u00e9 r\u00e1pidas pasaron las tres horas\u2026<\/p>\n\n\n\n<h2 class=\"wp-block-heading\">CONCIERTO DE MANOLO GARC\u00cdA<\/h2>\n\n\n\n<p><strong>Fecha<\/strong>: 24\/02\/2024.<\/p>\n\n\n\n<p><strong>Lugar<\/strong>: Navarra Arena.<\/p>\n\n\n\n<p><strong>Incidencias<\/strong>: Lleno, entradas agotadas. M\u00fasicos y p\u00fablico muy entregados. Se hab\u00edan dispuesto sillas en la pista, aunque fueron pocos los que permanecieron sentados en ellas. Tres horas de actuaci\u00f3n.<br><br>Fuente: Noticias de Navarra &#8211; Javier Escorzo &#8211; Foto Oskar Montero &#8211; <a href=\"https:\/\/www.noticiasdenavarra.com\/cultura\/2024\/02\/27\/manolo-garcia-arraso-7932818.html\">Cr\u00edtica del concierto de Manolo Garc\u00eda en el Navarra Arena (noticiasdenavarra.com)<\/a><\/p>\n","protected":false},"excerpt":{"rendered":"<p>Con el Navarra Arena lleno hasta la bandera&nbsp;y el p\u00fablico sentado, pero no por eso menos animado, comenz\u00f3 la actuaci\u00f3n. Quedaban por delante tres horas de emoci\u00f3n, belleza y sentimientos a flor de piel. Les acompa\u00f1\u00f3 el sonido, que fue extraordinario durante toda la velada; no en vano hab\u00eda siete m\u00fasicos en escena, incluyendo guitarras,<a class=\"moretag\" href=\"https:\/\/www.manologarciaycia.com\/?p=23774\" title=\"\u00a1Manolo Garc\u00eda arras\u00f3!\" target=\"_self\" rel=\"follow\"> <font face=arial size=2>[Leer m\u00e1s]<\/font> <\/a><\/p>\n","protected":false},"author":2,"featured_media":23775,"comment_status":"closed","ping_status":"closed","sticky":false,"template":"","format":"standard","meta":{"footnotes":""},"categories":[1],"tags":[],"class_list":["post-23774","post","type-post","status-publish","format-standard","has-post-thumbnail","hentry","category-manolo-garcia"],"_links":{"self":[{"href":"https:\/\/www.manologarciaycia.com\/index.php?rest_route=\/wp\/v2\/posts\/23774","targetHints":{"allow":["GET"]}}],"collection":[{"href":"https:\/\/www.manologarciaycia.com\/index.php?rest_route=\/wp\/v2\/posts"}],"about":[{"href":"https:\/\/www.manologarciaycia.com\/index.php?rest_route=\/wp\/v2\/types\/post"}],"author":[{"embeddable":true,"href":"https:\/\/www.manologarciaycia.com\/index.php?rest_route=\/wp\/v2\/users\/2"}],"replies":[{"embeddable":true,"href":"https:\/\/www.manologarciaycia.com\/index.php?rest_route=%2Fwp%2Fv2%2Fcomments&post=23774"}],"version-history":[{"count":1,"href":"https:\/\/www.manologarciaycia.com\/index.php?rest_route=\/wp\/v2\/posts\/23774\/revisions"}],"predecessor-version":[{"id":23776,"href":"https:\/\/www.manologarciaycia.com\/index.php?rest_route=\/wp\/v2\/posts\/23774\/revisions\/23776"}],"wp:featuredmedia":[{"embeddable":true,"href":"https:\/\/www.manologarciaycia.com\/index.php?rest_route=\/wp\/v2\/media\/23775"}],"wp:attachment":[{"href":"https:\/\/www.manologarciaycia.com\/index.php?rest_route=%2Fwp%2Fv2%2Fmedia&parent=23774"}],"wp:term":[{"taxonomy":"category","embeddable":true,"href":"https:\/\/www.manologarciaycia.com\/index.php?rest_route=%2Fwp%2Fv2%2Fcategories&post=23774"},{"taxonomy":"post_tag","embeddable":true,"href":"https:\/\/www.manologarciaycia.com\/index.php?rest_route=%2Fwp%2Fv2%2Ftags&post=23774"}],"curies":[{"name":"wp","href":"https:\/\/api.w.org\/{rel}","templated":true}]}}