{"id":23770,"date":"2024-02-26T15:02:34","date_gmt":"2024-02-26T14:02:34","guid":{"rendered":"https:\/\/www.manologarciaycia.com\/?p=23770"},"modified":"2024-02-26T15:02:36","modified_gmt":"2024-02-26T14:02:36","slug":"manolo-garcia-seduce-al-publico-de-pamplona-con-un-concierto-intimo-y-cercano-en-el-navarra-arena","status":"publish","type":"post","link":"https:\/\/www.manologarciaycia.com\/?p=23770","title":{"rendered":"Manolo Garc\u00eda seduce al p\u00fablico de Pamplona con un concierto \u00edntimo y cercano en el Navarra Arena"},"content":{"rendered":"\n<p>El\u00a0<strong>cantante Manolo Garc\u00eda<\/strong>\u00a0ha llenado este s\u00e1bado el pabell\u00f3n\u00a0<strong>Navarra Arena de Pamplona<\/strong>\u00a0con un concierto \u00edntimo y c\u00e1lido en el que ha desgranado los temas de sus \u00faltimos trabajos y en el que ha recuperado algunas de sus mejores canciones de su primera \u00e9poca, para deleite de un p\u00fablico fiel y totalmente entregado.<\/p>\n\n\n\n<figure class=\"wp-block-image\"><img decoding=\"async\" src=\"https:\/\/navarra.okdiario.com\/asset\/thumbnail,1280,720,center,center\/media\/navarra\/images\/2024\/02\/25\/2024022508013383468.jpg\" alt=\"Concierto de Manolo Garc\u00eda en el pabell\u00f3n Navarra Arena dentro de su 'Gira de Teatros'. I\u00d1IGO ALZUGARAY\"\/><\/figure>\n\n\n\n<p>1.<\/p>\n\n\n\n<h4 class=\"wp-block-heading\"><br>Concierto de Manolo Garc\u00eda en el pabell\u00f3n Navarra Arena dentro de su &#8216;Gira de Teatros&#8217;. I\u00d1IGO ALZUGARAY<\/h4>\n\n\n\n<hr class=\"wp-block-separator has-alpha-channel-opacity\"\/>\n\n\n\n<figure class=\"wp-block-image\"><img decoding=\"async\" src=\"https:\/\/navarra.okdiario.com\/asset\/thumbnail,1280,720,center,center\/media\/navarra\/images\/2024\/02\/25\/2024022508013431282.jpg\" alt=\"Concierto de Manolo Garc\u00eda en el pabell\u00f3n Navarra Arena dentro de su 'Gira de Teatros'. I\u00d1IGO ALZUGARAY\"\/><\/figure>\n\n\n\n<p>2.<\/p>\n\n\n\n<h4 class=\"wp-block-heading\"><br>Concierto de Manolo Garc\u00eda en el pabell\u00f3n Navarra Arena dentro de su &#8216;Gira de Teatros&#8217;. I\u00d1IGO ALZUGARAY<\/h4>\n\n\n\n<hr class=\"wp-block-separator has-alpha-channel-opacity\"\/>\n\n\n\n<figure class=\"wp-block-image\"><img decoding=\"async\" src=\"https:\/\/navarra.okdiario.com\/asset\/thumbnail,1280,720,center,center\/media\/navarra\/images\/2024\/02\/25\/2024022508013630201.jpg\" alt=\"Concierto de Manolo Garc\u00eda en el pabell\u00f3n Navarra Arena dentro de su 'Gira de Teatros'. I\u00d1IGO ALZUGARAY\"\/><\/figure>\n\n\n\n<p>3.<\/p>\n\n\n\n<h4 class=\"wp-block-heading\"><br>Concierto de Manolo Garc\u00eda en el pabell\u00f3n Navarra Arena dentro de su &#8216;Gira de Teatros&#8217;. I\u00d1IGO ALZUGARAY<\/h4>\n\n\n\n<hr class=\"wp-block-separator has-alpha-channel-opacity\"\/>\n\n\n\n<figure class=\"wp-block-image\"><img decoding=\"async\" src=\"https:\/\/navarra.okdiario.com\/asset\/thumbnail,1280,720,center,center\/media\/navarra\/images\/2024\/02\/25\/2024022508013785501.jpg\" alt=\"Concierto de Manolo Garc\u00eda en el pabell\u00f3n Navarra Arena dentro de su 'Gira de Teatros'. I\u00d1IGO ALZUGARAY\"\/><\/figure>\n\n\n\n<p>4.<\/p>\n\n\n\n<h4 class=\"wp-block-heading\"><br>Concierto de Manolo Garc\u00eda en el pabell\u00f3n Navarra Arena dentro de su &#8216;Gira de Teatros&#8217;. I\u00d1IGO ALZUGARAY<\/h4>\n\n\n\n<hr class=\"wp-block-separator has-alpha-channel-opacity\"\/>\n\n\n\n<figure class=\"wp-block-image\"><img decoding=\"async\" src=\"https:\/\/navarra.okdiario.com\/asset\/thumbnail,1280,720,center,center\/media\/navarra\/images\/2024\/02\/25\/2024022508013872716.jpg\" alt=\"Concierto de Manolo Garc\u00eda en el pabell\u00f3n Navarra Arena dentro de su 'Gira de Teatros'. I\u00d1IGO ALZUGARAY\"\/><\/figure>\n\n\n\n<p>5.<\/p>\n\n\n\n<h4 class=\"wp-block-heading\"><br>Concierto de Manolo Garc\u00eda en el pabell\u00f3n Navarra Arena dentro de su &#8216;Gira de Teatros&#8217;. I\u00d1IGO ALZUGARAY<\/h4>\n\n\n\n<hr class=\"wp-block-separator has-alpha-channel-opacity\"\/>\n\n\n\n<figure class=\"wp-block-image\"><img decoding=\"async\" src=\"https:\/\/navarra.okdiario.com\/asset\/thumbnail,1280,720,center,center\/media\/navarra\/images\/2024\/02\/25\/2024022508013822835.jpg\" alt=\"Concierto de Manolo Garc\u00eda en el pabell\u00f3n Navarra Arena dentro de su 'Gira de Teatros'. I\u00d1IGO ALZUGARAY\"\/><\/figure>\n\n\n\n<p>6.<\/p>\n\n\n\n<h4 class=\"wp-block-heading\"><br>Concierto de Manolo Garc\u00eda en el pabell\u00f3n Navarra Arena dentro de su &#8216;Gira de Teatros&#8217;. I\u00d1IGO ALZUGARAY<\/h4>\n\n\n\n<hr class=\"wp-block-separator has-alpha-channel-opacity\"\/>\n\n\n\n<figure class=\"wp-block-image\"><img decoding=\"async\" src=\"https:\/\/navarra.okdiario.com\/asset\/thumbnail,1280,720,center,center\/media\/navarra\/images\/2024\/02\/25\/2024022508013990840.jpg\" alt=\"Concierto de Manolo Garc\u00eda en el pabell\u00f3n Navarra Arena dentro de su 'Gira de Teatros'. I\u00d1IGO ALZUGARAY\"\/><\/figure>\n\n\n\n<p>7.<\/p>\n\n\n\n<h4 class=\"wp-block-heading\"><br>Concierto de Manolo Garc\u00eda en el pabell\u00f3n Navarra Arena dentro de su &#8216;Gira de Teatros&#8217;. I\u00d1IGO ALZUGARAY<\/h4>\n\n\n\n<hr class=\"wp-block-separator has-alpha-channel-opacity\"\/>\n\n\n\n<figure class=\"wp-block-image\"><img decoding=\"async\" src=\"https:\/\/navarra.okdiario.com\/asset\/thumbnail,1280,720,center,center\/media\/navarra\/images\/2024\/02\/25\/2024022508014178312.jpg\" alt=\"Concierto de Manolo Garc\u00eda en el pabell\u00f3n Navarra Arena dentro de su 'Gira de Teatros'. I\u00d1IGO ALZUGARAY\"\/><\/figure>\n\n\n\n<p>8.<\/p>\n\n\n\n<h4 class=\"wp-block-heading\"><br>Concierto de Manolo Garc\u00eda en el pabell\u00f3n Navarra Arena dentro de su &#8216;Gira de Teatros&#8217;. I\u00d1IGO ALZUGARAY<\/h4>\n\n\n\n<hr class=\"wp-block-separator has-alpha-channel-opacity\"\/>\n\n\n\n<figure class=\"wp-block-image\"><img decoding=\"async\" src=\"https:\/\/navarra.okdiario.com\/asset\/thumbnail,1280,720,center,center\/media\/navarra\/images\/2024\/02\/25\/2024022508014515319.jpg\" alt=\"Concierto de Manolo Garc\u00eda en el pabell\u00f3n Navarra Arena dentro de su 'Gira de Teatros'. I\u00d1IGO ALZUGARAY\"\/><\/figure>\n\n\n\n<p>9.<\/p>\n\n\n\n<h4 class=\"wp-block-heading\"><br>Concierto de Manolo Garc\u00eda en el pabell\u00f3n Navarra Arena dentro de su &#8216;Gira de Teatros&#8217;. I\u00d1IGO ALZUGARAY<\/h4>\n\n\n\n<hr class=\"wp-block-separator has-alpha-channel-opacity\"\/>\n\n\n\n<figure class=\"wp-block-image\"><img decoding=\"async\" src=\"https:\/\/navarra.okdiario.com\/asset\/thumbnail,1280,720,center,center\/media\/navarra\/images\/2024\/02\/25\/2024022508014737366.jpg\" alt=\"Concierto de Manolo Garc\u00eda en el pabell\u00f3n Navarra Arena dentro de su 'Gira de Teatros'. I\u00d1IGO ALZUGARAY\"\/><\/figure>\n\n\n\n<p>10.<\/p>\n\n\n\n<h4 class=\"wp-block-heading\"><br>Concierto de Manolo Garc\u00eda en el pabell\u00f3n Navarra Arena dentro de su &#8216;Gira de Teatros&#8217;. I\u00d1IGO ALZUGARAY<\/h4>\n\n\n\n<hr class=\"wp-block-separator has-alpha-channel-opacity\"\/>\n\n\n\n<figure class=\"wp-block-image\"><img decoding=\"async\" src=\"https:\/\/navarra.okdiario.com\/asset\/thumbnail,1280,720,center,center\/media\/navarra\/images\/2024\/02\/25\/2024022508014826470.jpg\" alt=\"Concierto de Manolo Garc\u00eda en el pabell\u00f3n Navarra Arena dentro de su 'Gira de Teatros'. I\u00d1IGO ALZUGARAY\"\/><\/figure>\n\n\n\n<p>11.<\/p>\n\n\n\n<h4 class=\"wp-block-heading\"><br>Concierto de Manolo Garc\u00eda en el pabell\u00f3n Navarra Arena dentro de su &#8216;Gira de Teatros&#8217;. I\u00d1IGO ALZUGARAY<\/h4>\n\n\n\n<hr class=\"wp-block-separator has-alpha-channel-opacity\"\/>\n\n\n\n<figure class=\"wp-block-image\"><img decoding=\"async\" src=\"https:\/\/navarra.okdiario.com\/asset\/thumbnail,1280,720,center,center\/media\/navarra\/images\/2024\/02\/25\/2024022508015058357.jpg\" alt=\"Concierto de Manolo Garc\u00eda en el pabell\u00f3n Navarra Arena dentro de su 'Gira de Teatros'. I\u00d1IGO ALZUGARAY\"\/><\/figure>\n\n\n\n<p>12.<\/p>\n\n\n\n<h4 class=\"wp-block-heading\"><br>Concierto de Manolo Garc\u00eda en el pabell\u00f3n Navarra Arena dentro de su &#8216;Gira de Teatros&#8217;. I\u00d1IGO ALZUGARAY<\/h4>\n\n\n\n<hr class=\"wp-block-separator has-alpha-channel-opacity\"\/>\n\n\n\n<figure class=\"wp-block-image\"><img decoding=\"async\" src=\"https:\/\/navarra.okdiario.com\/asset\/thumbnail,1280,720,center,center\/media\/navarra\/images\/2024\/02\/25\/2024022508014942272.jpg\" alt=\"Concierto de Manolo Garc\u00eda en el pabell\u00f3n Navarra Arena dentro de su 'Gira de Teatros'. I\u00d1IGO ALZUGARAY\"\/><\/figure>\n\n\n\n<p>13.<\/p>\n\n\n\n<h4 class=\"wp-block-heading\"><br>Concierto de Manolo Garc\u00eda en el pabell\u00f3n Navarra Arena dentro de su &#8216;Gira de Teatros&#8217;. I\u00d1IGO ALZUGARAY<\/h4>\n\n\n\n<hr class=\"wp-block-separator has-alpha-channel-opacity\"\/>\n\n\n\n<figure class=\"wp-block-image\"><img decoding=\"async\" src=\"https:\/\/navarra.okdiario.com\/asset\/thumbnail,1280,720,center,center\/media\/navarra\/images\/2024\/02\/25\/2024022508015064214.jpg\" alt=\"Concierto de Manolo Garc\u00eda en el pabell\u00f3n Navarra Arena dentro de su 'Gira de Teatros'. I\u00d1IGO ALZUGARAY\"\/><\/figure>\n\n\n\n<p>14.<\/p>\n\n\n\n<h4 class=\"wp-block-heading\"><br>Concierto de Manolo Garc\u00eda en el pabell\u00f3n Navarra Arena dentro de su &#8216;Gira de Teatros&#8217;. I\u00d1IGO ALZUGARAY<\/h4>\n\n\n\n<hr class=\"wp-block-separator has-alpha-channel-opacity\"\/>\n\n\n\n<figure class=\"wp-block-image\"><img decoding=\"async\" src=\"https:\/\/navarra.okdiario.com\/asset\/thumbnail,1280,720,center,center\/media\/navarra\/images\/2024\/02\/25\/2024022508015262390.jpg\" alt=\"Concierto de Manolo Garc\u00eda en el pabell\u00f3n Navarra Arena dentro de su 'Gira de Teatros'. I\u00d1IGO ALZUGARAY\"\/><\/figure>\n\n\n\n<p>15.<\/p>\n\n\n\n<h4 class=\"wp-block-heading\"><br>Concierto de Manolo Garc\u00eda en el pabell\u00f3n Navarra Arena dentro de su &#8216;Gira de Teatros&#8217;. I\u00d1IGO ALZUGARAY<\/h4>\n\n\n\n<hr class=\"wp-block-separator has-alpha-channel-opacity\"\/>\n\n\n\n<figure class=\"wp-block-image\"><img decoding=\"async\" src=\"https:\/\/navarra.okdiario.com\/asset\/thumbnail,1280,720,center,center\/media\/navarra\/images\/2024\/02\/25\/2024022508015285696.jpg\" alt=\"Concierto de Manolo Garc\u00eda en el pabell\u00f3n Navarra Arena dentro de su 'Gira de Teatros'. I\u00d1IGO ALZUGARAY\"\/><\/figure>\n\n\n\n<p>16.<\/p>\n\n\n\n<h4 class=\"wp-block-heading\"><br>Concierto de Manolo Garc\u00eda en el pabell\u00f3n Navarra Arena dentro de su &#8216;Gira de Teatros&#8217;. I\u00d1IGO ALZUGARAY<\/h4>\n\n\n\n<hr class=\"wp-block-separator has-alpha-channel-opacity\"\/>\n\n\n\n<figure class=\"wp-block-image\"><img decoding=\"async\" src=\"https:\/\/navarra.okdiario.com\/asset\/thumbnail,1280,720,center,center\/media\/navarra\/images\/2024\/02\/25\/2024022508015515592.jpg\" alt=\"Concierto de Manolo Garc\u00eda en el pabell\u00f3n Navarra Arena dentro de su 'Gira de Teatros'. I\u00d1IGO ALZUGARAY\"\/><\/figure>\n\n\n\n<p>17.<\/p>\n\n\n\n<h4 class=\"wp-block-heading\"><br>Concierto de Manolo Garc\u00eda en el pabell\u00f3n Navarra Arena dentro de su &#8216;Gira de Teatros&#8217;. I\u00d1IGO ALZUGARAY<\/h4>\n\n\n\n<hr class=\"wp-block-separator has-alpha-channel-opacity\"\/>\n\n\n\n<figure class=\"wp-block-image\"><img decoding=\"async\" src=\"https:\/\/navarra.okdiario.com\/asset\/thumbnail,1280,720,center,center\/media\/navarra\/images\/2024\/02\/25\/2024022508015414540.jpg\" alt=\"Concierto de Manolo Garc\u00eda en el pabell\u00f3n Navarra Arena dentro de su 'Gira de Teatros'. I\u00d1IGO ALZUGARAY\"\/><\/figure>\n\n\n\n<p>18.<\/p>\n\n\n\n<h4 class=\"wp-block-heading\"><br>Concierto de Manolo Garc\u00eda en el pabell\u00f3n Navarra Arena dentro de su &#8216;Gira de Teatros&#8217;. I\u00d1IGO ALZUGARAY<\/h4>\n\n\n\n<hr class=\"wp-block-separator has-alpha-channel-opacity\"\/>\n\n\n\n<figure class=\"wp-block-image\"><img decoding=\"async\" src=\"https:\/\/navarra.okdiario.com\/asset\/thumbnail,1280,720,center,center\/media\/navarra\/images\/2024\/02\/25\/2024022508015583287.jpg\" alt=\"Concierto de Manolo Garc\u00eda en el pabell\u00f3n Navarra Arena dentro de su 'Gira de Teatros'. I\u00d1IGO ALZUGARAY\"\/><\/figure>\n\n\n\n<p>19.<\/p>\n\n\n\n<h4 class=\"wp-block-heading\"><br>Concierto de Manolo Garc\u00eda en el pabell\u00f3n Navarra Arena dentro de su &#8216;Gira de Teatros&#8217;. I\u00d1IGO ALZUGARAY<\/h4>\n\n\n\n<hr class=\"wp-block-separator has-alpha-channel-opacity\"\/>\n\n\n\n<figure class=\"wp-block-image\"><img decoding=\"async\" src=\"https:\/\/navarra.okdiario.com\/asset\/thumbnail,1280,720,center,center\/media\/navarra\/images\/2024\/02\/25\/2024022508015637753.jpg\" alt=\"Concierto de Manolo Garc\u00eda en el pabell\u00f3n Navarra Arena dentro de su 'Gira de Teatros'. I\u00d1IGO ALZUGARAY\"\/><\/figure>\n\n\n\n<p>20.<\/p>\n\n\n\n<h4 class=\"wp-block-heading\"><br>Concierto de Manolo Garc\u00eda en el pabell\u00f3n Navarra Arena dentro de su &#8216;Gira de Teatros&#8217;. I\u00d1IGO ALZUGARAY<\/h4>\n\n\n\n<hr class=\"wp-block-separator has-alpha-channel-opacity\"\/>\n\n\n\n<figure class=\"wp-block-image\"><img decoding=\"async\" src=\"https:\/\/navarra.okdiario.com\/asset\/thumbnail,1280,720,center,center\/media\/navarra\/images\/2024\/02\/25\/2024022508015710246.jpg\" alt=\"Concierto de Manolo Garc\u00eda en el pabell\u00f3n Navarra Arena dentro de su 'Gira de Teatros'. I\u00d1IGO ALZUGARAY\"\/><\/figure>\n\n\n\n<p>21.<\/p>\n\n\n\n<h4 class=\"wp-block-heading\"><br>Concierto de Manolo Garc\u00eda en el pabell\u00f3n Navarra Arena dentro de su &#8216;Gira de Teatros&#8217;. I\u00d1IGO ALZUGARAY<\/h4>\n\n\n\n<hr class=\"wp-block-separator has-alpha-channel-opacity\"\/>\n\n\n\n<figure class=\"wp-block-image\"><img decoding=\"async\" src=\"https:\/\/navarra.okdiario.com\/asset\/thumbnail,1280,720,center,center\/media\/navarra\/images\/2024\/02\/25\/2024022508015773179.jpg\" alt=\"Concierto de Manolo Garc\u00eda en el pabell\u00f3n Navarra Arena dentro de su 'Gira de Teatros'. I\u00d1IGO ALZUGARAY\"\/><\/figure>\n\n\n\n<p>22.<\/p>\n\n\n\n<h4 class=\"wp-block-heading\"><br>Concierto de Manolo Garc\u00eda en el pabell\u00f3n Navarra Arena dentro de su &#8216;Gira de Teatros&#8217;. I\u00d1IGO ALZUGARAY<\/h4>\n\n\n\n<hr class=\"wp-block-separator has-alpha-channel-opacity\"\/>\n\n\n\n<figure class=\"wp-block-image\"><img decoding=\"async\" src=\"https:\/\/navarra.okdiario.com\/asset\/thumbnail,1280,720,center,center\/media\/navarra\/images\/2024\/02\/25\/2024022508015816122.jpg\" alt=\"Concierto de Manolo Garc\u00eda en el pabell\u00f3n Navarra Arena dentro de su 'Gira de Teatros'. I\u00d1IGO ALZUGARAY\"\/><\/figure>\n\n\n\n<p>23.<\/p>\n\n\n\n<h4 class=\"wp-block-heading\"><br>Concierto de Manolo Garc\u00eda en el pabell\u00f3n Navarra Arena dentro de su &#8216;Gira de Teatros&#8217;. I\u00d1IGO ALZUGARAY<\/h4>\n\n\n\n<hr class=\"wp-block-separator has-alpha-channel-opacity\"\/>\n\n\n\n<figure class=\"wp-block-image\"><img decoding=\"async\" src=\"https:\/\/navarra.okdiario.com\/asset\/thumbnail,1280,720,center,center\/media\/navarra\/images\/2024\/02\/25\/2024022508015961605.jpg\" alt=\"Concierto de Manolo Garc\u00eda en el pabell\u00f3n Navarra Arena dentro de su 'Gira de Teatros'. I\u00d1IGO ALZUGARAY\"\/><\/figure>\n\n\n\n<p>24.<\/p>\n\n\n\n<h4 class=\"wp-block-heading\"><br>Concierto de Manolo Garc\u00eda en el pabell\u00f3n Navarra Arena dentro de su &#8216;Gira de Teatros&#8217;. I\u00d1IGO ALZUGARAY<\/h4>\n\n\n\n<hr class=\"wp-block-separator has-alpha-channel-opacity\"\/>\n\n\n\n<figure class=\"wp-block-image\"><img decoding=\"async\" src=\"https:\/\/navarra.okdiario.com\/asset\/thumbnail,1280,720,center,center\/media\/navarra\/images\/2024\/02\/25\/2024022508015968409.jpg\" alt=\"Concierto de Manolo Garc\u00eda en el pabell\u00f3n Navarra Arena dentro de su 'Gira de Teatros'. I\u00d1IGO ALZUGARAY\"\/><\/figure>\n\n\n\n<p>25.<\/p>\n\n\n\n<h4 class=\"wp-block-heading\"><br>Concierto de Manolo Garc\u00eda en el pabell\u00f3n Navarra Arena dentro de su &#8216;Gira de Teatros&#8217;. I\u00d1IGO ALZUGARAY<\/h4>\n\n\n\n<hr class=\"wp-block-separator has-alpha-channel-opacity\"\/>\n\n\n\n<figure class=\"wp-block-image\"><img decoding=\"async\" src=\"https:\/\/navarra.okdiario.com\/asset\/thumbnail,1280,720,center,center\/media\/navarra\/images\/2024\/02\/25\/2024022508020019025.jpg\" alt=\"Concierto de Manolo Garc\u00eda en el pabell\u00f3n Navarra Arena dentro de su 'Gira de Teatros'. I\u00d1IGO ALZUGARAY\"\/><\/figure>\n\n\n\n<p>26.<\/p>\n\n\n\n<h4 class=\"wp-block-heading\"><br>Concierto de Manolo Garc\u00eda en el pabell\u00f3n Navarra Arena dentro de su &#8216;Gira de Teatros&#8217;. I\u00d1IGO ALZUGARAY<\/h4>\n\n\n\n<hr class=\"wp-block-separator has-alpha-channel-opacity\"\/>\n\n\n\n<figure class=\"wp-block-image\"><img decoding=\"async\" src=\"https:\/\/navarra.okdiario.com\/asset\/thumbnail,1280,720,center,center\/media\/navarra\/images\/2024\/02\/25\/2024022508020169766.jpg\" alt=\"Concierto de Manolo Garc\u00eda en el pabell\u00f3n Navarra Arena dentro de su 'Gira de Teatros'. I\u00d1IGO ALZUGARAY\"\/><\/figure>\n\n\n\n<p>27.<\/p>\n\n\n\n<h4 class=\"wp-block-heading\"><br>Concierto de Manolo Garc\u00eda en el pabell\u00f3n Navarra Arena dentro de su &#8216;Gira de Teatros&#8217;. I\u00d1IGO ALZUGARAY<\/h4>\n\n\n\n<hr class=\"wp-block-separator has-alpha-channel-opacity\"\/>\n\n\n\n<figure class=\"wp-block-image\"><img decoding=\"async\" src=\"https:\/\/navarra.okdiario.com\/asset\/thumbnail,1280,720,center,center\/media\/navarra\/images\/2024\/02\/25\/2024022508020124075.jpg\" alt=\"Concierto de Manolo Garc\u00eda en el pabell\u00f3n Navarra Arena dentro de su 'Gira de Teatros'. I\u00d1IGO ALZUGARAY\"\/><\/figure>\n\n\n\n<p>28.<\/p>\n\n\n\n<h4 class=\"wp-block-heading\"><br>Concierto de Manolo Garc\u00eda en el pabell\u00f3n Navarra Arena dentro de su &#8216;Gira de Teatros&#8217;. I\u00d1IGO ALZUGARAY<\/h4>\n\n\n\n<hr class=\"wp-block-separator has-alpha-channel-opacity\"\/>\n\n\n\n<figure class=\"wp-block-image\"><img decoding=\"async\" src=\"https:\/\/navarra.okdiario.com\/asset\/thumbnail,1280,720,center,center\/media\/navarra\/images\/2024\/02\/25\/2024022508020351870.jpg\" alt=\"Concierto de Manolo Garc\u00eda en el pabell\u00f3n Navarra Arena dentro de su 'Gira de Teatros'. I\u00d1IGO ALZUGARAY\"\/><\/figure>\n\n\n\n<p>29.<\/p>\n\n\n\n<h4 class=\"wp-block-heading\"><br>Concierto de Manolo Garc\u00eda en el pabell\u00f3n Navarra Arena dentro de su &#8216;Gira de Teatros&#8217;. I\u00d1IGO ALZUGARAY<\/h4>\n\n\n\n<hr class=\"wp-block-separator has-alpha-channel-opacity\"\/>\n\n\n\n<figure class=\"wp-block-image\"><img decoding=\"async\" src=\"https:\/\/navarra.okdiario.com\/asset\/thumbnail,1280,720,center,center\/media\/navarra\/images\/2024\/02\/25\/2024022508020218399.jpg\" alt=\"Concierto de Manolo Garc\u00eda en el pabell\u00f3n Navarra Arena dentro de su 'Gira de Teatros'. I\u00d1IGO ALZUGARAY\"\/><\/figure>\n\n\n\n<p>30.<\/p>\n\n\n\n<h4 class=\"wp-block-heading\"><br>Concierto de Manolo Garc\u00eda en el pabell\u00f3n Navarra Arena dentro de su &#8216;Gira de Teatros&#8217;. I\u00d1IGO ALZUGARAY<\/h4>\n\n\n\n<hr class=\"wp-block-separator has-alpha-channel-opacity\"\/>\n\n\n\n<figure class=\"wp-block-image\"><img decoding=\"async\" src=\"https:\/\/navarra.okdiario.com\/asset\/thumbnail,1280,720,center,center\/media\/navarra\/images\/2024\/02\/25\/2024022508020355550.jpg\" alt=\"Concierto de Manolo Garc\u00eda en el pabell\u00f3n Navarra Arena dentro de su 'Gira de Teatros'. I\u00d1IGO ALZUGARAY\"\/><\/figure>\n\n\n\n<p>31.<\/p>\n\n\n\n<h4 class=\"wp-block-heading\"><br>Concierto de Manolo Garc\u00eda en el pabell\u00f3n Navarra Arena dentro de su &#8216;Gira de Teatros&#8217;. I\u00d1IGO ALZUGARAY<\/h4>\n\n\n\n<hr class=\"wp-block-separator has-alpha-channel-opacity\"\/>\n\n\n\n<figure class=\"wp-block-image\"><img decoding=\"async\" src=\"https:\/\/navarra.okdiario.com\/asset\/thumbnail,1280,720,center,center\/media\/navarra\/images\/2024\/02\/25\/2024022508020417823.jpg\" alt=\"Concierto de Manolo Garc\u00eda en el pabell\u00f3n Navarra Arena dentro de su 'Gira de Teatros'. I\u00d1IGO ALZUGARAY\"\/><\/figure>\n\n\n\n<p>32.<\/p>\n\n\n\n<h4 class=\"wp-block-heading\"><br>Concierto de Manolo Garc\u00eda en el pabell\u00f3n Navarra Arena dentro de su &#8216;Gira de Teatros&#8217;. I\u00d1IGO ALZUGARAY<\/h4>\n\n\n\n<hr class=\"wp-block-separator has-alpha-channel-opacity\"\/>\n\n\n\n<figure class=\"wp-block-image\"><img decoding=\"async\" src=\"https:\/\/navarra.okdiario.com\/asset\/thumbnail,1280,720,center,center\/media\/navarra\/images\/2024\/02\/25\/2024022508020524476.jpg\" alt=\"Concierto de Manolo Garc\u00eda en el pabell\u00f3n Navarra Arena dentro de su 'Gira de Teatros'. I\u00d1IGO ALZUGARAY\"\/><\/figure>\n\n\n\n<p>33.<\/p>\n\n\n\n<h4 class=\"wp-block-heading\"><br>Concierto de Manolo Garc\u00eda en el pabell\u00f3n Navarra Arena dentro de su &#8216;Gira de Teatros&#8217;. I\u00d1IGO ALZUGARAY<\/h4>\n\n\n\n<hr class=\"wp-block-separator has-alpha-channel-opacity\"\/>\n\n\n\n<figure class=\"wp-block-image\"><img decoding=\"async\" src=\"https:\/\/navarra.okdiario.com\/asset\/thumbnail,1280,720,center,center\/media\/navarra\/images\/2024\/02\/25\/2024022508020575538.jpg\" alt=\"Concierto de Manolo Garc\u00eda en el pabell\u00f3n Navarra Arena dentro de su 'Gira de Teatros'. I\u00d1IGO ALZUGARAY\"\/><\/figure>\n\n\n\n<p>34.<\/p>\n\n\n\n<h4 class=\"wp-block-heading\"><br>Concierto de Manolo Garc\u00eda en el pabell\u00f3n Navarra Arena dentro de su &#8216;Gira de Teatros&#8217;. I\u00d1IGO ALZUGARAY<\/h4>\n\n\n\n<hr class=\"wp-block-separator has-alpha-channel-opacity\"\/>\n\n\n\n<figure class=\"wp-block-image\"><img decoding=\"async\" src=\"https:\/\/navarra.okdiario.com\/asset\/thumbnail,1280,720,center,center\/media\/navarra\/images\/2024\/02\/25\/2024022508020653557.jpg\" alt=\"Concierto de Manolo Garc\u00eda en el pabell\u00f3n Navarra Arena dentro de su 'Gira de Teatros'. I\u00d1IGO ALZUGARAY\"\/><\/figure>\n\n\n\n<p>35.<\/p>\n\n\n\n<h4 class=\"wp-block-heading\"><br>Concierto de Manolo Garc\u00eda en el pabell\u00f3n Navarra Arena dentro de su &#8216;Gira de Teatros&#8217;. I\u00d1IGO ALZUGARAY<\/h4>\n\n\n\n<hr class=\"wp-block-separator has-alpha-channel-opacity\"\/>\n\n\n\n<figure class=\"wp-block-image\"><img decoding=\"async\" src=\"https:\/\/navarra.okdiario.com\/asset\/thumbnail,1280,720,center,center\/media\/navarra\/images\/2024\/02\/25\/2024022508020746263.jpg\" alt=\"Concierto de Manolo Garc\u00eda en el pabell\u00f3n Navarra Arena dentro de su 'Gira de Teatros'. I\u00d1IGO ALZUGARAY\"\/><\/figure>\n\n\n\n<p>36.<\/p>\n\n\n\n<h4 class=\"wp-block-heading\"><br>Concierto de Manolo Garc\u00eda en el pabell\u00f3n Navarra Arena dentro de su &#8216;Gira de Teatros&#8217;. I\u00d1IGO ALZUGARAY<\/h4>\n\n\n\n<hr class=\"wp-block-separator has-alpha-channel-opacity\"\/>\n\n\n\n<figure class=\"wp-block-image\"><img decoding=\"async\" src=\"https:\/\/navarra.okdiario.com\/asset\/thumbnail,1280,720,center,center\/media\/navarra\/images\/2024\/02\/25\/2024022508020813188.jpg\" alt=\"Concierto de Manolo Garc\u00eda en el pabell\u00f3n Navarra Arena dentro de su 'Gira de Teatros'. I\u00d1IGO ALZUGARAY\"\/><\/figure>\n\n\n\n<p>37.<\/p>\n\n\n\n<h4 class=\"wp-block-heading\"><br>Concierto de Manolo Garc\u00eda en el pabell\u00f3n Navarra Arena dentro de su &#8216;Gira de Teatros&#8217;. I\u00d1IGO ALZUGARAY<\/h4>\n\n\n\n<hr class=\"wp-block-separator has-alpha-channel-opacity\"\/>\n\n\n\n<figure class=\"wp-block-image\"><img decoding=\"async\" src=\"https:\/\/navarra.okdiario.com\/asset\/thumbnail,1280,720,center,center\/media\/navarra\/images\/2024\/02\/25\/2024022508020919225.jpg\" alt=\"Concierto de Manolo Garc\u00eda en el pabell\u00f3n Navarra Arena dentro de su 'Gira de Teatros'. I\u00d1IGO ALZUGARAY\"\/><\/figure>\n\n\n\n<p>38.<\/p>\n\n\n\n<h4 class=\"wp-block-heading\"><br>Concierto de Manolo Garc\u00eda en el pabell\u00f3n Navarra Arena dentro de su &#8216;Gira de Teatros&#8217;. I\u00d1IGO ALZUGARAY<\/h4>\n\n\n\n<hr class=\"wp-block-separator has-alpha-channel-opacity\"\/>\n\n\n\n<figure class=\"wp-block-image\"><img decoding=\"async\" src=\"https:\/\/navarra.okdiario.com\/asset\/thumbnail,1280,720,center,center\/media\/navarra\/images\/2024\/02\/25\/2024022508020996465.jpg\" alt=\"Concierto de Manolo Garc\u00eda en el pabell\u00f3n Navarra Arena dentro de su 'Gira de Teatros'. I\u00d1IGO ALZUGARAY\"\/><\/figure>\n\n\n\n<p>39.<\/p>\n\n\n\n<h4 class=\"wp-block-heading\"><br>Concierto de Manolo Garc\u00eda en el pabell\u00f3n Navarra Arena dentro de su &#8216;Gira de Teatros&#8217;. I\u00d1IGO ALZUGARAY<\/h4>\n\n\n\n<p><\/p>\n","protected":false},"excerpt":{"rendered":"<p>El\u00a0cantante Manolo Garc\u00eda\u00a0ha llenado este s\u00e1bado el pabell\u00f3n\u00a0Navarra Arena de Pamplona\u00a0con un concierto \u00edntimo y c\u00e1lido en el que ha desgranado los temas de sus \u00faltimos trabajos y en el que ha recuperado algunas de sus mejores canciones de su primera \u00e9poca, para deleite de un p\u00fablico fiel y totalmente entregado. 1. Concierto de Manolo<a class=\"moretag\" href=\"https:\/\/www.manologarciaycia.com\/?p=23770\" title=\"Manolo Garc\u00eda seduce al p\u00fablico de Pamplona con un concierto \u00edntimo y cercano en el Navarra Arena\" target=\"_self\" rel=\"follow\"> <font face=arial size=2>[Leer m\u00e1s]<\/font> <\/a><\/p>\n","protected":false},"author":2,"featured_media":23771,"comment_status":"closed","ping_status":"closed","sticky":false,"template":"","format":"standard","meta":{"footnotes":""},"categories":[1],"tags":[],"class_list":["post-23770","post","type-post","status-publish","format-standard","has-post-thumbnail","hentry","category-manolo-garcia"],"_links":{"self":[{"href":"https:\/\/www.manologarciaycia.com\/index.php?rest_route=\/wp\/v2\/posts\/23770","targetHints":{"allow":["GET"]}}],"collection":[{"href":"https:\/\/www.manologarciaycia.com\/index.php?rest_route=\/wp\/v2\/posts"}],"about":[{"href":"https:\/\/www.manologarciaycia.com\/index.php?rest_route=\/wp\/v2\/types\/post"}],"author":[{"embeddable":true,"href":"https:\/\/www.manologarciaycia.com\/index.php?rest_route=\/wp\/v2\/users\/2"}],"replies":[{"embeddable":true,"href":"https:\/\/www.manologarciaycia.com\/index.php?rest_route=%2Fwp%2Fv2%2Fcomments&post=23770"}],"version-history":[{"count":1,"href":"https:\/\/www.manologarciaycia.com\/index.php?rest_route=\/wp\/v2\/posts\/23770\/revisions"}],"predecessor-version":[{"id":23772,"href":"https:\/\/www.manologarciaycia.com\/index.php?rest_route=\/wp\/v2\/posts\/23770\/revisions\/23772"}],"wp:featuredmedia":[{"embeddable":true,"href":"https:\/\/www.manologarciaycia.com\/index.php?rest_route=\/wp\/v2\/media\/23771"}],"wp:attachment":[{"href":"https:\/\/www.manologarciaycia.com\/index.php?rest_route=%2Fwp%2Fv2%2Fmedia&parent=23770"}],"wp:term":[{"taxonomy":"category","embeddable":true,"href":"https:\/\/www.manologarciaycia.com\/index.php?rest_route=%2Fwp%2Fv2%2Fcategories&post=23770"},{"taxonomy":"post_tag","embeddable":true,"href":"https:\/\/www.manologarciaycia.com\/index.php?rest_route=%2Fwp%2Fv2%2Ftags&post=23770"}],"curies":[{"name":"wp","href":"https:\/\/api.w.org\/{rel}","templated":true}]}}