{"id":23767,"date":"2024-02-25T08:12:40","date_gmt":"2024-02-25T07:12:40","guid":{"rendered":"https:\/\/www.manologarciaycia.com\/?p=23767"},"modified":"2024-02-25T08:12:42","modified_gmt":"2024-02-25T07:12:42","slug":"la-musica-me-hace-sentir-que-mi-vida-en-este-planeta-tiene-sentido","status":"publish","type":"post","link":"https:\/\/www.manologarciaycia.com\/?p=23767","title":{"rendered":"\u00abLa m\u00fasica me hace sentir que mi vida en este planeta tiene sentido\u00bb"},"content":{"rendered":"\n<p>Este s\u00e1bado 24 (21.00 horas) llega al Navarra Arena uno de los hist\u00f3ricos del rock nacional, Manolo Garc\u00eda, con m\u00e1s de cuatro d\u00e9cadas sobre los escenarios<\/p>\n\n\n\n<p>Manolo Garc\u00eda presentar\u00e1 en Pamplona sus dos \u00faltimos trabajos,<em>&nbsp;Mi vida en Marte&nbsp;<\/em>y&nbsp;<em>Desatinos desplumados,&nbsp;<\/em>publicados de manera simult\u00e1nea en 2022. Adem\u00e1s, repasar\u00e1 algunos cl\u00e1sicos de su carrera, tanto en solitario como con El \u00daltimo de la Fila.<\/p>\n\n\n\n<p><strong>Lo primero de todo, \u00bfqu\u00e9 tal se encuentra? Hace poco m\u00e1s de un a\u00f1o nos dio un buen susto con aquella miocarditis aguda.<\/strong><\/p>\n\n\n\n<p>Estoy bien, gracias. El a\u00f1o pasado ya estuve haciendo gira. Tuve que parar por este problema, pero luego ya me recuper\u00e9 y estuve haciendo teatros hasta diciembre. De hecho, estos conciertos de ahora, como el de Pamplona de este s\u00e1bado o el de Zaragoza del fin de semana pasado, se encuadran dentro de estos conciertos con p\u00fablico sentado. A partir de abril pasamos a conciertos con p\u00fablico de pie, con un poquito m\u00e1s de rock\u2019n\u2019roll. Lo de la miocarditis fue una cosa puntual que me toc\u00f3 y me oblig\u00f3 a parar la gira. Para m\u00ed fue algo bastante marciano, porque yo estoy acostumbrado a tirar para adelante siempre; he fallado muy poco, he hecho conciertos con lluvia\u2026 Nunca quiero suspender, pero en este caso fue por fuerza mayor. Me dijeron que ten\u00eda que parar, porque si no lo hac\u00eda podr\u00eda tener un problema serio. Descans\u00e9 unos meses y ahora estoy perfectamente. Un poco m\u00e1s mayor que hace diez a\u00f1os, pero bien (risas).<\/p>\n\n\n\n<h3 class=\"wp-block-heading\">\u00abNo me interesan nada las redes sociales, ser\u00eda otra forma de esclavitud. Son una trampa brutal. Es m\u00e1s opio para el pueblo, lo de siempre\u00bb<\/h3>\n\n\n\n<p><strong>Usted acostumbra a, cada cierto tiempo, desaparecer de la actualidad y dedicarse a pintar, a leer, a pasear, a escribir\u2026 Pero despu\u00e9s de esos parones, siempre regresa a los discos y las giras. Si por fuerza mayor tuviese que dejarlos, \u00bfpuede imaginar su vida sin conciertos?<\/strong><\/p>\n\n\n\n<p>Hay una parte que tambi\u00e9n el m\u00fasico disfruta, y es el estudio. Ah\u00ed est\u00e1s solo con tu creatividad. Te sumerges en un mundo muy curioso, como de magia: a la ma\u00f1ana no hay nada y a las tres de la tarde tienes una maqueta, una canci\u00f3n medio dibujada que te gusta. Eso no tiene nada que ver con el directo, es una disciplina solitaria, como pintar. Esa posibilidad siempre est\u00e1 ahi. Siempre me ha gustado, pero ahora me apasiona. Tienes otro temple, otra tranquilidad, eres m\u00e1s paciente, lo paladeas m\u00e1s. S\u00ed contemplo, al margen de enfermedades o de causas de fuerza mayor, una vida sin escenarios. Puede que Mick Jagger, a sus ochenta a\u00f1os, los necesite, pero yo no. No soy ese tipo de persona, no necesito el aplauso directo y constante. Necesito que me aplauda la vida, no el p\u00fablico. Con eso estoy m\u00e1s que contento. \u00bfY c\u00f3mo te aplaude la vida? Dej\u00e1ndote vivir (risas).<\/p>\n\n\n\n<h3 class=\"wp-block-heading\">\u201cSi te subes al tren de la industria, te va a llevar, pero te va a hacer pagar un precio alto; las multinacionales son una apisonadora\u201d<\/h3>\n\n\n\n<p><strong>Siguiendo con la m\u00fasica y la salud, \u00faltimamente se est\u00e1 hablando mucho de la presi\u00f3n que tienen que soportar los artistas, del estr\u00e9s que acarrea esta industria, que puede afectar a la salud mental de los m\u00fasicos. Usted lleva muchos a\u00f1os en primer\u00edsima divisi\u00f3n, pero parece que siempre lo ha soportado bien, de que no se ha dejado avasallar por las exigencias de este negocio. \u00bfEs as\u00ed?<\/strong><\/p>\n\n\n\n<p>Hay algo que matizar aqu\u00ed. La presi\u00f3n te la pones t\u00fa mismo, la industria no te pone una pistola en el pecho ni te obliga a nada. Es tu ambici\u00f3n, tu ego el que te empuja. En mis primeros a\u00f1os de carrera ten\u00eda la ambici\u00f3n de ganarme la vida con mi m\u00fasica. No de forrarme ni de ser famoso, eso no lo busqu\u00e9 nunca, jam\u00e1s, lo juro. Quer\u00eda comer de la m\u00fasica, tener todo mi tiempo para componer, para grabar, para hacer bolos\u2026 Me daba igual si era en segunda o tercera divisi\u00f3n. Lo que no quer\u00eda era ser esclavo de mi ambici\u00f3n, y lo he llevado a rajatabla. Soy bastante austero, bastante parco en mis pretensiones. Como digo en una canci\u00f3n, con respirar ya me conformo; lo dem\u00e1s es regalo. Respirar significa comer y tener un techo, evidentemente. Si te subes al tren de la industria, te va a llevar, indudablemente, pero te va a hacer pagar un precio alto. Ellos son una apisonadora. No son una persona: son multinacionales, corporaciones, juntas directivas, accionistas\u2026 Quieren resultados. Con El \u00daltimo de la Fila hicimos viajes a M\u00e9xico y a Venezuela y nos dec\u00edan que nos \u00edbamos a comer Am\u00e9rica, pero Quimi y yo decidimos no ir m\u00e1s. Mis t\u00edos se iban a trabajar a Alemania y a Holanda porque pasaban hambre, en Espa\u00f1a no hab\u00eda trabajo. Nosotros s\u00ed ten\u00edamos trabajo en Espa\u00f1a y no quer\u00edamos m\u00e1s, no necesit\u00e1bamos dejarnos la piel en diecisiete pa\u00edses. Hubi\u00e9semos ganado mucho dinero, pero tambi\u00e9n hubi\u00e9semos sido esclavos de la multinacional y de nosotros mismos. No necesit\u00e1bamos estar todo el d\u00eda en aviones para recibir el aplauso de todo el mundo hispano.<\/p>\n\n\n\n<p><strong>Renunciaron a un \u00e9xito mayor, pero ganaron en otras cosas.<\/strong><\/p>\n\n\n\n<p>Claro. Ganamos en equilibrio, por ejemplo. Me dicen que parezco un t\u00edo normal, y es que lo soy. Vengo de un barrio, soy hijo de obreros que antes hab\u00edan trabajado el campo. Iba al pueblo y mis abuelos eran pobres, ten\u00edan cuatro gallinas, el burrillo y un marrano, la historia de la Espa\u00f1a de los a\u00f1os cincuenta. Mi parte humilde no es falsa, es real. He tenido la suerte de dedicarme a escribir canciones. Lo disfruto y lo hago lo mejor que puedo, de la misma manera que hay ebanistas o taxistas que hacen estupendamente su trabajo. No quiero m\u00e1s. Virgencita, que me quede como estoy (risas).<\/p>\n\n\n\n<p><strong>Con El \u00daltimo decidieron no ir a Am\u00e9rica para ser due\u00f1os de su tiempo, y ahora usted es uno de los poqu\u00edsimos artistas sin presencia en redes sociales, que esas s\u00ed que roban tiempo\u2026<\/strong><\/p>\n\n\n\n<p>No me interesan nada, ser\u00eda otra forma de esclavitud. Son una trampa brutal. En este sistema neoliberal y capitalista, las almas no cuentan, solo cuenta el dinero. Esto es m\u00e1s opio para el pueblo, lo de siempre. Ahora han sublimado la operaci\u00f3n, han conseguido que las personas paguen por tener unos aparatos que las esclavizan. Los chavales est\u00e1n abducidlos, y la gente mayor igual. Nos estamos deshumanizando. Ahora nos est\u00e1n intentando colar la inteligencia artificial. Lo que m\u00e1s me preocupa es el cambio clim\u00e1tico, ese es el problema principal. Nos creemos que nos podemos comer el planeta con patatas. Hay quien se alegra de que en enero se pueda estar tomando una cerveza en una terraza o ba\u00f1\u00e1ndose en la Concha de San Sebasti\u00e1n. \u00bfPero no te das cuenta de que esto no puede estar bien? \u00bfTe dan igual tus hijos? \u00bfO es que piensas que te vas a escapar con una nave espacial a otro planeta?<\/p>\n\n\n\n<h3 class=\"wp-block-heading\">\u201cEn el estudio el m\u00fasico tambi\u00e9n disfruta; ah\u00ed est\u00e1s solo con tu creatividad, te sumerges en un mundo muy curioso, como de magia\u201d<\/h3>\n\n\n\n<p><strong>Hablando de cosas m\u00e1s agradables, \u00bfc\u00f3mo va a ser el concierto de Pamplona? Imagino que repasar\u00e1 sus dos \u00faltimos discos.<\/strong><\/p>\n\n\n\n<p>Bueno, tengo un repertorio muy extenso, m\u00e1s de trescientas canciones. Estamos haciendo conciertos de tres horas. Tocaremos temas de los dos \u00faltimos discos y tambi\u00e9n lo que quiere o\u00edr la gente:&nbsp;<em>P\u00e1jaros de barro, Nunca el tiempo es perdido\u2026&nbsp;<\/em>Y alguna pildorita de El \u00daltimo de la Fila. Me gusta tocar&nbsp;<em>Insurrecci\u00f3n<\/em>, por ejemplo, la canto muy contento y a Quimi le gusta que las cante. Me divierto retoc\u00e1ndolas, siempre las canto diferente: cambio una frase, una l\u00ednea de melod\u00eda, un acorde\u2026 As\u00ed no me aburro de ellas.<\/p>\n\n\n\n<p><strong>Menciona a Quimi Portet, y acaba de publicar con \u00e9l un doble disco (Desbarajuste piramidal) en el que han regrabado viejas canciones de El \u00daltimo de la Fila. Sin embargo, siempre se han negado a hacer una gira, y habr\u00e1n recibido ofertas mareantes.<\/strong><\/p>\n\n\n\n<p>Nos han hecho muchos ofrecimientos, s\u00ed, tambi\u00e9n en Am\u00e9rica. Pero no hemos querido. A m\u00ed me gusta el estudio, pero Quimi es un animal del estudio, es un manitas y se le da muy bien, tiene magia con la mesa de sonido. Ahora ha surgido regrabar estas canciones y lo hemos hecho de una forma muy natural, pero directos no nos ha apetecido. Quimi ha sacado once discos despu\u00e9s de El \u00daltimo. Yo, nueve. No hemos parado de tocar, as\u00ed que no hemos sentido la necesidad de volver a actuar juntos. No hemos tenido ese mono. Igual si yo hubiese montado una ferreter\u00eda y \u00e9l un bar, lo hubi\u00e9semos hecho.<\/p>\n\n\n\n<p><strong>En Pamplona hay muchos que recuerdan un concierto en el Anaitasuna de El \u00daltimo con Radio Futura.<\/strong><\/p>\n\n\n\n<p>S\u00ed, lo recuerdo. Ser\u00eda en el 86 o en el 87.<\/p>\n\n\n\n<p><strong>\u00bfHa cambiado mucho el Manolo Garc\u00eda que se subi\u00f3 al escenario del Anaita en los ochenta respecto al que lo har\u00e1 este s\u00e1bado al del Navarra Arena?<\/strong><\/p>\n\n\n\n<p>El entusiasmo est\u00e1 inmaculado, eso no ha cambiado. Ahora estoy m\u00e1s relajado, no soy la guindilla que era, pero el entusiasmo por subirme al escenario y conectar con el p\u00fablico sigue siendo exactamente el mismo. Si se me permite, creo que ahora canto mejor, porque corro menos, canto m\u00e1s tranquilo. Para cantar hay que respirar (risas). Antes ten\u00eda que repartir el aire entre correr y cantar. He bajado de tono algunas canciones, canto m\u00e1s pl\u00e1cidamente\u2026 Soy el mismo, pero revisado, como las canciones de El \u00daltimo que hemos regrabado ahora (risas). Me tomo el escenario de otra manera. Pero me tiro tres horas arriba; si no me gustara\u2026 Para m\u00ed esto no es una fuente de ingresos, sino una fuente de vida. La m\u00fasica me hace sentir que mi vida en este planeta tiene alg\u00fan sentido. Estoy comunic\u00e1ndome, dando y recibiendo alegr\u00eda. Siempre he tenido poco ego, pero ahora tengo menos todav\u00eda. Pienso mucho en el p\u00fablico. \u00bfHace falta m\u00e1s equipo? Lo ponemos. \u00bfNo se ve bien desde atr\u00e1s? Ponemos pantallas. La gente tiene que pas\u00e1rselo bien, que bastante putean al pueblo. Lo que humildemente pueda hacer por la gente, lo hago.<\/p>\n\n\n\n<p>Fuente: Diario de Navarra &#8211; Javier Escorzo &#8211; <a href=\"https:\/\/www.noticiasdenavarra.com\/cultura\/2024\/02\/23\/musica-sentir-vida-planeta-sentido-7915697.html\">\u00abLa m\u00fasica me hace sentir que mi vida en este planeta tiene sentido\u00bb (noticiasdenavarra.com)<\/a><\/p>\n","protected":false},"excerpt":{"rendered":"<p>Este s\u00e1bado 24 (21.00 horas) llega al Navarra Arena uno de los hist\u00f3ricos del rock nacional, Manolo Garc\u00eda, con m\u00e1s de cuatro d\u00e9cadas sobre los escenarios Manolo Garc\u00eda presentar\u00e1 en Pamplona sus dos \u00faltimos trabajos,&nbsp;Mi vida en Marte&nbsp;y&nbsp;Desatinos desplumados,&nbsp;publicados de manera simult\u00e1nea en 2022. Adem\u00e1s, repasar\u00e1 algunos cl\u00e1sicos de su carrera, tanto en solitario como<a class=\"moretag\" href=\"https:\/\/www.manologarciaycia.com\/?p=23767\" title=\"\u00abLa m\u00fasica me hace sentir que mi vida en este planeta tiene sentido\u00bb\" target=\"_self\" rel=\"follow\"> <font face=arial size=2>[Leer m\u00e1s]<\/font> <\/a><\/p>\n","protected":false},"author":2,"featured_media":23768,"comment_status":"closed","ping_status":"closed","sticky":false,"template":"","format":"standard","meta":{"footnotes":""},"categories":[1],"tags":[],"class_list":["post-23767","post","type-post","status-publish","format-standard","has-post-thumbnail","hentry","category-manolo-garcia"],"_links":{"self":[{"href":"https:\/\/www.manologarciaycia.com\/index.php?rest_route=\/wp\/v2\/posts\/23767","targetHints":{"allow":["GET"]}}],"collection":[{"href":"https:\/\/www.manologarciaycia.com\/index.php?rest_route=\/wp\/v2\/posts"}],"about":[{"href":"https:\/\/www.manologarciaycia.com\/index.php?rest_route=\/wp\/v2\/types\/post"}],"author":[{"embeddable":true,"href":"https:\/\/www.manologarciaycia.com\/index.php?rest_route=\/wp\/v2\/users\/2"}],"replies":[{"embeddable":true,"href":"https:\/\/www.manologarciaycia.com\/index.php?rest_route=%2Fwp%2Fv2%2Fcomments&post=23767"}],"version-history":[{"count":1,"href":"https:\/\/www.manologarciaycia.com\/index.php?rest_route=\/wp\/v2\/posts\/23767\/revisions"}],"predecessor-version":[{"id":23769,"href":"https:\/\/www.manologarciaycia.com\/index.php?rest_route=\/wp\/v2\/posts\/23767\/revisions\/23769"}],"wp:featuredmedia":[{"embeddable":true,"href":"https:\/\/www.manologarciaycia.com\/index.php?rest_route=\/wp\/v2\/media\/23768"}],"wp:attachment":[{"href":"https:\/\/www.manologarciaycia.com\/index.php?rest_route=%2Fwp%2Fv2%2Fmedia&parent=23767"}],"wp:term":[{"taxonomy":"category","embeddable":true,"href":"https:\/\/www.manologarciaycia.com\/index.php?rest_route=%2Fwp%2Fv2%2Fcategories&post=23767"},{"taxonomy":"post_tag","embeddable":true,"href":"https:\/\/www.manologarciaycia.com\/index.php?rest_route=%2Fwp%2Fv2%2Ftags&post=23767"}],"curies":[{"name":"wp","href":"https:\/\/api.w.org\/{rel}","templated":true}]}}