{"id":23763,"date":"2024-02-24T07:32:01","date_gmt":"2024-02-24T06:32:01","guid":{"rendered":"https:\/\/www.manologarciaycia.com\/?p=23763"},"modified":"2024-02-24T07:32:05","modified_gmt":"2024-02-24T06:32:05","slug":"manolo-garcia-ver-a-un-pabellon-entero-coreando-una-cancion-contigo-es-un-regalo-de-la-vida","status":"publish","type":"post","link":"https:\/\/www.manologarciaycia.com\/?p=23763","title":{"rendered":"Manolo Garc\u00eda: \u201cVer a un pabell\u00f3n entero coreando una canci\u00f3n contigo es un regalo de la vida\u201d"},"content":{"rendered":"\n<h2 class=\"wp-block-heading\">El cantante barcelon\u00e9s act\u00faa este s\u00e1bado por primera vez en el Navarra Arena dentro de la \u2018Gira de Teatros\u2019 que inici\u00f3 en septiembre y con la que recorrer\u00e1 el pa\u00eds a lo largo de este a\u00f1o<\/h2>\n\n\n\n<p>Fuente: Diario de Navarra &#8211; <a href=\"https:\/\/www.diariodenavarra.es\/noticias\/cultura-ocio\/cultura\/2024\/02\/23\/manolo-garcia-cantante-ver-pabellon-entero-coreando-cancion-contigo-regalo-vida-599787-1034.html\">Manolo Garc\u00eda: \u201cVer a un pabell\u00f3n entero coreando una canci\u00f3n contigo es un regalo de la vida\u201d (diariodenavarra.es)<\/a><\/p>\n","protected":false},"excerpt":{"rendered":"<p>El cantante barcelon\u00e9s act\u00faa este s\u00e1bado por primera vez en el Navarra Arena dentro de la \u2018Gira de Teatros\u2019 que inici\u00f3 en septiembre y con la que recorrer\u00e1 el pa\u00eds a lo largo de este a\u00f1o Fuente: Diario de Navarra &#8211; Manolo Garc\u00eda: \u201cVer a un pabell\u00f3n entero coreando una canci\u00f3n contigo es un regalo<a class=\"moretag\" href=\"https:\/\/www.manologarciaycia.com\/?p=23763\" title=\"Manolo Garc\u00eda: \u201cVer a un pabell\u00f3n entero coreando una canci\u00f3n contigo es un regalo de la vida\u201d\" target=\"_self\" rel=\"follow\"> <font face=arial size=2>[Leer m\u00e1s]<\/font> <\/a><\/p>\n","protected":false},"author":2,"featured_media":23764,"comment_status":"closed","ping_status":"closed","sticky":false,"template":"","format":"standard","meta":{"footnotes":""},"categories":[1],"tags":[],"class_list":["post-23763","post","type-post","status-publish","format-standard","has-post-thumbnail","hentry","category-manolo-garcia"],"_links":{"self":[{"href":"https:\/\/www.manologarciaycia.com\/index.php?rest_route=\/wp\/v2\/posts\/23763","targetHints":{"allow":["GET"]}}],"collection":[{"href":"https:\/\/www.manologarciaycia.com\/index.php?rest_route=\/wp\/v2\/posts"}],"about":[{"href":"https:\/\/www.manologarciaycia.com\/index.php?rest_route=\/wp\/v2\/types\/post"}],"author":[{"embeddable":true,"href":"https:\/\/www.manologarciaycia.com\/index.php?rest_route=\/wp\/v2\/users\/2"}],"replies":[{"embeddable":true,"href":"https:\/\/www.manologarciaycia.com\/index.php?rest_route=%2Fwp%2Fv2%2Fcomments&post=23763"}],"version-history":[{"count":1,"href":"https:\/\/www.manologarciaycia.com\/index.php?rest_route=\/wp\/v2\/posts\/23763\/revisions"}],"predecessor-version":[{"id":23765,"href":"https:\/\/www.manologarciaycia.com\/index.php?rest_route=\/wp\/v2\/posts\/23763\/revisions\/23765"}],"wp:featuredmedia":[{"embeddable":true,"href":"https:\/\/www.manologarciaycia.com\/index.php?rest_route=\/wp\/v2\/media\/23764"}],"wp:attachment":[{"href":"https:\/\/www.manologarciaycia.com\/index.php?rest_route=%2Fwp%2Fv2%2Fmedia&parent=23763"}],"wp:term":[{"taxonomy":"category","embeddable":true,"href":"https:\/\/www.manologarciaycia.com\/index.php?rest_route=%2Fwp%2Fv2%2Fcategories&post=23763"},{"taxonomy":"post_tag","embeddable":true,"href":"https:\/\/www.manologarciaycia.com\/index.php?rest_route=%2Fwp%2Fv2%2Ftags&post=23763"}],"curies":[{"name":"wp","href":"https:\/\/api.w.org\/{rel}","templated":true}]}}