{"id":23756,"date":"2024-02-19T17:00:00","date_gmt":"2024-02-19T16:00:00","guid":{"rendered":"https:\/\/www.manologarciaycia.com\/?p=23756"},"modified":"2024-02-19T14:34:16","modified_gmt":"2024-02-19T13:34:16","slug":"nueva-fecha-de-la-gira-2024-cero-emisiones-desde-ya-jaen-27-abril-auditorio-alameda","status":"publish","type":"post","link":"https:\/\/www.manologarciaycia.com\/?p=23756","title":{"rendered":"Nueva fecha de la Gira 2024 Cero emisiones desde ya!: Ja\u00e9n 27 Abril (Auditorio Alameda"},"content":{"rendered":"\n<p>Nuevo concierto de Manolo Garc\u00eda, dentro de su Gira 2024 Cero Emisiones desde ya! En este caso ser\u00e1 el 27 de Abril de 2024 en Ja\u00e9n, en el Auditorio Alameda.<br><br>A la venta el pr\u00f3ximo jueves 22 de Febrero de 2024 a las 13:00h en https:\/\/www.manolo-garcia.com\/conciertos y en plataformas habituales (Ticketmaster por ejemplo).<\/p>\n","protected":false},"excerpt":{"rendered":"<p>Nuevo concierto de Manolo Garc\u00eda, dentro de su Gira 2024 Cero Emisiones desde ya! En este caso ser\u00e1 el 27 de Abril de 2024 en Ja\u00e9n, en el Auditorio Alameda. A la venta el pr\u00f3ximo jueves 22 de Febrero de 2024 a las 13:00h en https:\/\/www.manolo-garcia.com\/conciertos y en plataformas habituales (Ticketmaster por ejemplo).<a class=\"moretag\" href=\"https:\/\/www.manologarciaycia.com\/?p=23756\" title=\"Nueva fecha de la Gira 2024 Cero emisiones desde ya!: Ja\u00e9n 27 Abril (Auditorio Alameda\" target=\"_self\" rel=\"follow\"> <font face=arial size=2>[Leer m\u00e1s]<\/font> <\/a><\/p>\n","protected":false},"author":2,"featured_media":23757,"comment_status":"closed","ping_status":"closed","sticky":false,"template":"","format":"standard","meta":{"footnotes":""},"categories":[1],"tags":[],"class_list":["post-23756","post","type-post","status-publish","format-standard","has-post-thumbnail","hentry","category-manolo-garcia"],"_links":{"self":[{"href":"https:\/\/www.manologarciaycia.com\/index.php?rest_route=\/wp\/v2\/posts\/23756","targetHints":{"allow":["GET"]}}],"collection":[{"href":"https:\/\/www.manologarciaycia.com\/index.php?rest_route=\/wp\/v2\/posts"}],"about":[{"href":"https:\/\/www.manologarciaycia.com\/index.php?rest_route=\/wp\/v2\/types\/post"}],"author":[{"embeddable":true,"href":"https:\/\/www.manologarciaycia.com\/index.php?rest_route=\/wp\/v2\/users\/2"}],"replies":[{"embeddable":true,"href":"https:\/\/www.manologarciaycia.com\/index.php?rest_route=%2Fwp%2Fv2%2Fcomments&post=23756"}],"version-history":[{"count":1,"href":"https:\/\/www.manologarciaycia.com\/index.php?rest_route=\/wp\/v2\/posts\/23756\/revisions"}],"predecessor-version":[{"id":23759,"href":"https:\/\/www.manologarciaycia.com\/index.php?rest_route=\/wp\/v2\/posts\/23756\/revisions\/23759"}],"wp:featuredmedia":[{"embeddable":true,"href":"https:\/\/www.manologarciaycia.com\/index.php?rest_route=\/wp\/v2\/media\/23757"}],"wp:attachment":[{"href":"https:\/\/www.manologarciaycia.com\/index.php?rest_route=%2Fwp%2Fv2%2Fmedia&parent=23756"}],"wp:term":[{"taxonomy":"category","embeddable":true,"href":"https:\/\/www.manologarciaycia.com\/index.php?rest_route=%2Fwp%2Fv2%2Fcategories&post=23756"},{"taxonomy":"post_tag","embeddable":true,"href":"https:\/\/www.manologarciaycia.com\/index.php?rest_route=%2Fwp%2Fv2%2Ftags&post=23756"}],"curies":[{"name":"wp","href":"https:\/\/api.w.org\/{rel}","templated":true}]}}