{"id":23752,"date":"2024-02-18T19:23:22","date_gmt":"2024-02-18T18:23:22","guid":{"rendered":"https:\/\/www.manologarciaycia.com\/?p=23752"},"modified":"2024-02-18T19:27:07","modified_gmt":"2024-02-18T18:27:07","slug":"manolo-garcia-colma-a-sus-fieles-seguidores-en-zaragoza","status":"publish","type":"post","link":"https:\/\/www.manologarciaycia.com\/?p=23752","title":{"rendered":"Manolo Garc\u00eda colma a sus fieles seguidores en Zaragoza"},"content":{"rendered":"\n<p><h2 class=\"ft-mol-subtitle ft-helper-fontColor-quaternary\" style=\"-webkit-tap-highlight-color: rgba(0, 0, 0, 0); box-sizing: border-box; font-family: -apple-system, BlinkMacSystemFont, &quot;avenir next&quot;, avenir, &quot;segoe ui&quot;, &quot;helvetica neue&quot;, helvetica, Cantarell, Ubuntu, roboto, noto, arial, sans-serif; font-size: 1.8rem; font-weight: 400; line-height: 2.8rem; margin-bottom: 1rem; margin-top: 1rem; padding-left: 0px; position: relative; padding-bottom: 3rem; white-space-collapse: collapse;\">El m\u00fasico barcelon\u00e9s vuelve a llenar el Pr\u00edncipe Felipe con m\u00e1s de 6.000 personas 16 meses despu\u00e9s de su \u00faltima visita a la capital aragonesa<\/h2><\/p>\n\n\n\n<p><strong>Llen\u00f3 el pabell\u00f3n Pr\u00edncipe Felipe en su \u00faltima visita durante las Fiestas del Pilar de 2022<\/strong>&nbsp;y este s\u00e1bado se ha quedado muy cerca de volver a hacerlo. Manolo Garc\u00eda ha demostrado de nuevo que tiene una legi\u00f3n de fieles seguidores en Zaragoza. M\u00e1s de 6.000 almas han disfrutado de lo lindo del concierto del m\u00fasico barcelon\u00e9s, que ha vuelto a constatar que<strong>&nbsp;tiene una m\u00e1xima marcada a fuego: pensar siempre en su p\u00fablico<\/strong>. S\u00ed, el autor de &#8216;P\u00e1jaros de barro&#8217; ha presentado las canciones de su \u00faltimo disco doble (&#8216;Mi vida en Marte&#8217;\u2013&#8217;Desatinos desplumados&#8217;), pero&nbsp;<strong>ha hecho un gran repaso de sus temas m\u00e1s conocidos e incluso ha tocado varios de El \u00daltimo de la Fila.<\/strong><\/p>\n\n\n\n<p>A pesar de ello, el concierto (con una vibrante escenograf\u00eda) no ha sido el mismo que en sus \u00faltimas visitas a la ciudad, porque&nbsp;<strong>el barcelon\u00e9s reinventa en cada gira sus canciones introduciendo nuevos &#8216;riffs&#8217; y peque\u00f1os cambios.&nbsp;<\/strong>Sus temas, eso s\u00ed, siguen siendo igual de reconocibles haciendo que un p\u00fablico entregado a la causa cantara sin parar a modo de karaoke.<\/p>\n\n\n\n<p><img loading=\"lazy\" decoding=\"async\" src=\"https:\/\/estaticos-cdn.prensaiberica.es\/clip\/a0193ac0-8988-43e6-9705-15215efeba8b_16-9-aspect-ratio_320w_0.jpg\" width=\"170\" height=\"90\" alt=\"Manolo Garc\u00eda: &quot;Los Brincos, los M\u00f3dulos y Triana son las tres patas donde apoyo mi humilde partitura&quot;\"><\/p>\n\n\n\n<p><a href=\"https:\/\/www.elperiodicodearagon.com\/cultura\/2024\/02\/16\/manolo-garcia-brincos-modulos-triana-98272410.html\">Manolo Garc\u00eda: \u00abLos Brincos, los M\u00f3dulos y Triana son las tres patas donde apoyo mi humilde partitura\u00bb<\/a><\/p>\n\n\n\n<p>\u00abSolo soy un m\u00fasico popular que pretende endulzar la vida a los dem\u00e1s\u00bb, hab\u00eda asegurado el viernes en una entrevista con este diario. Y vaya si lo ha hecho. El de Poblenou ha colmado de felicidad a sus fieles seguidores, algo que es recurrente en todas sus actuaciones.<\/p>\n\n\n\n<p>https:\/\/buy-eu.piano.io\/checkout\/template\/cacheableShow?aid=AuYd990lpe&#038;templateId=OTLO6FBNAUSC&#038;templateVariantId=OTV208QBIL3YC&#038;offerId=fakeOfferId&#038;experienceId=EX5B9B7SBEXP&#038;iframeId=offer_80171d87f43f3713e8f3-0&#038;displayMode=inline&#038;pianoIdUrl=https%3A%2F%2Fid-eu.piano.io%2Fid%2F&#038;widget=template&#038;url=https%3A%2F%2Fwww.elperiodicodearagon.com&#038;customVariables=%7B%22seccion%22%3A%22cultura%22%2C%22subSeccion%22%3A%22%22%2C%22isNative%22%3Afalse%7D<\/p>\n\n\n\n<h2 class=\"wp-block-heading\">Con el p\u00fablico sentado<\/h2>\n\n\n\n<p>El concierto del Pr\u00edncipe Felipe a\u00fan era con el p\u00fablico sentado (a partir de abril eso cambiar\u00e1 en la gira), pero en cuanto han empezado a sonar las canciones m\u00e1s conocidas se han levantado como un resorte.<\/p>\n\n\n\n<p>Tras la gira de teatros del a\u00f1o pasado, el m\u00fasico barcelon\u00e9s ha iniciado este s\u00e1bado en Zaragoza&nbsp;<strong>un tour que le llevar\u00e1 por las principales ciudades del pa\u00eds y a grandes recintos como el Wizink de Madrid o el Palau Sant Jordi<\/strong>. Una gira en la que volver\u00e1 a demostrar por qu\u00e9 es uno de los m\u00fasicos m\u00e1s queridos del pa\u00eds (con su \u00faltimo disco doble pulveriz\u00f3 de nuevo todos los r\u00e9cords de venta).<\/p>\n\n\n\n<p>Manolo Garc\u00eda ha cosechado el aplauso de la cr\u00edtica y del p\u00fablico desde sus inicios con Quimi Portet en Los Burros y El \u00daltimo de la Fila. Una admiraci\u00f3n que no ha hecho m\u00e1s que crecer desde que en 1998 comenz\u00f3 su carrera en solitario alz\u00e1ndose a las alturas del pop espa\u00f1ol.\u00a0<\/p>\n\n\n\n<p>Galer\u00eda Fotogr\u00e1fica: <a href=\"https:\/\/www.elperiodicodearagon.com\/fotos\/cultura\/2024\/02\/17\/concierto-manolo-garcia-principe-felipe-98313516.html\">Concierto de Manolo Garc\u00eda en el Pr\u00edncipe Felipe de Zaragoza &#8211; El Peri\u00f3dico de Arag\u00f3n (elperiodicodearagon.com)<\/a><\/p>\n\n\n\n<p>Fuente: Andreaa Vornicu &#8211; El Peri\u00f3dico de Arag\u00f3n &#8211; <a href=\"https:\/\/www.elperiodicodearagon.com\/cultura\/2024\/02\/17\/manolo-garcia-colma-fieles-seguidores-98314903.html\">Manolo Garc\u00eda colma a sus fieles seguidores en Zaragoza (elperiodicodearagon.com)<\/a><\/p>\n","protected":false},"excerpt":{"rendered":"<p>El m\u00fasico barcelon\u00e9s vuelve a llenar el Pr\u00edncipe Felipe con m\u00e1s de 6.000 personas 16 meses despu\u00e9s de su \u00faltima visita a la capital aragonesa Llen\u00f3 el pabell\u00f3n Pr\u00edncipe Felipe en su \u00faltima visita durante las Fiestas del Pilar de 2022&nbsp;y este s\u00e1bado se ha quedado muy cerca de volver a hacerlo. Manolo Garc\u00eda ha<a class=\"moretag\" href=\"https:\/\/www.manologarciaycia.com\/?p=23752\" title=\"Manolo Garc\u00eda colma a sus fieles seguidores en Zaragoza\" target=\"_self\" rel=\"follow\"> <font face=arial size=2>[Leer m\u00e1s]<\/font> <\/a><\/p>\n","protected":false},"author":2,"featured_media":23753,"comment_status":"closed","ping_status":"closed","sticky":false,"template":"","format":"standard","meta":{"footnotes":""},"categories":[1],"tags":[],"class_list":["post-23752","post","type-post","status-publish","format-standard","has-post-thumbnail","hentry","category-manolo-garcia"],"_links":{"self":[{"href":"https:\/\/www.manologarciaycia.com\/index.php?rest_route=\/wp\/v2\/posts\/23752","targetHints":{"allow":["GET"]}}],"collection":[{"href":"https:\/\/www.manologarciaycia.com\/index.php?rest_route=\/wp\/v2\/posts"}],"about":[{"href":"https:\/\/www.manologarciaycia.com\/index.php?rest_route=\/wp\/v2\/types\/post"}],"author":[{"embeddable":true,"href":"https:\/\/www.manologarciaycia.com\/index.php?rest_route=\/wp\/v2\/users\/2"}],"replies":[{"embeddable":true,"href":"https:\/\/www.manologarciaycia.com\/index.php?rest_route=%2Fwp%2Fv2%2Fcomments&post=23752"}],"version-history":[{"count":2,"href":"https:\/\/www.manologarciaycia.com\/index.php?rest_route=\/wp\/v2\/posts\/23752\/revisions"}],"predecessor-version":[{"id":23755,"href":"https:\/\/www.manologarciaycia.com\/index.php?rest_route=\/wp\/v2\/posts\/23752\/revisions\/23755"}],"wp:featuredmedia":[{"embeddable":true,"href":"https:\/\/www.manologarciaycia.com\/index.php?rest_route=\/wp\/v2\/media\/23753"}],"wp:attachment":[{"href":"https:\/\/www.manologarciaycia.com\/index.php?rest_route=%2Fwp%2Fv2%2Fmedia&parent=23752"}],"wp:term":[{"taxonomy":"category","embeddable":true,"href":"https:\/\/www.manologarciaycia.com\/index.php?rest_route=%2Fwp%2Fv2%2Fcategories&post=23752"},{"taxonomy":"post_tag","embeddable":true,"href":"https:\/\/www.manologarciaycia.com\/index.php?rest_route=%2Fwp%2Fv2%2Ftags&post=23752"}],"curies":[{"name":"wp","href":"https:\/\/api.w.org\/{rel}","templated":true}]}}