{"id":23748,"date":"2024-02-18T19:08:44","date_gmt":"2024-02-18T18:08:44","guid":{"rendered":"https:\/\/www.manologarciaycia.com\/?p=23748"},"modified":"2024-02-18T19:13:15","modified_gmt":"2024-02-18T18:13:15","slug":"manolo-garcia-triunfa-en-el-principe-felipe","status":"publish","type":"post","link":"https:\/\/www.manologarciaycia.com\/?p=23748","title":{"rendered":"Manolo Garc\u00eda triunfa en el Pr\u00edncipe Felipe"},"content":{"rendered":"\n<p id=\"m53-52-54\">El cantante y m\u00fasico barcelon\u00e9s ha reanudado su gira en la capital aragonesa y ha ofrecido su primer concierto de 2024. Ha interpretado canciones de sus discos en solitario y tambi\u00e9n varios temas de El \u00daltimo de la Fila.<\/p>\n\n\n\n<p id=\"m123-122-124\">\u00abEmpec\u00e9 a darme cuenta muy pronto de que yo ten\u00eda que marcar mi propio rumbo y que en la m\u00fasica y la pintura ten\u00eda un camino estupendo que no hay nadie que pueda coartar, en el que soy libre totalmente. Los dioses me han dado el regalo de permitirme que pudiese vivir de mis canciones, de mis composiciones&#8230; pero mi libertad no consiste en estar tumbado al sol, sino en&nbsp;<strong>dar lo mejor de m\u00ed y emplearme a fondo de una manera apasionada, seria y con ganas en mi trabaj<\/strong>o, que se basa en hacer discos, giras y dar vida y alegr\u00eda\u00bb, comentaba&nbsp;<a href=\"https:\/\/www.heraldo.es\/noticias\/ocio-y-cultura\/2024\/02\/17\/manolo-garcia-la-musica-es-una-fuente-inagotable-de-vida-y-de-alegrias-1711819.html\">Manolo Garc\u00eda<\/a>&nbsp;el pasado jueves. El m\u00fasico barcelon\u00e9s lleg\u00f3 a&nbsp;<a href=\"https:\/\/www.heraldo.es\/noticias\/ocio-y-cultura\/2024\/02\/18\/manolo-garcia-triunfa-en-el-principe-felipe-1712010.html\">Zaragoza<\/a>&nbsp;en los d\u00edas previos al concierto de este s\u00e1bado para ensayar las canciones del recital que ha ofrecido en el pabell\u00f3n Pr\u00edncipe Felipe, y que ha congregado a&nbsp;<strong>m\u00e1s de 6.000 personas&nbsp;<\/strong>en este recinto de la capital aragonesa que se ha llenado (todas las localidades eran con asiento, tambi\u00e9n en pista) para ver al cantante y m\u00fasico barcelon\u00e9s.<\/p>\n\n\n\n<p id=\"m128-127-129\">Para Garc\u00eda, su compromiso con el p\u00fablico es inquebrantable, y lo ha vuelto a poner de manifiesto en la ciudad del Ebro, dedicando el concierto<strong>&nbsp;a los agricultores y ganaderos<\/strong>, y tambi\u00e9n&nbsp;<strong>denunciando la falta de auxiliares de Educaci\u00f3n Especial en el medio rural en Arag\u00f3n.<\/strong>&nbsp;\u00abA todos ellos les dedico este concierto\u00bb, ha dicho el artista.<\/p>\n\n\n\n<p>TE PUEDE INTERESAR<\/p>\n\n\n\n<figure class=\"wp-block-image\"><a href=\"https:\/\/www.heraldo.es\/noticias\/ocio-y-cultura\/2024\/02\/17\/manolo-garcia-la-musica-es-una-fuente-inagotable-de-vida-y-de-alegrias-1711819.html\"><img decoding=\"async\" src=\"https:\/\/imagenes.heraldo.es\/files\/image_234_v3\/files\/fp\/uploads\/imagenes\/2024\/02\/16\/00a4489.r_d.2312-1901.jpeg\" alt=\"Manolo Garc\u00eda (Barcelona, 1955) ofrece esta noche en Zaragoza su primer concierto de 2024\"\/><\/a><\/figure>\n\n\n\n<p><a href=\"https:\/\/www.heraldo.es\/noticias\/ocio-y-cultura\/2024\/02\/17\/manolo-garcia-la-musica-es-una-fuente-inagotable-de-vida-y-de-alegrias-1711819.html\">Manolo Garc\u00eda: \u00abLa m\u00fasica es una fuente inagotable de vida y de alegr\u00edas\u00bb<\/a><\/p>\n\n\n\n<figure class=\"wp-block-image\"><a href=\"https:\/\/www.heraldo.es\/noticias\/ocio-y-cultura\/2024\/02\/17\/comic-suenos-e-historia-una-fantastica-exposicion-de-nuestros-heroes-en-caixaforum-1711828.html\"><img decoding=\"async\" src=\"https:\/\/imagenes.heraldo.es\/files\/image_234_v3\/uploads\/imagenes\/2024\/02\/16\/caixaforum-se-vuelca-con-el-comic.jpeg\" alt=\"Aspecto del cuidado montaje de Caixaf\u00f3rum.\"\/><\/a><\/figure>\n\n\n\n<p><a href=\"https:\/\/www.heraldo.es\/noticias\/ocio-y-cultura\/2024\/02\/17\/comic-suenos-e-historia-una-fantastica-exposicion-de-nuestros-heroes-en-caixaforum-1711828.html\">&#8216;C\u00f3mic. Sue\u00f1os e historia&#8217;: una fant\u00e1stica exposici\u00f3n de nuestros h\u00e9roes en Caixaf\u00f3rum<\/a><\/p>\n\n\n\n<p id=\"m202-201-203\">Al comienzo del \u2018show\u2019 han sonado los primeros acordes de&nbsp;<strong>\u2018Los cr\u00edticos amantes\u2019,<\/strong>&nbsp;con los que Garc\u00eda ha iniciaba su actuaci\u00f3n. Quedaban tres horas por delante y hab\u00eda mucha esencia musical por destilar. Desde un sill\u00f3n, con su guitarra ac\u00fastica, ha interpretado esa pieza del elep\u00e9 \u2018Saldremos a la lluvia\u2019. \u00abEstoy cojo. Como soy escultor, se me ha ca\u00eddo un hierro y me ha jodido el dedo gordo del pie\u00bb, se ha disculpado.<\/p>\n\n\n\n<h2 class=\"wp-block-heading\" id=\"m207-206-208\">Una fiesta muy animada<\/h2>\n\n\n\n<p id=\"m212-211-213\">Pero no ha parecido ser un obst\u00e1culo para bajar del escenario en varias ocasiones e ir a cantarle hasta al \u00faltimo de la fila en la pista del Pr\u00edncipe Felipe, o para subirse a una de esas barras de bar (\u00abvertederos de amor\u00bb, como dice el verso de \u2018Insurrecci\u00f3n\u2019) y desatar la euforia del respetable. Lo ha hecho desde un primer momento, en cuanto en el repertorio se ha colado<strong>&nbsp;\u2018Ya no danzo al son de los tambores\u2019.<\/strong>&nbsp;Antes ha interpretado \u2018Si todo arde\u2019, \u2018Dibujar en mi piel\u2019, \u2018Por respirar\u2019 y \u2018Diez mil veranos\u2019.<\/p>\n\n\n\n<p id=\"m217-216-218\">Ha estado acompa\u00f1ado por una excelente banda (\u00a1ay, el valor de los m\u00fasicos en directo en tiempos en los que impera el \u2018autotune\u2019 y la m\u00fasica enlatada!), y de una bailaora (Coral) que ha puesto su arte en los momentos de cante, baile y aires de rumbita catalana de \u2018Laberinto de Sue\u00f1os (en las geometr\u00edas del rayo)\u2019 y en temas como \u2018Azulea y \u2018Quisiera escapar\u2019, entre otros.<\/p>\n\n\n\n<p id=\"m222-221-223\">Con<strong>&nbsp;\u2018P\u00e1jaros de barro\u2019,&nbsp;<\/strong>Garc\u00eda ha vuelto a meterse al p\u00fablico en los bolsillos (nada de arena) y a\u00fan le ha quedado trecho por andar en su vasto repertorio en solitario \u2013nueve discos\u2013, interpretando desde temas de su primer \u00e1lbum, \u2018Arena en los bolsillos\u2019 (1998), hasta piezas de su disco m\u00e1s reciente, \u2018Mi vida en Marte\u2019 (2022). Y por supuesto, tambi\u00e9n ha ofrecido himnos emblem\u00e1ticos de El \u00daltimo de la Fila como&nbsp;<strong>\u2018L\u00e1piz y tinta\u2019, \u2018Insurrecci\u00f3n\u2019, \u2018Aviones plateados\u2019, \u2018Lejos de las leyes de los hombres\u2019, \u2018Mar antiguo\u2019<\/strong>&nbsp;y<strong>&nbsp;\u2018A veces se enciende\u2019.<\/strong><\/p>\n\n\n\n<p id=\"m227-226-228\">El m\u00fasico barcelon\u00e9s lleva m\u00e1s de 40 a\u00f1os visitando\u00a0<a href=\"https:\/\/www.heraldo.es\/tags\/lugares\/aragon.html\">Arag\u00f3n<\/a>, desde que form\u00f3 sus primeros grupos. Se ven\u00eda con un coche destartalado hasta la capital aragonesa solo para que le entrevistara Cachi en Radio Zaragoza. Luego volvi\u00f3 con Los R\u00e1pidos (telonearon a Kevin Ayers en La Romareda en el 81)\u00a0<strong>Los Burros<\/strong>\u00a0y\u00a0<strong>\u00c9l \u00daltimo de la Fila\u00a0<\/strong>en numerosas ocasiones, igual que ha hecho desde que comenz\u00f3 su carrera en solitario. Todas esas etapas, todas esas canciones son retales de la vida de un p\u00fablico que este s\u00e1bado ha cantado, ha bailado y ha vibrado con ese chico del barrio barcelon\u00e9s del Poblenou que un acertado d\u00eda decidi\u00f3 salirse de lo establecido para dibujar su propio camino art\u00edstico.<\/p>\n\n\n\n<p>Galer\u00eda Fotogr\u00e1fica (Guillermo Mestre): <a href=\"https:\/\/www.heraldo.es\/multimedia\/imagenes\/ocio-y-cultura\/manolo-garcia-triunfa-en-el-principe-felipe\/\">Manolo Garc\u00eda triunfa en el Pr\u00edncipe Felipe | Im\u00e1genes (heraldo.es)<\/a><\/p>\n\n\n\n<p>Fuente: El Heraldo &#8211; Pedro Zapater &#8211; <a href=\"https:\/\/www.heraldo.es\/noticias\/ocio-y-cultura\/2024\/02\/18\/manolo-garcia-triunfa-en-el-principe-felipe-1712010.html\">Manolo Garc\u00eda triunfa en el Pr\u00edncipe Felipe (heraldo.es)<\/a><\/p>\n\n\n\n<p><\/p>\n","protected":false},"excerpt":{"rendered":"<p>El cantante y m\u00fasico barcelon\u00e9s ha reanudado su gira en la capital aragonesa y ha ofrecido su primer concierto de 2024. Ha interpretado canciones de sus discos en solitario y tambi\u00e9n varios temas de El \u00daltimo de la Fila. \u00abEmpec\u00e9 a darme cuenta muy pronto de que yo ten\u00eda que marcar mi propio rumbo y<a class=\"moretag\" href=\"https:\/\/www.manologarciaycia.com\/?p=23748\" title=\"Manolo Garc\u00eda triunfa en el Pr\u00edncipe Felipe\" target=\"_self\" rel=\"follow\"> <font face=arial size=2>[Leer m\u00e1s]<\/font> <\/a><\/p>\n","protected":false},"author":2,"featured_media":23749,"comment_status":"closed","ping_status":"closed","sticky":false,"template":"","format":"standard","meta":{"footnotes":""},"categories":[1],"tags":[],"class_list":["post-23748","post","type-post","status-publish","format-standard","has-post-thumbnail","hentry","category-manolo-garcia"],"_links":{"self":[{"href":"https:\/\/www.manologarciaycia.com\/index.php?rest_route=\/wp\/v2\/posts\/23748","targetHints":{"allow":["GET"]}}],"collection":[{"href":"https:\/\/www.manologarciaycia.com\/index.php?rest_route=\/wp\/v2\/posts"}],"about":[{"href":"https:\/\/www.manologarciaycia.com\/index.php?rest_route=\/wp\/v2\/types\/post"}],"author":[{"embeddable":true,"href":"https:\/\/www.manologarciaycia.com\/index.php?rest_route=\/wp\/v2\/users\/2"}],"replies":[{"embeddable":true,"href":"https:\/\/www.manologarciaycia.com\/index.php?rest_route=%2Fwp%2Fv2%2Fcomments&post=23748"}],"version-history":[{"count":2,"href":"https:\/\/www.manologarciaycia.com\/index.php?rest_route=\/wp\/v2\/posts\/23748\/revisions"}],"predecessor-version":[{"id":23751,"href":"https:\/\/www.manologarciaycia.com\/index.php?rest_route=\/wp\/v2\/posts\/23748\/revisions\/23751"}],"wp:featuredmedia":[{"embeddable":true,"href":"https:\/\/www.manologarciaycia.com\/index.php?rest_route=\/wp\/v2\/media\/23749"}],"wp:attachment":[{"href":"https:\/\/www.manologarciaycia.com\/index.php?rest_route=%2Fwp%2Fv2%2Fmedia&parent=23748"}],"wp:term":[{"taxonomy":"category","embeddable":true,"href":"https:\/\/www.manologarciaycia.com\/index.php?rest_route=%2Fwp%2Fv2%2Fcategories&post=23748"},{"taxonomy":"post_tag","embeddable":true,"href":"https:\/\/www.manologarciaycia.com\/index.php?rest_route=%2Fwp%2Fv2%2Ftags&post=23748"}],"curies":[{"name":"wp","href":"https:\/\/api.w.org\/{rel}","templated":true}]}}