{"id":23742,"date":"2024-02-17T08:07:42","date_gmt":"2024-02-17T07:07:42","guid":{"rendered":"https:\/\/www.manologarciaycia.com\/?p=23742"},"modified":"2024-02-17T08:07:44","modified_gmt":"2024-02-17T07:07:44","slug":"manolo-garcia-la-musica-es-una-fuente-inagotable-de-vida-y-de-alegrias","status":"publish","type":"post","link":"https:\/\/www.manologarciaycia.com\/?p=23742","title":{"rendered":"Manolo Garc\u00eda: \u00abLa m\u00fasica es una fuente inagotable de vida y de alegr\u00edas\u00bb"},"content":{"rendered":"\n<p id=\"m53-52-54\">El cantante act\u00faa este s\u00e1bado (21.30) en el pabell\u00f3n Pr\u00edncipe Felipe de Zaragoza<\/p>\n\n\n\n<p id=\"m146-145-147\"><strong>El de este s\u00e1bado va a ser su primer concierto de 2024 \u00bfC\u00f3mo afronta la reanudaci\u00f3n de su gira?<\/strong><\/p>\n\n\n\n<p id=\"m151-150-152\">Hicimos una veintena larga en el primer tramo y ahora vamos a por otros treinta. Volver a la carretera siempre me da alegr\u00eda porque me gusta el oficio, un oficio que tiene muchas ventajas. La primera es que encuentras a la gente de cara, siempre de buen humor, con ganas de fiesta. A m\u00ed me gusta el escenario y compartir emociones con el p\u00fablico, aunque no es que no pueda vivir sin actuar ni que sea un enfermo del aplauso. Tengo otras vidas, maneras m\u00edas de vivir tranquilo, alejadas del mundo musical. Cuando terminan las giras me dedico a pintar, a estar tranquilo, en una situaci\u00f3n mucho m\u00e1s calmada.<\/p>\n\n\n\n<p id=\"m156-155-157\"><strong>\u00bfRecuerda sus primeras visitas a tierras aragonesas?<\/strong><\/p>\n\n\n\n<p id=\"m161-160-162\">Ven\u00eda a tocar con grupos de baile a&nbsp;<a href=\"https:\/\/www.heraldo.es\/tags\/lugares\/utrillas.html\">Utrillas<\/a>, en Teruel, y a muchos otros pueblos cuando ten\u00eda 18 o 20 a\u00f1os. Pero con m\u00fasica propia la cosa empez\u00f3 a comienzos de los 80, con unas maquetas, unos temas de Los R\u00e1pidos. Me acuerdo de venir a Zaragoza porque nos dec\u00edan que hab\u00eda un chico que se llamaba Cachi y que ten\u00eda un programa de radio.<\/p>\n\n\n\n<p id=\"m166-165-167\"><strong>Juli\u00e1n Torres \u2018Cachi\u2019, todo un referente de la radio musical&#8230;<\/strong><\/p>\n\n\n\n<p id=\"m171-170-172\">Pues ah\u00ed est\u00e1bamos, d\u00e1ndole la brasa para que nos entrevistara en Radio Zaragoza. Yo cog\u00eda un coche que ten\u00eda, un cacharro, y me ven\u00eda a ver a Cachi. Ese es el primer recuerdo que tengo de Zaragoza, musicalmente hablando.<\/p>\n\n\n\n<p id=\"m176-175-177\"><strong>Y aqu\u00ed est\u00e1 de nuevo, unos cuantos a\u00f1os despu\u00e9s, con cientos de canciones. \u00bfEs complicado elegir la lista de las que sonar\u00e1n esta noche en el Pr\u00edncipe Felipe?<\/strong><\/p>\n\n\n\n<p id=\"m181-180-182\">La verdad es que es un poquito estresante cuando me planteo hacer la lista. Empiezo a mirar todos los discos, los temas, y me cuesta, me sabe mal dejar algunas. Al final, lo que acaba sucediendo es que hago conciertos largos. Es por amor al repertorio, por cari\u00f1o a las canciones, que son como hijos.<\/p>\n\n\n\n<p id=\"m186-185-187\"><strong>Han pasado m\u00e1s de 25 a\u00f1os de la publicaci\u00f3n de \u2018Arena en los bolsillos\u2019, con el que inici\u00f3 su carrera en solitario tras El \u00daltimo de la Fila. \u00bfCu\u00e1l es la clave para mantener el mismo nivel en todos sus \u00e1lbumes?<\/strong><\/p>\n\n\n\n<p id=\"m191-190-192\">Es un poco como cuando pinto. Para conseguir un cuadro que me guste igual he hecho siete o diez. Con las canciones pasa igual y con las a\u00f1os vas siendo m\u00e1s selectivo. Tambi\u00e9n tu capacidad de trabajo aumenta porque hay menos horas de fiesta, de bares, de copas, de salidas alimentadas por la testosterona\u2026 Est\u00e1s m\u00e1s relajado en casa, tienes m\u00e1s tiempo y te apetece componer. El truco, para m\u00ed, est\u00e1 en almacenar material. Luego, todo se va poniendo en su sitio con el paso de los d\u00edas. El tiempo te da una claridad, ilumina la obra y le va dando a cada cosa su lugar.<\/p>\n\n\n\n<p id=\"m196-195-197\"><strong>\u00bfQu\u00e9 cree que es lo que le hace conectar con el p\u00fablico y que sus canciones sean la banda sonora de tantas personas?<\/strong><\/p>\n\n\n\n<p id=\"m201-200-202\">Creo que el p\u00fablico percibe perfectamente el respeto que les tengo. No tengo una actitud soberbia, es al rev\u00e9s: me siento muy agradecido.<\/p>\n\n\n\n<p>TE PUEDE INTERESAR<\/p>\n\n\n\n<figure class=\"wp-block-image\"><a href=\"https:\/\/www.heraldo.es\/noticias\/comunicacion\/2024\/02\/16\/canciones-juanjo-naiara-final-operacion-triunfo-ot-1711635.html\"><img decoding=\"async\" src=\"https:\/\/imagenes.heraldo.es\/files\/image_234_v3\/uploads\/imagenes\/2024\/02\/16\/juanjo-y-naiara-gsc1-3.jpeg\" alt=\"Juanjo y Naiara, los aragoneses de operaci\u00f3n triunfo durante una de sus interpretaciones.\"\/><\/a><\/figure>\n\n\n\n<p><a href=\"https:\/\/www.heraldo.es\/noticias\/comunicacion\/2024\/02\/16\/canciones-juanjo-naiara-final-operacion-triunfo-ot-1711635.html\">Estas son las canciones con las que Juanjo o Naiara podr\u00edan ganar la final de OT<\/a><\/p>\n\n\n\n<figure class=\"wp-block-image\"><a href=\"https:\/\/www.heraldo.es\/noticias\/ocio-y-cultura\/2024\/02\/16\/planes-musicales-culturales-fin-de-semana-zaragoza-1711589.html\"><img decoding=\"async\" src=\"https:\/\/imagenes.heraldo.es\/files\/image_234_v3\/uploads\/imagenes\/2023\/09\/22\/cartela-planes-fin-de-semana-otono-maria.jpeg\" alt=\"Los mejores planes para este fin de semana\"\/><\/a><\/figure>\n\n\n\n<p><a href=\"https:\/\/www.heraldo.es\/noticias\/ocio-y-cultura\/2024\/02\/16\/planes-musicales-culturales-fin-de-semana-zaragoza-1711589.html\">Cinco planes musicales y culturales para este fin de semana en Zaragoza<\/a><\/p>\n\n\n\n<p id=\"m275-274-276\"><strong>Siempre se ha tomado muy en serio su compromiso con quienes van a verle a un concierto&#8230;<\/strong><\/p>\n\n\n\n<p id=\"m280-279-281\">Solo cancel\u00e9 la vez que los m\u00e9dicos me dijeron: \u00abTienes que parar\u00bb. Cuando convocas al p\u00fablico debes ir, hacerlo bien, dejarles satisfechos, que sientan que el dinero que han gastado en esa entrada y la ilusi\u00f3n que han puesto en la espera durante meses ha merecido la pena. Es sagrado que cuando t\u00fa llegues tu grupo preferido no solo no te defraude, sino que te haga pasar un rato inolvidable. Ese grupo, si va haciendo eso cada noche, donde vaya, tendr\u00e1 m\u00e1s posibilidades de tener continuidad y una carrera larga. Si no, no hay manera. Y luego, evidentemente, hay que ir dejando un reguero de canciones que calen. Eso ya tambi\u00e9n es un misterio. Ah\u00ed no hay f\u00f3rmula.<\/p>\n\n\n\n<p id=\"m285-284-286\"><strong>La observaci\u00f3n, \u00bfes la materia prima de sus composiciones?<\/strong><\/p>\n\n\n\n<p id=\"m290-289-291\">Soy observador y curioso por naturaleza. Eso me hace ser un esp\u00edritu joven. Siempre estoy aprendiendo y pensando que estoy en la primera curva del camino. Porque detr\u00e1s hay muchas m\u00e1s y quiero verlas, aprender cosas, disfrutar, y la m\u00fasica es una fuente inagotable de vida y de alegr\u00edas.<\/p>\n\n\n\n<p id=\"m295-294-296\"><strong>\u00bfSigue intacta la ilusi\u00f3n despu\u00e9s de tantos a\u00f1os de carrera?<\/strong><\/p>\n\n\n\n<p id=\"m300-299-301\">Cada noche en cada ciudad es diferente, cada disco es diferente, cada grabaci\u00f3n en cada estudio donde est\u00e9s, con el equipo que est\u00e9s: los t\u00e9cnicos que no conoces, m\u00fasicos que no conoces&#8230; se establecen unos v\u00ednculos y unas relaciones nuevas siempre, irrepetibles. Como digo en una canci\u00f3n: \u00abNada es lo que fue, nada es lo que ser\u00e1\u00bb. Yo me rijo por esa frase, me agarro al m\u00e1stil de la barca y vamos tirando. La barca tirar\u00e1 para donde quiera. Al final, lo del tim\u00f3n es una falacia. El r\u00edo nos lleva.<\/p>\n\n\n\n<p id=\"m305-304-306\"><strong>Una de los motivos por los que decidi\u00f3 emprender este camino es porque para usted la m\u00fasica es sin\u00f3nimo de libertad\u2026<\/strong><\/p>\n\n\n\n<p id=\"m310-309-311\">Es el bien m\u00e1s preciado para cualquier ser vivo. Desde muy jovencito empiezas a darte cuenta de que los par\u00e1metros y las normas que rigen el mundo quiz\u00e1 no son las tuyas. T\u00fa quieres estar un poquito lejos de las leyes de los hombres, como el tema de El \u00faltimo de la Fila. No ya de esas leyes morales, \u00e9ticas, razonables de \u2018no matar\u00e1s\u2019, \u2018no robar\u00e1s\u2019\u2026 Todo eso es correct\u00edsimo. Me refiero a otras normas enga\u00f1osas que nos envuelven, que nos aplastan en el fondo, y adem\u00e1s con el cinismo de que son buen\u00edsimas y se hacen por y para nosotros.<\/p>\n\n\n\n<p id=\"m315-314-316\"><strong>La venta de sus pinturas solo se destinan a fines solidarios. \u00bfLe gustar\u00eda exponer en Arag\u00f3n?<\/strong><\/p>\n\n\n\n<p id=\"m320-319-321\">Siempre he tenido esa intenci\u00f3n social. Si ya tengo la suerte de ganarme la vida con la m\u00fasica, querer por otro lado tambi\u00e9n pillar por ah\u00ed es un poco indigno. Si hay una propuesta bonita para exponer en Arag\u00f3n, por supuesto que me apunto.<\/p>\n\n\n\n<p id=\"m325-324-326\"><strong>Con Quimi Portet public\u00f3 en 2023 temas de El \u00daltimo de la Fila con nuevos arreglos. \u00bfContemplan la posibilidad de juntarse en un escenario nuevamente?<\/strong><\/p>\n\n\n\n<p id=\"m330-329-331\">Hicimos esta revisi\u00f3n de las canciones los dos solos. Ah\u00ed no toca nadie m\u00e1s. Lo de hacer giras, pues ni s\u00ed ni no ni todo lo contrario. Es improbable, muy improbable, pero nunca imposible.<\/p>\n\n\n\n<p>Fuente: El Heraldo &#8211; Pedro Zapater &#8211; Foto Montse Capel &#8211; <a href=\"https:\/\/www.heraldo.es\/noticias\/ocio-y-cultura\/2024\/02\/17\/manolo-garcia-la-musica-es-una-fuente-inagotable-de-vida-y-de-alegrias-1711819.html?fbclid=IwAR065a8QYbagRdegnwPTnXxxpiHcjlr9I0kDGHMnbKFxhcHnkwLyVHWOsQs\">Manolo Garc\u00eda: \u00abLa m\u00fasica es una fuente inagotable de vida y de alegr\u00edas\u00bb (heraldo.es)<\/a><\/p>\n","protected":false},"excerpt":{"rendered":"<p>El cantante act\u00faa este s\u00e1bado (21.30) en el pabell\u00f3n Pr\u00edncipe Felipe de Zaragoza El de este s\u00e1bado va a ser su primer concierto de 2024 \u00bfC\u00f3mo afronta la reanudaci\u00f3n de su gira? Hicimos una veintena larga en el primer tramo y ahora vamos a por otros treinta. Volver a la carretera siempre me da alegr\u00eda<a class=\"moretag\" href=\"https:\/\/www.manologarciaycia.com\/?p=23742\" title=\"Manolo Garc\u00eda: \u00abLa m\u00fasica es una fuente inagotable de vida y de alegr\u00edas\u00bb\" target=\"_self\" rel=\"follow\"> <font face=arial size=2>[Leer m\u00e1s]<\/font> <\/a><\/p>\n","protected":false},"author":2,"featured_media":23743,"comment_status":"closed","ping_status":"closed","sticky":false,"template":"","format":"standard","meta":{"footnotes":""},"categories":[1],"tags":[],"class_list":["post-23742","post","type-post","status-publish","format-standard","has-post-thumbnail","hentry","category-manolo-garcia"],"_links":{"self":[{"href":"https:\/\/www.manologarciaycia.com\/index.php?rest_route=\/wp\/v2\/posts\/23742","targetHints":{"allow":["GET"]}}],"collection":[{"href":"https:\/\/www.manologarciaycia.com\/index.php?rest_route=\/wp\/v2\/posts"}],"about":[{"href":"https:\/\/www.manologarciaycia.com\/index.php?rest_route=\/wp\/v2\/types\/post"}],"author":[{"embeddable":true,"href":"https:\/\/www.manologarciaycia.com\/index.php?rest_route=\/wp\/v2\/users\/2"}],"replies":[{"embeddable":true,"href":"https:\/\/www.manologarciaycia.com\/index.php?rest_route=%2Fwp%2Fv2%2Fcomments&post=23742"}],"version-history":[{"count":1,"href":"https:\/\/www.manologarciaycia.com\/index.php?rest_route=\/wp\/v2\/posts\/23742\/revisions"}],"predecessor-version":[{"id":23744,"href":"https:\/\/www.manologarciaycia.com\/index.php?rest_route=\/wp\/v2\/posts\/23742\/revisions\/23744"}],"wp:featuredmedia":[{"embeddable":true,"href":"https:\/\/www.manologarciaycia.com\/index.php?rest_route=\/wp\/v2\/media\/23743"}],"wp:attachment":[{"href":"https:\/\/www.manologarciaycia.com\/index.php?rest_route=%2Fwp%2Fv2%2Fmedia&parent=23742"}],"wp:term":[{"taxonomy":"category","embeddable":true,"href":"https:\/\/www.manologarciaycia.com\/index.php?rest_route=%2Fwp%2Fv2%2Fcategories&post=23742"},{"taxonomy":"post_tag","embeddable":true,"href":"https:\/\/www.manologarciaycia.com\/index.php?rest_route=%2Fwp%2Fv2%2Ftags&post=23742"}],"curies":[{"name":"wp","href":"https:\/\/api.w.org\/{rel}","templated":true}]}}