{"id":236,"date":"2010-01-15T18:30:19","date_gmt":"2010-01-15T17:30:19","guid":{"rendered":"http:\/\/petaos.net\/?p=236"},"modified":"2010-01-15T18:30:19","modified_gmt":"2010-01-15T17:30:19","slug":"videonoticiaentrevista-participacion-manolo-garcia-en-coloquio-de-upv-ayer-14012010","status":"publish","type":"post","link":"https:\/\/www.manologarciaycia.com\/?p=236","title":{"rendered":"Video\/Noticia\/Entrevista participaci\u00f3n Manolo Garc\u00eda en coloquio de UPV ayer 14\/01\/2010"},"content":{"rendered":"<p>Os dejo aqu\u00ed el v\u00eddeo de las noticias UPV, la parte de la noticia  de la visita de Manolo Garc\u00eda a la UPV para participar en un coloquio, y entrevista.<\/p>\n<p style=\"text-align: center;\"><object classid=\"clsid:d27cdb6e-ae6d-11cf-96b8-444553540000\" width=\"425\" height=\"344\" codebase=\"http:\/\/download.macromedia.com\/pub\/shockwave\/cabs\/flash\/swflash.cab#version=6,0,40,0\"><param name=\"allowFullScreen\" value=\"true\" \/><param name=\"allowscriptaccess\" value=\"always\" \/><param name=\"src\" value=\"http:\/\/www.youtube.com\/v\/8_QDh8Mqst4&amp;hl=es&amp;fs=1\" \/><param name=\"allowfullscreen\" value=\"true\" \/><embed type=\"application\/x-shockwave-flash\" width=\"425\" height=\"344\" src=\"http:\/\/www.youtube.com\/v\/8_QDh8Mqst4&amp;hl=es&amp;fs=1\" allowscriptaccess=\"always\" allowfullscreen=\"true\"><\/embed><\/object><\/p>\n<p style=\"text-align: center;\">Canal Youtube de Petaos.net &#8211; <a href=\"http:\/\/es.youtube.com\/PetaosNet\" target=\"_blank\">http:\/\/es.youtube.com\/PetaosNet<\/a><\/p>\n<p>Fuente: UPV.<\/p>\n","protected":false},"excerpt":{"rendered":"<p>Os dejo aqu\u00ed el v\u00eddeo de las noticias UPV, la parte de la noticia de la visita de Manolo Garc\u00eda a la UPV para participar en un coloquio, y entrevista. Canal Youtube de Petaos.net &#8211; http:\/\/es.youtube.com\/PetaosNet Fuente: UPV.<a class=\"moretag\" href=\"https:\/\/www.manologarciaycia.com\/?p=236\" title=\"Video\/Noticia\/Entrevista participaci\u00f3n Manolo Garc\u00eda en coloquio de UPV ayer 14\/01\/2010\" target=\"_self\" rel=\"follow\"> <font face=arial size=2>[Leer m\u00e1s]<\/font> <\/a><\/p>\n","protected":false},"author":2,"featured_media":0,"comment_status":"closed","ping_status":"open","sticky":false,"template":"","format":"standard","meta":{"footnotes":""},"categories":[1],"tags":[54],"class_list":["post-236","post","type-post","status-publish","format-standard","hentry","category-manolo-garcia","tag-manolo-garcia-aparicion-coloquio-noticia-upv-valencia-universidad"],"_links":{"self":[{"href":"https:\/\/www.manologarciaycia.com\/index.php?rest_route=\/wp\/v2\/posts\/236","targetHints":{"allow":["GET"]}}],"collection":[{"href":"https:\/\/www.manologarciaycia.com\/index.php?rest_route=\/wp\/v2\/posts"}],"about":[{"href":"https:\/\/www.manologarciaycia.com\/index.php?rest_route=\/wp\/v2\/types\/post"}],"author":[{"embeddable":true,"href":"https:\/\/www.manologarciaycia.com\/index.php?rest_route=\/wp\/v2\/users\/2"}],"replies":[{"embeddable":true,"href":"https:\/\/www.manologarciaycia.com\/index.php?rest_route=%2Fwp%2Fv2%2Fcomments&post=236"}],"version-history":[{"count":11,"href":"https:\/\/www.manologarciaycia.com\/index.php?rest_route=\/wp\/v2\/posts\/236\/revisions"}],"predecessor-version":[{"id":247,"href":"https:\/\/www.manologarciaycia.com\/index.php?rest_route=\/wp\/v2\/posts\/236\/revisions\/247"}],"wp:attachment":[{"href":"https:\/\/www.manologarciaycia.com\/index.php?rest_route=%2Fwp%2Fv2%2Fmedia&parent=236"}],"wp:term":[{"taxonomy":"category","embeddable":true,"href":"https:\/\/www.manologarciaycia.com\/index.php?rest_route=%2Fwp%2Fv2%2Fcategories&post=236"},{"taxonomy":"post_tag","embeddable":true,"href":"https:\/\/www.manologarciaycia.com\/index.php?rest_route=%2Fwp%2Fv2%2Ftags&post=236"}],"curies":[{"name":"wp","href":"https:\/\/api.w.org\/{rel}","templated":true}]}}