{"id":23068,"date":"2022-09-01T08:23:11","date_gmt":"2022-09-01T06:23:11","guid":{"rendered":"https:\/\/www.manologarciaycia.com\/?p=23068"},"modified":"2022-09-01T08:24:03","modified_gmt":"2022-09-01T06:24:03","slug":"manolo-garcia-pase-toda-la-manana-en-el-castillo-de-lorca-y-fui-muy-feliz","status":"publish","type":"post","link":"https:\/\/www.manologarciaycia.com\/?p=23068","title":{"rendered":"Manolo Garc\u00eda: \u00abPas\u00e9 toda la ma\u00f1ana en el Castillo de Lorca y fui muy feliz\u00bb"},"content":{"rendered":"\n<p>El cantautor regresa a la Ciudad del Sol 25 a\u00f1os despu\u00e9s y lo har\u00e1 el pr\u00f3ximo 3 de septiembre en la explanada del Art\u00e9s Carrasco<\/p>\n\n\n\n<p>El cantautor y compositor Manolo Garc\u00eda regresa a Lorca 25 a\u00f1os despu\u00e9s y lo har\u00e1 el pr\u00f3ximo 3 de septiembre en la explanada del Art\u00e9s Carrasco para presentar su nuevo doble \u00e1lbum &#8216;Mi vida en Marte&#8217; y &#8216;Desatinos Desplumados&#8217;. Dos nuevos discos con un total de 27 canciones que nacieron en plena pandemia. El artista ha estado este jueves 25 de agosto en los micr\u00f3fonos de Hoy por Hoy Regi\u00f3n de Murcia. Con un tel\u00e9fono en la mano para atendernos y con un pincel en la otra ha destacado que a\u00fan recuerda cuando visit\u00f3 el castillo de la Ciudad del Sol. \u00abSiempre recordar\u00e9 cuando fui a Lorca para ofrecer un concierto con &#8216;El \u00faltimo de la Fila&#8217; que pase toda la ma\u00f1ana en el Castillo viendo inscripciones antiguas y fui muy feliz\u00bb<\/p>\n\n\n\n<figure class=\"wp-block-image\"><img decoding=\"async\" src=\"https:\/\/cadenaser.com\/resizer\/EjsXdt5mgZnwUTBnJb4GFu0bGtg=\/650x488\/filters:quality(70)\/cloudfront-eu-central-1.images.arcpublishing.com\/prisaradio\/WTE5YXSYABAVLJT3GKDATLBDJA.jpeg\" alt=\"\"\/><figcaption>Manolo Garc\u00eda&nbsp;\/&nbsp;Concert Tour<\/figcaption><\/figure>\n\n\n\n<p>Ampliar<\/p>\n\n\n\n<p>Garc\u00eda ha hablado de su nuevo \u00e1lbum y ha explicado que plena pandemia no pod\u00eda deprimirse y que se puso a escribir. \u00abTengo tiempo, tengo canciones y tengo ganas, \u00bfpor qu\u00e9 no?\u00bb, ha argumentado el cantautor que ha revelado que todav\u00eda tiene 8 canciones en el tintero que pronto ver\u00e1n la luz.<\/p>\n\n\n\n<h2 class=\"wp-block-heading\">\u00abFue un Salvavidas componer\u00bb<\/h2>\n\n\n\n<p>\u00abLa m\u00fasica es sanadora y en mi caso componer durante el confinamiento fue un &#8216;salvavidas&#8217;. Fue un tiempo extra\u00f1o pero la m\u00fasica fue un salvavidas para todos. La m\u00fasica nos ha permitido re\u00edrnos y comunicarnos\u00bb, ha argumentado Manolo Garc\u00eda durante la entrevista que ha expresado que siempre hay &#8216;esperanza&#8217; y eso muestran sus canciones, unos temas que sefine como \u00abun mundo libre\u00bb.<\/p>\n\n\n\n<figure class=\"wp-block-image\"><img decoding=\"async\" src=\"https:\/\/cadenaser.com\/resizer\/frHzZFM59-fCRU8V1q1U8fKYpK8=\/650x650\/filters:quality(70)\/cloudfront-eu-central-1.images.arcpublishing.com\/prisaradio\/OQ27OLIPEVELXDD6ONDW4QKB2U.jpeg\" alt=\"\"\/><figcaption>Manolo Garc\u00eda, cantautor y compositor&nbsp;\/&nbsp;Concert Tour<\/figcaption><\/figure>\n\n\n\n<p>Ampliar<\/p>\n\n\n\n<h2 class=\"wp-block-heading\">Las canciones, a\u00fanen generaciones<\/h2>\n\n\n\n<p><em>&#8216;Nunca el tiempo es perdido&#8217;&nbsp;<\/em>o<em>&nbsp;&#8216;P\u00e1jaros de Barro<\/em>&#8216; son dos canciones que no pasan de moda, llaman la atenci\u00f3n a todas las generaciones y siguen despertando sensaciones. Manolo Garc\u00eda lleva 40 a\u00f1os en activo y en sus conciertos se observan tres generaciones diferentes. Algunos lo han escuchado con casetes de cinta, otros con CDs, en la radio y algunos lo han descubierto en las plataformas digitales como Spotify. \u00abMucha gente joven viene a cantar canciones m\u00edas de hace 15 a\u00f1os y me dicen que saben ese repertorio de escucharlo en el coche. Mis canciones a\u00fanen generaciones. La familia entera viene a un concierto. Es algo muy bonito\u00bb, ha expresado Manolo.<\/p>\n\n\n\n<figure class=\"wp-block-image\"><img decoding=\"async\" src=\"https:\/\/cadenaser.com\/resizer\/ysplQl7wVRjpi6tXvsBniG0Objk=\/650x650\/filters:quality(70)\/cloudfront-eu-central-1.images.arcpublishing.com\/prisaradio\/ONW6ZYMZXRDCPJJAFLXFS2IDMY.jpeg\" alt=\"Concert Tour\"\/><figcaption>Concert Tour<\/figcaption><\/figure>\n\n\n\n<p>Ampliar<\/p>\n\n\n\n<h2 class=\"wp-block-heading\">Casi medio siglo en los escenarios<\/h2>\n\n\n\n<p>Manolo Garc\u00eda regresa a los escenarios tras su exitosa gira \u201cGeometr\u00eda del Rayo\u201d de los a\u00f1os 2018 y 2019. El polifac\u00e9tico artista se encuentra inmerso en la presentaci\u00f3n de su \u00faltimo trabajo de estudio que est\u00e1 compuesto por un doble \u00e1lbum y que incluye los t\u00edtulos&nbsp;<em>Mi Vida en Marte<\/em>&nbsp;y&nbsp;<em>Desatinos Desplumados<\/em>, pulverizando todos los r\u00e9cords llegando al N\u00famero 1y N\u00famero 2 en las listas oficiales de venta, respectivamente.<\/p>\n\n\n\n<p>El artista comenz\u00f3 su carrera musical en los a\u00f1os 80 y desde entonces no ha parado. Con E<em>l \u00faltimo de la Fila&nbsp;<\/em>revolucion\u00f3 el panorama musical y 40 a\u00f1os despu\u00e9s su situaci\u00f3n no ha cambiado mucho. Tras la publicaci\u00f3n de su anterior disco \u201cGeometr\u00eda del Rayo\u201d con el que recibi\u00f3 el premio Grammy Latino al Mejor \u00c1lbum Pop Rock del a\u00f1o, el prestigioso Premio Ondas de la M\u00fasica 2018, adem\u00e1s de colgar el cartel de \u201centradas agotadas\u201d en su gira por toda Espa\u00f1a, Manolo Garc\u00eda se embarca en este nuevo proyecto con una extensa gira en grandes recintos durante los meses de junio a diciembre de 2022 y en la que ya ha colgado el cartel de&nbsp;<em>sold out<\/em>&nbsp;en algunas ciudades.<\/p>\n\n\n\n<figure class=\"wp-block-image\"><img decoding=\"async\" src=\"https:\/\/cadenaser.com\/resizer\/p_bw_yB8901w3owVMa2Rkg4x6qo=\/650x488\/filters:quality(70)\/cloudfront-eu-central-1.images.arcpublishing.com\/prisaradio\/X6PONDAKUNHUZCFRHSZBBBYTAE.jpeg\" alt=\"\"\/><figcaption>Manolo Garc\u00eda, cantautor y compositor&nbsp;\/&nbsp;Concert Tour<\/figcaption><\/figure>\n\n\n\n<p>Ampliar<\/p>\n\n\n\n<p>\u00abVolver a los escenarios es un renacer. Todo el mundo quiere ser feliz y yo quiero volver al lugar donde fui feliz. Los m\u00fasicos somos felices y disfrutamos viendo al p\u00fablico\u00bb, ha comentado el compositor haciendo referencia a su vuelta a los escenarios tras el par\u00f3n de la pandemia.<\/p>\n\n\n\n<p>El artista aterrizar\u00e1 en Lorca el pr\u00f3ximo 3 de septiembre en la explanada del Art\u00e9s Carrasco. Las entradas pueden adquirirse en la web&nbsp;<a rel=\"noreferrer noopener\" href=\"https:\/\/www.compralaentrada.com\/event\/manolo-garcia-en-lorca-murcia-2022\" target=\"_blank\">www.compralaentrada.com<\/a>.<\/p>\n\n\n\n<p>Fuente: Cadena Ser &#8211; <a href=\"https:\/\/cadenaser.com\/murcia\/2022\/08\/25\/manolo-garcia-pase-toda-la-manana-en-el-castillo-de-lorca-y-fui-muy-feliz-radio-lorca\/\" target=\"_blank\" rel=\"noreferrer noopener\">ENLACE<\/a><\/p>\n","protected":false},"excerpt":{"rendered":"<p>El cantautor regresa a la Ciudad del Sol 25 a\u00f1os despu\u00e9s y lo har\u00e1 el pr\u00f3ximo 3 de septiembre en la explanada del Art\u00e9s Carrasco El cantautor y compositor Manolo Garc\u00eda regresa a Lorca 25 a\u00f1os despu\u00e9s y lo har\u00e1 el pr\u00f3ximo 3 de septiembre en la explanada del Art\u00e9s Carrasco para presentar su nuevo<a class=\"moretag\" href=\"https:\/\/www.manologarciaycia.com\/?p=23068\" title=\"Manolo Garc\u00eda: \u00abPas\u00e9 toda la ma\u00f1ana en el Castillo de Lorca y fui muy feliz\u00bb\" target=\"_self\" rel=\"follow\"> <font face=arial size=2>[Leer m\u00e1s]<\/font> <\/a><\/p>\n","protected":false},"author":2,"featured_media":0,"comment_status":"closed","ping_status":"closed","sticky":false,"template":"","format":"audio","meta":{"footnotes":""},"categories":[1],"tags":[],"class_list":["post-23068","post","type-post","status-publish","format-audio","hentry","category-manolo-garcia","post_format-post-format-audio"],"_links":{"self":[{"href":"https:\/\/www.manologarciaycia.com\/index.php?rest_route=\/wp\/v2\/posts\/23068","targetHints":{"allow":["GET"]}}],"collection":[{"href":"https:\/\/www.manologarciaycia.com\/index.php?rest_route=\/wp\/v2\/posts"}],"about":[{"href":"https:\/\/www.manologarciaycia.com\/index.php?rest_route=\/wp\/v2\/types\/post"}],"author":[{"embeddable":true,"href":"https:\/\/www.manologarciaycia.com\/index.php?rest_route=\/wp\/v2\/users\/2"}],"replies":[{"embeddable":true,"href":"https:\/\/www.manologarciaycia.com\/index.php?rest_route=%2Fwp%2Fv2%2Fcomments&post=23068"}],"version-history":[{"count":2,"href":"https:\/\/www.manologarciaycia.com\/index.php?rest_route=\/wp\/v2\/posts\/23068\/revisions"}],"predecessor-version":[{"id":23071,"href":"https:\/\/www.manologarciaycia.com\/index.php?rest_route=\/wp\/v2\/posts\/23068\/revisions\/23071"}],"wp:attachment":[{"href":"https:\/\/www.manologarciaycia.com\/index.php?rest_route=%2Fwp%2Fv2%2Fmedia&parent=23068"}],"wp:term":[{"taxonomy":"category","embeddable":true,"href":"https:\/\/www.manologarciaycia.com\/index.php?rest_route=%2Fwp%2Fv2%2Fcategories&post=23068"},{"taxonomy":"post_tag","embeddable":true,"href":"https:\/\/www.manologarciaycia.com\/index.php?rest_route=%2Fwp%2Fv2%2Ftags&post=23068"}],"curies":[{"name":"wp","href":"https:\/\/api.w.org\/{rel}","templated":true}]}}