{"id":23063,"date":"2022-09-01T08:17:00","date_gmt":"2022-09-01T06:17:00","guid":{"rendered":"https:\/\/www.manologarciaycia.com\/?p=23063"},"modified":"2022-09-01T08:17:04","modified_gmt":"2022-09-01T06:17:04","slug":"autobuses-gratuitos-para-ir-a-ver-a-manolo-garcia-en-lorca","status":"publish","type":"post","link":"https:\/\/www.manologarciaycia.com\/?p=23063","title":{"rendered":"Autobuses gratuitos para ir a ver a Manolo Garc\u00eda en Lorca"},"content":{"rendered":"\n<p>El servicio comenzar\u00e1 a las 19.00 horas y los autobuses saldr\u00e1n desde la parada de El \u00d3valo<\/p>\n\n\n\n<p>Este s\u00e1bado 3 de septiembre el cantautor Manolo Garc\u00eda regresar\u00e1 a Lorca 25 a\u00f1os despu\u00e9s y presentar\u00e1 su nuevo doble \u00e1lbum &#8216;Mi vida en Marte&#8217; y &#8216;Desatinos Desplumados&#8217;. Para facilitar a los usuarios el desplazamiento la organizaci\u00f3n va a habilitar servicio de autobuses gratuitos.<\/p>\n\n\n\n<p>El uso de estos autobuses comenzara desde las 19:00 horas en la parada de el \u00d3valo. Una vez terminado el concierto, estar\u00e1n preparados a las puertas del mismo lugar del concierto para retornar a los usuarios al mismo punto (\u00d3valo)<\/p>\n\n\n\n<p>El servicio finalizar\u00e1 una vez comience el concierto a las 22:30<\/p>\n\n\n\n<p>Fuente: Cadena Ser &#8211; ENLACE<\/p>\n","protected":false},"excerpt":{"rendered":"<p>El servicio comenzar\u00e1 a las 19.00 horas y los autobuses saldr\u00e1n desde la parada de El \u00d3valo Este s\u00e1bado 3 de septiembre el cantautor Manolo Garc\u00eda regresar\u00e1 a Lorca 25 a\u00f1os despu\u00e9s y presentar\u00e1 su nuevo doble \u00e1lbum &#8216;Mi vida en Marte&#8217; y &#8216;Desatinos Desplumados&#8217;. Para facilitar a los usuarios el desplazamiento la organizaci\u00f3n va<a class=\"moretag\" href=\"https:\/\/www.manologarciaycia.com\/?p=23063\" title=\"Autobuses gratuitos para ir a ver a Manolo Garc\u00eda en Lorca\" target=\"_self\" rel=\"follow\"> <font face=arial size=2>[Leer m\u00e1s]<\/font> <\/a><\/p>\n","protected":false},"author":2,"featured_media":0,"comment_status":"closed","ping_status":"closed","sticky":false,"template":"","format":"standard","meta":{"footnotes":""},"categories":[1],"tags":[],"class_list":["post-23063","post","type-post","status-publish","format-standard","hentry","category-manolo-garcia"],"_links":{"self":[{"href":"https:\/\/www.manologarciaycia.com\/index.php?rest_route=\/wp\/v2\/posts\/23063","targetHints":{"allow":["GET"]}}],"collection":[{"href":"https:\/\/www.manologarciaycia.com\/index.php?rest_route=\/wp\/v2\/posts"}],"about":[{"href":"https:\/\/www.manologarciaycia.com\/index.php?rest_route=\/wp\/v2\/types\/post"}],"author":[{"embeddable":true,"href":"https:\/\/www.manologarciaycia.com\/index.php?rest_route=\/wp\/v2\/users\/2"}],"replies":[{"embeddable":true,"href":"https:\/\/www.manologarciaycia.com\/index.php?rest_route=%2Fwp%2Fv2%2Fcomments&post=23063"}],"version-history":[{"count":1,"href":"https:\/\/www.manologarciaycia.com\/index.php?rest_route=\/wp\/v2\/posts\/23063\/revisions"}],"predecessor-version":[{"id":23064,"href":"https:\/\/www.manologarciaycia.com\/index.php?rest_route=\/wp\/v2\/posts\/23063\/revisions\/23064"}],"wp:attachment":[{"href":"https:\/\/www.manologarciaycia.com\/index.php?rest_route=%2Fwp%2Fv2%2Fmedia&parent=23063"}],"wp:term":[{"taxonomy":"category","embeddable":true,"href":"https:\/\/www.manologarciaycia.com\/index.php?rest_route=%2Fwp%2Fv2%2Fcategories&post=23063"},{"taxonomy":"post_tag","embeddable":true,"href":"https:\/\/www.manologarciaycia.com\/index.php?rest_route=%2Fwp%2Fv2%2Ftags&post=23063"}],"curies":[{"name":"wp","href":"https:\/\/api.w.org\/{rel}","templated":true}]}}