{"id":23061,"date":"2022-08-28T11:28:51","date_gmt":"2022-08-28T09:28:51","guid":{"rendered":"https:\/\/www.manologarciaycia.com\/?p=23061"},"modified":"2022-08-28T11:28:55","modified_gmt":"2022-08-28T09:28:55","slug":"manolo-garcia-lleva-a-miles-de-personas-a-la-insurreccion-contra-la-tristeza-en-cuenca","status":"publish","type":"post","link":"https:\/\/www.manologarciaycia.com\/?p=23061","title":{"rendered":"Manolo Garc\u00eda lleva a miles de personas a la insurrecci\u00f3n contra la tristeza en Cuenca"},"content":{"rendered":"\n<h3 class=\"wp-block-heading\">Con un repertorio entre su \u00faltimo disco y las canciones de siempre, el artista supo meterse en el bolsillo a sus incondicionales que demostraron tener ganas de volver a verle en una ciudad en la que siempre ser\u00e1 bienvenido<\/h3>\n\n\n\n<p>Manolo Garc\u00eda es uno de esos cantantes que a lo largo de sus a\u00f1os se ha ganado una legi\u00f3n de incondicionales y que con un estilo propio ha sabido ir ganando nuevos seguidores como qued\u00f3 demostrado anoche en La Fuensanta donde se dieron cita m\u00e1s de 4.000 personas de todas las edades que vibraron, enloquecieron por momentos y, sobre todo, disfrutaron.&nbsp;<\/p>\n\n\n\n<figure class=\"wp-block-image\"><img decoding=\"async\" src=\"https:\/\/eldiadigital.es\/upload\/images\/08_2022\/8057_texto-4.jpg\" alt=\"[Img #465385]\"\/><\/figure>\n\n\n\n<p>La tarde comenz\u00f3 con tensi\u00f3n. La tormenta que se desencaden\u00f3 por la tarde en la ciudad hac\u00eda temer por la celebraci\u00f3n del concierto. Algunos consultaron las previsiones del tiempo m\u00e1s veces que en Semana Santa con las procesiones. Pero finalmente la cita se celebr\u00f3 con normalidad con un ambiente refrescado por la lluvia que Manolo Garc\u00eda se encarg\u00f3 de caldear con sus primeros acordes.&nbsp;<\/p>\n\n\n\n<p>A las 22:30 comenzaba situando alto el list\u00f3n con uno de sus temas m\u00e1s conocidos llamando a la \u2018Insurrecci\u00f3n\u2019 recordando que p\u00fablico y artista se necesitaban mutuamente.&nbsp;<em><strong><a href=\"https:\/\/eldiadigital.es\/art\/404888\/manolo-garcia-en-mis-conciertos-no-hay-reloj-voy-a-compartir-un-rato-con-el-publico-y-si-se-alarga-mucho-mejor\">Lo hab\u00eda anunciado en la entrevista a eldiadigital.es<\/a><\/strong><\/em>, que un concierto es un intercambio de sensaciones, que quer\u00eda ver a la gente cantar, disfrutar y sonre\u00edr, y vaya si lo consigui\u00f3.&nbsp;<\/p>\n\n\n\n<figure class=\"wp-block-image\"><img decoding=\"async\" src=\"https:\/\/eldiadigital.es\/upload\/images\/08_2022\/9108_texto-2.jpg\" alt=\"[Img #465383]\"\/><\/figure>\n\n\n\n<p>Gente de todos los rincones de la provincia llegaron a la cita para saborear una puesta en escena que demuestra que Manolo no tiene edad, tiene ilusi\u00f3n y sabe transmitirla. Baj\u00f3 en varias ocasiones del escenario. No tiene miedo a acercarse a la gente y palparlos para recuperar las sensaciones que la pandemia nos priv\u00f3 durante un tiempo.&nbsp;<\/p>\n\n\n\n<p>Ya lo hab\u00eda advertido,&nbsp;<em><strong><a href=\"https:\/\/eldiadigital.es\/art\/404888\/manolo-garcia-en-mis-conciertos-no-hay-reloj-voy-a-compartir-un-rato-con-el-publico-y-si-se-alarga-mucho-mejor\">\u201cen mis conciertos no hay reloj\u201d<\/a><\/strong><\/em>&nbsp;y cumpli\u00f3. Con una energ\u00eda propia de un joven que inicia nueva gira y la sabidur\u00eda de quien ya ha recorrido el camino en m\u00faltiples ocasiones, Garc\u00eda supo meterse al p\u00fablico en el bolsillo, hacerles cantar, chillar cada vez m\u00e1s fuerte para pedir otra, y otra, y otra hasta las dos horas y media de concierto.&nbsp;<\/p>\n\n\n\n<figure class=\"wp-block-image\"><img decoding=\"async\" src=\"https:\/\/eldiadigital.es\/upload\/images\/08_2022\/7309_texto-3.jpg\" alt=\"[Img #465384]\"\/><\/figure>\n\n\n\n<p>Siempre emocionante con un micr\u00f3fono en la mano, el cantante vers\u00f3 las bellezas de Cuenca, las sensaciones que siempre ha recogido y tuvo un emotivo recuerdo para Eric de Witt recientemente fallecido que estuvo a su lado desde los inicios al mando de las guitarras y para el que pidi\u00f3 una gran ovaci\u00f3n que reson\u00f3 m\u00e1s que los truenos.&nbsp;<\/p>\n\n\n\n<figure class=\"wp-block-image\"><img decoding=\"async\" src=\"https:\/\/eldiadigital.es\/upload\/images\/08_2022\/1138_texto-1.jpg\" alt=\"[Img #465382]\"\/><\/figure>\n\n\n\n<p>Pero todo lo bueno tiene que tener un final y el del concierto lo tuvo por todo lo alto. De su disco Arena en los bolsillos, cant\u00f3 \u2018A San Fernando\u2019 sabedor que los all\u00ed presentes le hubieran seguido andando hasta donde les hubiera pedido. Y cerr\u00f3 el c\u00edrculo con la misma canci\u00f3n que comenz\u00f3 donde el estadio de La Fuensanta enalteci\u00f3 consciente de que era el final. Aunque antes tuvo tiempo para terminar recordando y cantando que Manolo Garc\u00eda, \u201csigue siendo el Rey\u201d.&nbsp;<\/p>\n\n\n\n<figure class=\"wp-block-image\"><a href=\"https:\/\/eldiadigital.es\/upload\/images\/08_2022\/1896_dsc_0144.jpg\"><img decoding=\"async\" src=\"https:\/\/eldiadigital.es\/upload\/images\/08_2022\/thum_1896_dsc_0144.jpg\" alt=\"\"\/><\/a><\/figure>\n\n\n\n<figure class=\"wp-block-image\"><a href=\"https:\/\/eldiadigital.es\/upload\/images\/08_2022\/5705_dsc_0139.jpg\"><img decoding=\"async\" src=\"https:\/\/eldiadigital.es\/upload\/images\/08_2022\/thum_5705_dsc_0139.jpg\" alt=\"\"\/><\/a><\/figure>\n\n\n\n<figure class=\"wp-block-image\"><a href=\"https:\/\/eldiadigital.es\/upload\/images\/08_2022\/4780_dsc_0145.jpg\"><img decoding=\"async\" src=\"https:\/\/eldiadigital.es\/upload\/images\/08_2022\/thum_4780_dsc_0145.jpg\" alt=\"\"\/><\/a><\/figure>\n\n\n\n<figure class=\"wp-block-image\"><a href=\"https:\/\/eldiadigital.es\/upload\/images\/08_2022\/6975_dsc_0160.jpg\"><img decoding=\"async\" src=\"https:\/\/eldiadigital.es\/upload\/images\/08_2022\/thum_6975_dsc_0160.jpg\" alt=\"\"\/><\/a><\/figure>\n\n\n\n<figure class=\"wp-block-image\"><a href=\"https:\/\/eldiadigital.es\/upload\/images\/08_2022\/372_dsc_0164.jpg\"><img decoding=\"async\" src=\"https:\/\/eldiadigital.es\/upload\/images\/08_2022\/thum_372_dsc_0164.jpg\" alt=\"\"\/><\/a><\/figure>\n\n\n\n<figure class=\"wp-block-image\"><a href=\"https:\/\/eldiadigital.es\/upload\/images\/08_2022\/3343_dsc_0171.jpg\"><img decoding=\"async\" src=\"https:\/\/eldiadigital.es\/upload\/images\/08_2022\/thum_3343_dsc_0171.jpg\" alt=\"\"\/><\/a><\/figure>\n\n\n\n<figure class=\"wp-block-image\"><a href=\"https:\/\/eldiadigital.es\/upload\/images\/08_2022\/5938_dsc_0179.jpg\"><img decoding=\"async\" src=\"https:\/\/eldiadigital.es\/upload\/images\/08_2022\/thum_5938_dsc_0179.jpg\" alt=\"\"\/><\/a><\/figure>\n\n\n\n<figure class=\"wp-block-image\"><a href=\"https:\/\/eldiadigital.es\/upload\/images\/08_2022\/7722_dsc_0180.jpg\"><img decoding=\"async\" src=\"https:\/\/eldiadigital.es\/upload\/images\/08_2022\/thum_7722_dsc_0180.jpg\" alt=\"\"\/><\/a><\/figure>\n\n\n\n<figure class=\"wp-block-image\"><a href=\"https:\/\/eldiadigital.es\/upload\/images\/08_2022\/2029_dsc_0118.jpg\"><img decoding=\"async\" src=\"https:\/\/eldiadigital.es\/upload\/images\/08_2022\/thum_2029_dsc_0118.jpg\" alt=\"\"\/><\/a><\/figure>\n\n\n\n<figure class=\"wp-block-image\"><a href=\"https:\/\/eldiadigital.es\/upload\/images\/08_2022\/3209_dsc_0116.jpg\"><img decoding=\"async\" src=\"https:\/\/eldiadigital.es\/upload\/images\/08_2022\/thum_3209_dsc_0116.jpg\" alt=\"\"\/><\/a><\/figure>\n\n\n\n<p>Fuente: El Digital &#8211; D. Guijarro &#8211; ENLACE <\/p>\n","protected":false},"excerpt":{"rendered":"<p>Con un repertorio entre su \u00faltimo disco y las canciones de siempre, el artista supo meterse en el bolsillo a sus incondicionales que demostraron tener ganas de volver a verle en una ciudad en la que siempre ser\u00e1 bienvenido Manolo Garc\u00eda es uno de esos cantantes que a lo largo de sus a\u00f1os se ha<a class=\"moretag\" href=\"https:\/\/www.manologarciaycia.com\/?p=23061\" title=\"Manolo Garc\u00eda lleva a miles de personas a la insurrecci\u00f3n contra la tristeza en Cuenca\" target=\"_self\" rel=\"follow\"> <font face=arial size=2>[Leer m\u00e1s]<\/font> <\/a><\/p>\n","protected":false},"author":2,"featured_media":0,"comment_status":"closed","ping_status":"closed","sticky":false,"template":"","format":"standard","meta":{"footnotes":""},"categories":[1],"tags":[],"class_list":["post-23061","post","type-post","status-publish","format-standard","hentry","category-manolo-garcia"],"_links":{"self":[{"href":"https:\/\/www.manologarciaycia.com\/index.php?rest_route=\/wp\/v2\/posts\/23061","targetHints":{"allow":["GET"]}}],"collection":[{"href":"https:\/\/www.manologarciaycia.com\/index.php?rest_route=\/wp\/v2\/posts"}],"about":[{"href":"https:\/\/www.manologarciaycia.com\/index.php?rest_route=\/wp\/v2\/types\/post"}],"author":[{"embeddable":true,"href":"https:\/\/www.manologarciaycia.com\/index.php?rest_route=\/wp\/v2\/users\/2"}],"replies":[{"embeddable":true,"href":"https:\/\/www.manologarciaycia.com\/index.php?rest_route=%2Fwp%2Fv2%2Fcomments&post=23061"}],"version-history":[{"count":1,"href":"https:\/\/www.manologarciaycia.com\/index.php?rest_route=\/wp\/v2\/posts\/23061\/revisions"}],"predecessor-version":[{"id":23062,"href":"https:\/\/www.manologarciaycia.com\/index.php?rest_route=\/wp\/v2\/posts\/23061\/revisions\/23062"}],"wp:attachment":[{"href":"https:\/\/www.manologarciaycia.com\/index.php?rest_route=%2Fwp%2Fv2%2Fmedia&parent=23061"}],"wp:term":[{"taxonomy":"category","embeddable":true,"href":"https:\/\/www.manologarciaycia.com\/index.php?rest_route=%2Fwp%2Fv2%2Fcategories&post=23061"},{"taxonomy":"post_tag","embeddable":true,"href":"https:\/\/www.manologarciaycia.com\/index.php?rest_route=%2Fwp%2Fv2%2Ftags&post=23061"}],"curies":[{"name":"wp","href":"https:\/\/api.w.org\/{rel}","templated":true}]}}