{"id":23058,"date":"2022-08-28T09:21:19","date_gmt":"2022-08-28T07:21:19","guid":{"rendered":"https:\/\/www.manologarciaycia.com\/?p=23058"},"modified":"2022-08-28T09:21:23","modified_gmt":"2022-08-28T07:21:23","slug":"manolo-garcia-en-mis-conciertos-no-hay-reloj-voy-a-compartir-un-rato-con-el-publico-y-si-se-alarga-mucho-mejor","status":"publish","type":"post","link":"https:\/\/www.manologarciaycia.com\/?p=23058","title":{"rendered":"Manolo Garc\u00eda: \u201cEn mis conciertos no hay reloj, voy a compartir un rato con el p\u00fablico y si se alarga, mucho mejor\u201d"},"content":{"rendered":"\n<h3 class=\"wp-block-heading\">Manolo Garc\u00eda es un cantante, un artista, un creador. Quiz\u00e1s por ello le guste tanto Cuenca a la que considera una ciudad que invita a la cultura y a la que ha visitado en varias ocasiones, aunque no tuviera actuaci\u00f3n en ella. Esta noche regresa dispuesto a disfrutar de su gente porque no entiende un concierto sin ese intercambio de emociones entre el p\u00fablico y el artista.<\/h3>\n\n\n\n<p>Un d\u00eda antes de viajar a Cuenca, Manolo Garc\u00eda nos atiende por tel\u00e9fono en una entrevista en la que se muestra tal como es, cercano, amable lamentando no poder hacerla con un caf\u00e9 de por medio y cara a cara. Reacio a que le llame de usted, algo que no se puede evitar ya que a los que tenemos una edad nos ense\u00f1aron que a los maestros hay que tenerles un respeto.&nbsp;<\/p>\n\n\n\n<p>Alejado de las modas actuales, de las prisas y el consumismo hace gala de una personalidad que le ha llevado a forjarse una de las carreras musicales del pa\u00eds m\u00e1s respetadas y admiradas destacando que las canciones que ha creado \u201clas necesitaba como el aire que respira\u201d y recuerda que cuando dej\u00f3 de imitar a otros contantes algo cambi\u00f3 en \u00e9l y forj\u00f3 esa personalidad que considera algo imprescindible para un artista que quiera forjarse su propio camino.&nbsp;<\/p>\n\n\n\n<figure class=\"wp-block-image\"><img decoding=\"async\" src=\"https:\/\/eldiadigital.es\/upload\/images\/08_2022\/5415__00a4489.jpg\" alt=\"[Img #465303]\"\/><\/figure>\n\n\n\n<p><strong>A falta de pocas horas para el concierto en Cuenca, \u00bfqu\u00e9 nos va a ofrecer en \u00e9l?<\/strong><\/p>\n\n\n\n<p>Mi ilusi\u00f3n y emoci\u00f3n por la m\u00fasica. Yo no acudo a los conciertos como qui\u00e9n va a trabajar. Yo voy a ellos como quien busca alivio para sus ri\u00f1ones, su h\u00edgado, sus entra\u00f1as. Ofrezco ilusi\u00f3n, alegr\u00eda, sonrisas. Yo acudo a Cuenca as\u00ed. Tengo gratos recuerdos de mis conciertos en la ciudad y cuando un animalico como yo tiene un recuerdo bueno, lo trataron bien, le dieron bien de comer y lo agasajaron y fue feliz, pues vuelve muy contento.&nbsp;<\/p>\n\n\n\n<p><strong>Ya ha tenido la ocasi\u00f3n de visitar la ciudad en varias ocasiones. \u00bfQu\u00e9 recuerda con especial cari\u00f1o?<\/strong><\/p>\n\n\n\n<p><br>Tengo un recuerdo muy vivo de mi visita a la Fundaci\u00f3n Antonio P\u00e9rez. Es un museo muy lindo, no solo por el edificio, sino por su propuesta art\u00edstica. He estado en un par de ocasiones y alguna de las veces viaj\u00e9 a prop\u00f3sito para conocerlo. Cuenca es pura vida, tiene una inclinaci\u00f3n y una propuesta cultural que te invita al arte y para m\u00ed eso es b\u00e1sico. He actuado en much\u00edsimas ciudades espa\u00f1olas, pero siempre hay ciudades que tienen algo m\u00e1s monumental y Cuenca es una de esas. Yo siempre intento buscar en todo la belleza, posibilidades de luz, pero en Cuenca no hay buscarla para encontrarlo. Parece que estoy haciendo un cat\u00e1logo tur\u00edstico de la ciudad\u2026 (se r\u00ede) &nbsp;<\/p>\n\n\n\n<blockquote class=\"wp-block-quote is-layout-flow wp-block-quote-is-layout-flow\"><p><em><strong>\u00abYo la vida de las prisas, una canci\u00f3n de usar y tirar no me interesa nada. Es un enga\u00f1o\u00bb<\/strong><\/em><\/p><\/blockquote>\n\n\n\n<p><strong>\u00bfCompaginar\u00e1 en el concierto sus temas cl\u00e1sicos con los trabajos de su \u00faltimo disco?<\/strong><\/p>\n\n\n\n<p><br>Temas cl\u00e1sicos s\u00ed, pero el \u00faltimo disco que es doble son 27 canciones y ser\u00eda una desmesura, saldr\u00eda un concierto de cuatro horas y eso no hay humano que lo aguante. Lo que presento son entre siete y nueve temas nuevos y el resto de las m\u00e1s conocidas. A lo largo de la gira voy a\u00f1adiendo y quitando otras para que est\u00e9 vivo.&nbsp;<\/p>\n\n\n\n<p><strong>En tiempos del Tic-Tok y los v\u00eddeos de 30 segundos, \u00bfC\u00f3mo se le ocurri\u00f3 sacar un disco doble?<\/strong><\/p>\n\n\n\n<p><br>Yo vengo de otro tiempo. Me estimul\u00f3 mucho la \u00e9poca en la que bandas como The River o Bruce Springsteen lanzaba un disco doble o dos discos. Me gusta paladear obras completas de un artista que si me seduce y me atrae quiero escuchar lo que me propone, el disco entero. Es cierto que habr\u00e1 canciones que me gustar\u00e1n m\u00e1s y las escuchar\u00e9 m\u00e1s, pero quiero tener el disco entero, saber de ese tiempo del artista, de lo que me propone, sus emociones\u2026. Yo la vida de las prisas, una canci\u00f3n de usar y tirar no me interesa nada. Es un enga\u00f1o. Estas modas de consumismo que solo buscan que cada a\u00f1o compremos un m\u00f3vil nuevo de 1.500 euros no las comparto. Yo hago discos y pongo en ellos las emociones de mi vida, de unos d\u00edas, meses o a\u00f1os y he comprobado que siempre hay alguien que disfruta con ello. Y yo disfruto de ellos cuando los veo cantar conmigo en los conciertos. Son un intercambio de emociones y las emociones son de largo recorrido. Por eso hago discos dobles y por eso no hay reloj en mis conciertos. Cuando voy a un sitio quiero quedarme, no mido el tiempo, voy a compartir un rato con el p\u00fablico y si ese rato se alarga, mucho mejor.<\/p>\n\n\n\n<p><strong>\u00bfDe todas las facetas de m\u00fasico, compositor, trabajo de estudio, actuaciones en directo\u2026 en cu\u00e1l se siente m\u00e1s c\u00f3modo?<\/strong><\/p>\n\n\n\n<p>Son diferentes momentos, pero yo los disfruto todos. El escenario tiene unas posibilidades muy directas, es un fogonazo muy v\u00edvido. La composici\u00f3n es un trabajo que haces a solas es una felicidad total en la soledad donde te acompa\u00f1as a ti mismo y te acunas con los acordes que escribes. Pero el estudio tambi\u00e9n es maravilloso. Est\u00e1s con otras personas, m\u00fasicos, amigos, en los que surgen ritmos. Yo me siento c\u00f3modo en todo, por eso lo sigo haciendo. El d\u00eda que no est\u00e9 c\u00f3modo dejar\u00e9 de hacerlo. No todo se hace por dinero. El esfuerzo emocional de una canci\u00f3n por muy bien que te paguen no compensa. Una canci\u00f3n o una actuaci\u00f3n es un viaje muy intenso que cuando terminas acabas exhausto, pero hasta que llegas es un viaje maravilloso y compartido porque no est\u00e1s solo. &nbsp;<\/p>\n\n\n\n<figure class=\"wp-block-image\"><img decoding=\"async\" src=\"https:\/\/eldiadigital.es\/upload\/images\/08_2022\/4887_foto-de-manuel-rubiales.jpg\" alt=\"[Img #465301]\"\/><\/figure>\n\n\n\n<p>Fotograf\u00eda de Manuel Rubiales<\/p>\n\n\n\n<p><strong>Comentaba antes que los conciertos son sensaciones compartidas con el p\u00fablico. \u00bfHa notado diferencias en la forma de relacionarse tras la pandemia?<\/strong><\/p>\n\n\n\n<p>He notado un cambio brutal. La gente acude mucho m\u00e1s contenta que antes. Hemos estado muchos meses encerrados y con dudas de lo que iba a pasar y en cuanto nos han abierto la jaula est\u00e1 todo el mundo como locos de contentos. Los conciertos que llevo en esta gira se nota que sonr\u00eden m\u00e1s, claro que no llevar mascarilla ayuda a verlo (bromea). Lo cierto es que se r\u00eden, cantan m\u00e1s y est\u00e1n m\u00e1s participativos. La pandemia ha cambiado la percepci\u00f3n que tenemos de la vida y la sensaci\u00f3n de que tenemos que aprovecharla porque no sabemos lo que nos puede caer. Eso lo noto para bien.<\/p>\n\n\n\n<blockquote class=\"wp-block-quote is-layout-flow wp-block-quote-is-layout-flow\"><p><em><strong>\u00abHe pisado mucho el bancal como mi abuelo y tirado de azad\u00f3n y montado en la trilla. Es una vida muy dura pero donde eres muy libre\u00bb<\/strong><\/em><\/p><\/blockquote>\n\n\n\n<p><strong>A usted se le define como pintor, m\u00fasico, poeta\u2026 \u00bfSi no se hubiera dedicado a la m\u00fasica, a qu\u00e9 lo habr\u00eda hecho?<\/strong><\/p>\n\n\n\n<p>Quiz\u00e1s la pintura, de hecho, yo fui dise\u00f1ador gr\u00e1fico muchos a\u00f1os y me ganaba la vida dise\u00f1ando juguetes y material escolar. Yo he dibujado muchas Hello Kittys (vuelven las risas\u2026). Pero la vida urbana yo la sent\u00eda cada vez m\u00e1s lejos y me atra\u00eda la vida hortofrut\u00edcola con huerto y ganader\u00eda de baja intensidad. Me hubiera tirado por ah\u00ed porque mi vida la he paseado entre la ciudad y el pueblo. He pisado mucho el bancal como mi abuelo y tirado mucho de azad\u00f3n y montado en la trilla. S\u00e9 que es una vida muy dura pero tambi\u00e9n eres muy libre. Es cierto que \u00faltimamente se les aprieta mucho a los peque\u00f1os agricultores y me duele ver como la macroeconom\u00eda se lleva todo el pastel y a los pobres no les llega nada.&nbsp;<\/p>\n\n\n\n<p><strong>A pesar de que tiene una de las carreras m\u00e1s dilatadas del pa\u00eds siempre ha mantenido un estilo reconocible. \u00bfCu\u00e1l es su secreto?<\/strong><\/p>\n\n\n\n<p>No hay secreto, o es as\u00ed o no. Es una condici\u00f3n \u2018sine qua&nbsp;non\u2019 para que un artista tenga un recorrido, tener una personalidad propia. Las copias, los refritos no llevan a ning\u00fan sitio. Te puede dar de comer alg\u00fan tiempo, pero no te llevar\u00e1 lejos. No es algo que puedas controlar. Cuando yo era m\u00fasico de orquesta era un buen \u2018copi\u00f3n\u2019, imitaba las voces de Miguel Bos\u00e9, de Gurruchaga, Freddie Mercury, Miguel R\u00edos \u2026 &nbsp;pero fue dejar esa pr\u00e1ctica y plantear montar una banda, Los R\u00e1pidos, propia y perd\u00ed esa capacidad y comenc\u00e9 a cantar como Manuel Garc\u00eda. Fue algo extra\u00f1o, pero ah\u00ed comenc\u00e9 a formar mi propia identidad. Tengo dos referentes, la voz y, sobre todo la manera, de Jes\u00fas de la Rosa de Triana, y la de Pepe Robles de Los M\u00f3dulos me aportaron datos que les agradecer\u00e9 infinitamente toda la vida porque me hicieron ser un poco m\u00e1s yo.&nbsp;<\/p>\n\n\n\n<figure class=\"wp-block-image\"><img decoding=\"async\" src=\"https:\/\/eldiadigital.es\/upload\/images\/08_2022\/2073__u4a3334-ok-hi-res-rec.jpg\" alt=\"[Img #465302]\"\/><\/figure>\n\n\n\n<p><strong>Ahora que est\u00e1 de moda sacar musicales homenaje a los grupos m\u00edticos, \u00bfle gustar\u00eda uno sobre el \u00daltimo de la Fila o sobre Manolo Garc\u00eda?<\/strong><\/p>\n\n\n\n<p>En absoluto. No me interesa nada. El \u00daltimo de la Fila lo que tuvimos que hacer lo hicimos. Fue un tiempo maravilloso con un mont\u00f3n de canciones, de noches con un p\u00fablico entregado y para m\u00ed no es digno de teatralizar. Yo prefiero un buen musical in\u00e9dito. Ha habido alguna ocasi\u00f3n que me lo han propuesto, pero me niego, saco los cuernos del rockero y les digo que me dejen en paz. Nuestras canciones no son cuesti\u00f3n balad\u00ed. No est\u00e1n hechas al hilo del negocio para ganar dinero, las hicimos porque si no las hubiera hecho no tendr\u00eda sentido mi vida en este planeta. Las necesito como el aire que respiro y no entender\u00eda que se teatralizara para hacer negocio de ello, ser\u00eda un desdoro. Con ello no quiero decir que los musicales sobre otros artistas sean un desdoro, si la gente va a verlos y disfruta con ello y el artista est\u00e1 de acuerdo, lo respeto y lo acepto, pero a m\u00ed no me gustar\u00eda que lo hicieran conmigo.&nbsp;<\/p>\n\n\n\n<blockquote class=\"wp-block-quote is-layout-flow wp-block-quote-is-layout-flow\"><p><em><strong>\u00abMientras una canci\u00f3n m\u00eda, una pintura, un sentir aporte no lo dejar\u00e9. La misi\u00f3n del creador, darlo todo hasta el final\u00bb<\/strong><\/em><\/p><\/blockquote>\n\n\n\n<figure class=\"wp-block-image\"><img decoding=\"async\" src=\"https:\/\/eldiadigital.es\/upload\/images\/08_2022\/3734__00a5009.jpg\" alt=\"[Img #465305]\"\/><\/figure>\n\n\n\n<p><strong>Acaba de cumplir los 67 a\u00f1os, edad de la jubilaci\u00f3n para muchas personas, \u00bfpiensa usted en la retirada?<\/strong><\/p>\n\n\n\n<p>Sobre la jubilaci\u00f3n creo que todo el mundo tendr\u00eda que trabajar un poco menos y disfrutar m\u00e1s y no que te tiren al embarcadero cuando te quedan dos d\u00edas en esta vida. Deber\u00eda repartirse mejor el tiempo, trabajar menos horas, pero todo el mundo para poder tener m\u00e1s tiempo para pasarlo al sol. No entiendo por qu\u00e9 los parlamentarios y ministros con ochos a\u00f1os trabajados tienen sueldo vitalicio y se pueden retirar y el espa\u00f1olito de a pie tiene que trabajar tropecientos a\u00f1os y encima vivir bajo la amenaza de si luego no va a haber dinero para las pensiones. Todo el mundo tendr\u00eda que colaborar y no dejar que unos pocos echen el h\u00edgado trabajando m\u00e1s horas que un reloj explotados y otra parte importante de la poblaci\u00f3n angustiada por estar en el paro. Poner una edad de jubilaci\u00f3n me parece un manejo, una pantomima. Por qu\u00e9 unos se\u00f1ores que no conozco me tienen que poner una edad que yo no tengo. Yo tengo ilusi\u00f3n y no quiero jubilarme. Quiero sentirme \u00fatil para m\u00ed mismo y para los dem\u00e1s en la medida que pueda. Mientras una canci\u00f3n m\u00eda, una pintura, un sentir aporte algo por qu\u00e9 tengo que dejarlo. Admiro el tes\u00f3n de un Antonio L\u00f3pez, un Picasso, Dal\u00ed, personas con una energ\u00eda para el trabajo hasta el \u00faltimo momento que no abandonan. Para m\u00ed esa es la misi\u00f3n del creador, darlo todo hasta el final.&nbsp;<\/p>\n\n\n\n<p><strong>Deducimos por sus palabras que tenemos Manolo Garc\u00eda para rato\u2026<\/strong><\/p>\n\n\n\n<p>Por supuesto, siempre como se dice, mientras el cuerpo aguante\u2026&nbsp;<br>&nbsp;<\/p>\n\n\n\n<p>Nos despedimos agradecidos de la oportunidad de poder conocerlo un poco m\u00e1s y con la promesa de intercambiar esas sensaciones, cantar esas canciones y, sobre todo, sonreir mucho en el concierto.\u00a0<\/p>\n\n\n\n<p>Fuente: El Digital &#8211; D. Guijarro &#8211; ENLACE<\/p>\n","protected":false},"excerpt":{"rendered":"<p>Manolo Garc\u00eda es un cantante, un artista, un creador. Quiz\u00e1s por ello le guste tanto Cuenca a la que considera una ciudad que invita a la cultura y a la que ha visitado en varias ocasiones, aunque no tuviera actuaci\u00f3n en ella. Esta noche regresa dispuesto a disfrutar de su gente porque no entiende un<a class=\"moretag\" href=\"https:\/\/www.manologarciaycia.com\/?p=23058\" title=\"Manolo Garc\u00eda: \u201cEn mis conciertos no hay reloj, voy a compartir un rato con el p\u00fablico y si se alarga, mucho mejor\u201d\" target=\"_self\" rel=\"follow\"> <font face=arial size=2>[Leer m\u00e1s]<\/font> <\/a><\/p>\n","protected":false},"author":2,"featured_media":23059,"comment_status":"closed","ping_status":"closed","sticky":false,"template":"","format":"standard","meta":{"footnotes":""},"categories":[1],"tags":[],"class_list":["post-23058","post","type-post","status-publish","format-standard","has-post-thumbnail","hentry","category-manolo-garcia"],"_links":{"self":[{"href":"https:\/\/www.manologarciaycia.com\/index.php?rest_route=\/wp\/v2\/posts\/23058","targetHints":{"allow":["GET"]}}],"collection":[{"href":"https:\/\/www.manologarciaycia.com\/index.php?rest_route=\/wp\/v2\/posts"}],"about":[{"href":"https:\/\/www.manologarciaycia.com\/index.php?rest_route=\/wp\/v2\/types\/post"}],"author":[{"embeddable":true,"href":"https:\/\/www.manologarciaycia.com\/index.php?rest_route=\/wp\/v2\/users\/2"}],"replies":[{"embeddable":true,"href":"https:\/\/www.manologarciaycia.com\/index.php?rest_route=%2Fwp%2Fv2%2Fcomments&post=23058"}],"version-history":[{"count":1,"href":"https:\/\/www.manologarciaycia.com\/index.php?rest_route=\/wp\/v2\/posts\/23058\/revisions"}],"predecessor-version":[{"id":23060,"href":"https:\/\/www.manologarciaycia.com\/index.php?rest_route=\/wp\/v2\/posts\/23058\/revisions\/23060"}],"wp:featuredmedia":[{"embeddable":true,"href":"https:\/\/www.manologarciaycia.com\/index.php?rest_route=\/wp\/v2\/media\/23059"}],"wp:attachment":[{"href":"https:\/\/www.manologarciaycia.com\/index.php?rest_route=%2Fwp%2Fv2%2Fmedia&parent=23058"}],"wp:term":[{"taxonomy":"category","embeddable":true,"href":"https:\/\/www.manologarciaycia.com\/index.php?rest_route=%2Fwp%2Fv2%2Fcategories&post=23058"},{"taxonomy":"post_tag","embeddable":true,"href":"https:\/\/www.manologarciaycia.com\/index.php?rest_route=%2Fwp%2Fv2%2Ftags&post=23058"}],"curies":[{"name":"wp","href":"https:\/\/api.w.org\/{rel}","templated":true}]}}