{"id":23056,"date":"2022-08-28T09:18:52","date_gmt":"2022-08-28T07:18:52","guid":{"rendered":"https:\/\/www.manologarciaycia.com\/?p=23056"},"modified":"2022-08-28T09:18:55","modified_gmt":"2022-08-28T07:18:55","slug":"en-cada-disco-buscas-una-via-nueva","status":"publish","type":"post","link":"https:\/\/www.manologarciaycia.com\/?p=23056","title":{"rendered":"\u00abEn cada disco buscas una v\u00eda nueva\u00bb"},"content":{"rendered":"\n<p>La Plaza de Toros de Albacete acoge hoy 27\/8\/22, a las 22 horas, uno de los conciertos de la temporada con Manolo Garc\u00eda que regresa en su Gira 22 con dos nuevos trabajos, Mi vida en Marte y Desatinos Desplumados.<\/p>\n\n\n\n<p>La Plaza de Toros de Albacete acoge hoy, a las 22 horas, uno de los conciertos de la temporada con Manolo Garc\u00eda que regresa en su Gira 22 con dos nuevos trabajos, Mi vida en Marte y Desatinos Desplumados. El m\u00fasico coment\u00f3 a La Tribuna de Albacete sus sensaciones ante esta cita y la publicaci\u00f3n de estas nuevas joyas del pop-rock. &nbsp;<\/p>\n\n\n\n<p><strong>Actuar\u00e1 hoy en Albacete. Pr\u00e1cticamente, viene a su casa, para ofrecer ese concierto en la Plaza de Toros.<\/strong><\/p>\n\n\n\n<p>S\u00ed, yo estoy dividido, tengo el coraz\u00f3n part\u00edo, como dec\u00eda Alejandro. Soy catal\u00e1n, pero claro tengo mi vivencia tambi\u00e9n importante en la Sierra de la provincia, tengo mucha familia y conocidos y para m\u00ed es una alegr\u00eda volver, adoro Catalu\u00f1a y adoro Albacete, es as\u00ed de sencillo. Vas a ciudades que te gustan, voy al norte al sur, pero claro Albacete es un punto y aparte, muy aparte. Me siento muy en casa, como cuando toco en Barcelona, para entendernos.&nbsp;<\/p>\n\n\n\n<p><strong>\u00bfPor qu\u00e9 dos discos en un a\u00f1o?<\/strong><\/p>\n\n\n\n<p>Porque ha habido tiempo. Al estar confinados meses, por todo el l\u00edo de la pandemia, tienes m\u00e1s tiempo. Cuanto m\u00e1s vida social haces, menos tiempo tienes para trabajar en lo tuyo. Es como el que va en un autob\u00fas, lleva un libro y le gusta, va a leer. Est\u00e1bamos confinados y es se sum\u00f3 a que ten\u00edas ganas, l\u00f3gicamente. Por muy confinado que est\u00e9s, si no tienes ganas, puedes estar en el balc\u00f3n, viendo pasar las golondrinas. Bueno, ha habido tiempo y he podido hacer m\u00e1s canciones, porque me apetec\u00eda. &nbsp;<\/p>\n\n\n\n<p><strong>Nada menos que 27 m\u00e1s una.<\/strong><\/p>\n\n\n\n<p>Bueno, hice el primer disco y bien, pero en el \u00faltimo momento pens\u00e9 que ten\u00eda tiempo de hacer otro disco y me apetec\u00eda y me puse con el siguiente, ten\u00eda ya algunas ideas grabadas, las recuper\u00e9, me gustaron, y compuse otras cuantas, seis o siete. Ha dado resultado, lo he pasado muy bien y, por lo que me llega, los discos han gustado. A\u00fan se puede hablar de discos pero ya estamos en el vag\u00f3n de cola, disco, CD, todo est\u00e1 ah\u00ed en las plataformas, me da un poco igual. Yo hago las canciones con la pretensi\u00f3n de que las disfruten. Lo he pasado muy bien haci\u00e9ndolas, y cuanto m\u00e1s tengamos, m\u00e1s posibilidades de felicidad para el que las disfruta. Yo nunca he sido una persona de hacer un disco con 10 canciones y cortar; me gusta dar m\u00e1s.&nbsp;<\/p>\n\n\n\n<p><strong>Sus canciones enganchan. \u00bfCu\u00e1l es el secreto para no dejar a nadie indiferente, si lo hay?<\/strong><\/p>\n\n\n\n<p>No hay secreto ni f\u00f3rmula, es algo que viene dado; la f\u00f3rmula es la vida que te toca. Hay excelentes ebanistas o pilotos de avi\u00f3n, por ejemplo, bueno, en m\u00fasica hay gente que est\u00e1 tocada por la varita, no s\u00e9 muy bien que explicaci\u00f3n dar, te llega, es un pulso, un latido y hay personas capacitadas para hacer una melod\u00eda bonita y un texto. \u00bfC\u00f3mo hizo Serrat Mediterr\u00e1neo?, seguro que ni \u00e9l lo sabe, hizo una obra de arte, una joya, un texto maravilloso, que llega a todo el mundo. \u00bfCu\u00e1l es la f\u00f3rmula?, tener los ojos abiertos y evidentemente, tener una capacidad. Bueno, yo hago canciones, no hay ning\u00fan secreto, ni hay plantilla, es una magia que es ajena a m\u00ed, me he encontrado con esto, me gusta y ya que tengo esta facilidad para hacer canciones, que pueden gustar m\u00e1s o menos, sigo ah\u00ed con toda la ilusi\u00f3n y ganas trabajar, porque es un placer. No hay secreto, cuanto m\u00e1s sepas mejor, pero al final est\u00e1 la intuici\u00f3n, un instinto creador salvaje, es algo et\u00e9reo, no tiene corporeidad. De repente te roza una melod\u00eda, un texto.<\/p>\n\n\n\n<p><strong>Tres formas distintas de trabajar en estos proyectos.&nbsp;<\/strong><\/p>\n\n\n\n<p>S\u00ed, tres formas distintas. A veces trabajando solo con un m\u00fasico, con la canci\u00f3n ya muy clara y compuesta. &nbsp;Es muy divertida la diversidad, no hay una \u00fanica manera de trabajar y disfrutar de tu profesi\u00f3n. En cada &nbsp;disco buscas una v\u00eda nueva, para no aburrirte y aburrir a los dem\u00e1s, para no estancarte con f\u00f3rmulas ya manidas y autoplagiarte.&nbsp;<\/p>\n\n\n\n<p><strong>\u00bfHay que plantearse en m\u00fasica siempre nuevos retos?<\/strong><\/p>\n\n\n\n<p>Claro, la vida es un reto. Cuando empiezas a aburrirte, cuando entras en una rutina, en cualquier panorama de tu vida, en cualquier pasaje, vas a menos y claro que buscas diversidad, diversi\u00f3n. El cazador prehist\u00f3rico era feliz, nunca segu\u00eda la misma ruta, las piezas, la caza se mov\u00eda, la estaci\u00f3n del a\u00f1o era cambiante. Pienso que el ser humano, cuando se hizo sedentario y se invent\u00f3 la propiedad privada, empeor\u00f3 bastante en calidad de vida, es una intuici\u00f3n m\u00eda. Cuando la gente se mov\u00eda y no viv\u00eda en la rutina y en el d\u00eda a d\u00eda igual, con alg\u00fan invento como Navidad, vacaciones para salir de la rutina, cuando el ser humano era n\u00f3mada, cazador, estaba contento haciendo cosas diferentes.&nbsp;<\/p>\n\n\n\n<p><strong>Despu\u00e9s del Grammy con Geometr\u00eda del rayo, otros dos trabajos que son n\u00famero uno, Mi vida en Marte y Desatinos Desplumados. \u00bfSon importantes los premios?<\/strong><\/p>\n\n\n\n<p>Primero, a nadie le amarga un dulce, por supuesto, pero cuando trabajas, es mi punto de vista personal, nunca piensas en hacer un disco para que te den no se qu\u00e9 premios. Yo soy feliz haciendo canciones y cuando el disco llega a la gente, gusta m\u00e1s o menos, pero se ha ido de tus manos, es de ellos, luego, hay un entramado profesional, de compa\u00f1\u00edas de discos, que buscan unas ventas. Claro, los discos se venden, aunque ahora lo bajes, lo tengan en los m\u00f3viles o est\u00e9n en plataformas, hay unos l\u00edos &nbsp;que los m\u00fasicos no controlamos un pijo. Yo no pido que me nominen, ni he ido a ning\u00fan sitio a nada; lo \u00fanico que pido es que la vida me de canciones, conciertos y seguir con ganas de componer, cantar, pintar, ese es mi premio, luego, si me dicen que tengo que ir a Los \u00c1ngeles a recoger un premio o a Las Vegas, estupendo, si te dan un Grammy, doy las gracias, pero no hago discos para que me den un Grammy, los premios no me hacen feliz, me hace feliz la gente y la m\u00fasica. El premio es cuando me dicen que lo han pasado muy bien en el \u00faltimo concierto; sin duda es una buena noticia que te premien, pero no estoy loco por eso; mi objetivo en la vida no es ese. &nbsp;<\/p>\n\n\n\n<p><strong>De paso, pintura y fotograf\u00eda.&nbsp;<\/strong><\/p>\n\n\n\n<p>\u00daltimamente estoy pintando m\u00e1s, nunca lo he dejado y siempre he suspirado por hacer exposiciones; siempre he intentado tirar la ca\u00f1a al Museo de Albacete, pero nada, no me quieren, no pasa nada; el Museo Antonio P\u00e9rez de Cuenca, nada. Siempre hay ganas de colgar los cuadros y que la gente acuda y cada a\u00f1o hago, m\u00ednimo, una exposici\u00f3n, en Granada, M\u00e1laga, Valencia, voy haciendo cosas que me gustan y es muy importante el contacto con la gente.<\/p>\n\n\n\n<p>Fuente: La Tribuna de Albacete &#8211; Antonio D\u00edaz &#8211; ENLACE<\/p>\n","protected":false},"excerpt":{"rendered":"<p>La Plaza de Toros de Albacete acoge hoy 27\/8\/22, a las 22 horas, uno de los conciertos de la temporada con Manolo Garc\u00eda que regresa en su Gira 22 con dos nuevos trabajos, Mi vida en Marte y Desatinos Desplumados. La Plaza de Toros de Albacete acoge hoy, a las 22 horas, uno de los<a class=\"moretag\" href=\"https:\/\/www.manologarciaycia.com\/?p=23056\" title=\"\u00abEn cada disco buscas una v\u00eda nueva\u00bb\" target=\"_self\" rel=\"follow\"> <font face=arial size=2>[Leer m\u00e1s]<\/font> <\/a><\/p>\n","protected":false},"author":2,"featured_media":0,"comment_status":"closed","ping_status":"closed","sticky":false,"template":"","format":"standard","meta":{"footnotes":""},"categories":[1],"tags":[],"class_list":["post-23056","post","type-post","status-publish","format-standard","hentry","category-manolo-garcia"],"_links":{"self":[{"href":"https:\/\/www.manologarciaycia.com\/index.php?rest_route=\/wp\/v2\/posts\/23056","targetHints":{"allow":["GET"]}}],"collection":[{"href":"https:\/\/www.manologarciaycia.com\/index.php?rest_route=\/wp\/v2\/posts"}],"about":[{"href":"https:\/\/www.manologarciaycia.com\/index.php?rest_route=\/wp\/v2\/types\/post"}],"author":[{"embeddable":true,"href":"https:\/\/www.manologarciaycia.com\/index.php?rest_route=\/wp\/v2\/users\/2"}],"replies":[{"embeddable":true,"href":"https:\/\/www.manologarciaycia.com\/index.php?rest_route=%2Fwp%2Fv2%2Fcomments&post=23056"}],"version-history":[{"count":1,"href":"https:\/\/www.manologarciaycia.com\/index.php?rest_route=\/wp\/v2\/posts\/23056\/revisions"}],"predecessor-version":[{"id":23057,"href":"https:\/\/www.manologarciaycia.com\/index.php?rest_route=\/wp\/v2\/posts\/23056\/revisions\/23057"}],"wp:attachment":[{"href":"https:\/\/www.manologarciaycia.com\/index.php?rest_route=%2Fwp%2Fv2%2Fmedia&parent=23056"}],"wp:term":[{"taxonomy":"category","embeddable":true,"href":"https:\/\/www.manologarciaycia.com\/index.php?rest_route=%2Fwp%2Fv2%2Fcategories&post=23056"},{"taxonomy":"post_tag","embeddable":true,"href":"https:\/\/www.manologarciaycia.com\/index.php?rest_route=%2Fwp%2Fv2%2Ftags&post=23056"}],"curies":[{"name":"wp","href":"https:\/\/api.w.org\/{rel}","templated":true}]}}