{"id":23052,"date":"2022-08-28T09:17:08","date_gmt":"2022-08-28T07:17:08","guid":{"rendered":"https:\/\/www.manologarciaycia.com\/?p=23052"},"modified":"2022-08-28T09:17:36","modified_gmt":"2022-08-28T07:17:36","slug":"incombustible-manolo-garcia-en-cuenca%ef%bf%bc","status":"publish","type":"post","link":"https:\/\/www.manologarciaycia.com\/?p=23052","title":{"rendered":"Incombustible Manolo Garc\u00eda en Cuenca"},"content":{"rendered":"\n<p>Dos horas y media de concierto ofreci\u00f3 Manolo Garc\u00eda en La Fuensanta y todav\u00eda se march\u00f3 con ganas de rumba. Nunca el tiempo es perdido cuando se disfruta. Se lo pasa bien el de Barcelona sobre el escenario y le cuesta abandonarlo, tanto como el cr\u00edo que es reclamado por sus padres para volver a casa cuando mejor se los est\u00e1 pasando en el parque. Sus feligreses conquenses le aguantaron el ritmo en el que era el primer concierto multitudinario desde la pandemia en el que permanecer sentado era una opci\u00f3n y no un mandato.<\/p>\n\n\n\n<p>Hay mucha frescura en la propuesta de Manolo Garc\u00eda, desde el escenario decorado con motivos de chiringuito de playa al sonido pop aflamencado de la banda. El artista desaf\u00eda a los tiempos grises con el color de sus chaquetas y de los dise\u00f1os y pinturas que se proyectan en la pantalla. Los m\u00e1s de 3.000 espectadores recibieron un pinchazo de optimismo y se marcharon con una sonrisa que les deber\u00eda durar, como m\u00ednimo, hasta que termine el verano.<\/p>\n\n\n\n<p>Insurrecci\u00f3n abri\u00f3 los 210 minutos de concierto de Manolo Garc\u00eda en Cuenca, con muchas canciones de su \u00faltimo trabajo, pero sin que faltaran las imprescindibles de su repertorio. En los tramos m\u00e1s tranquilos el artista, sentadito, se dejaba llevar por las palmas y las refrescantes rumbitas. En otras canciones Garc\u00eda se desmelenaba y bajaba al c\u00e9sped a cantar entre el p\u00fablico. Envidiable derroche de vitalidad de un cantante que se sent\u00eda a gusto en Cuenca, como si no hubieran pasado varios a\u00f1os desde la \u00faltima vez que actu\u00f3 en San Juli\u00e1n.<\/p>\n\n\n\n<p>En los bises, Manolo Garc\u00eda tuvo un recuerdo para el fallecido&nbsp;Eric de Witt, guitarrista que le acompa\u00f1\u00f3 cuando inici\u00f3 su carrera en solitario. Despu\u00e9s se apoy\u00f3 en los espectadores para que toda La Fuensanta coreara insurrecci\u00f3n, con el objetivo de demostrar \u201clo que podemos conseguir juntos\u201d. El recitar termin\u00f3 a golpe de rachera, con el Sigo siendo el rey escrito por Jos\u00e9 Alfredo, que le sirvi\u00f3 al de Barcelona para demostrar que le quedaba voz en el dep\u00f3sito y que, si de \u00e9l dependiera, todav\u00eda nos hab\u00edamos quedado un ratito cantando y dando palmas en el campo.<\/p>\n\n\n\n<p>Fuente: Enciende Cuenca &#8211; Jesus Huerta &#8211; <a rel=\"noreferrer noopener\" href=\"https:\/\/www.enciendecuenca.com\/2022\/08\/27\/incombustible-manolo-garcia-en-cuenca\" target=\"_blank\">ENLACE y Galer\u00eda de Fotos<\/a><\/p>\n","protected":false},"excerpt":{"rendered":"<p>Dos horas y media de concierto ofreci\u00f3 Manolo Garc\u00eda en La Fuensanta y todav\u00eda se march\u00f3 con ganas de rumba. Nunca el tiempo es perdido cuando se disfruta. Se lo pasa bien el de Barcelona sobre el escenario y le cuesta abandonarlo, tanto como el cr\u00edo que es reclamado por sus padres para volver a<a class=\"moretag\" href=\"https:\/\/www.manologarciaycia.com\/?p=23052\" title=\"Incombustible Manolo Garc\u00eda en Cuenca\" target=\"_self\" rel=\"follow\"> <font face=arial size=2>[Leer m\u00e1s]<\/font> <\/a><\/p>\n","protected":false},"author":2,"featured_media":23053,"comment_status":"closed","ping_status":"closed","sticky":false,"template":"","format":"standard","meta":{"footnotes":""},"categories":[1],"tags":[],"class_list":["post-23052","post","type-post","status-publish","format-standard","has-post-thumbnail","hentry","category-manolo-garcia"],"_links":{"self":[{"href":"https:\/\/www.manologarciaycia.com\/index.php?rest_route=\/wp\/v2\/posts\/23052","targetHints":{"allow":["GET"]}}],"collection":[{"href":"https:\/\/www.manologarciaycia.com\/index.php?rest_route=\/wp\/v2\/posts"}],"about":[{"href":"https:\/\/www.manologarciaycia.com\/index.php?rest_route=\/wp\/v2\/types\/post"}],"author":[{"embeddable":true,"href":"https:\/\/www.manologarciaycia.com\/index.php?rest_route=\/wp\/v2\/users\/2"}],"replies":[{"embeddable":true,"href":"https:\/\/www.manologarciaycia.com\/index.php?rest_route=%2Fwp%2Fv2%2Fcomments&post=23052"}],"version-history":[{"count":2,"href":"https:\/\/www.manologarciaycia.com\/index.php?rest_route=\/wp\/v2\/posts\/23052\/revisions"}],"predecessor-version":[{"id":23055,"href":"https:\/\/www.manologarciaycia.com\/index.php?rest_route=\/wp\/v2\/posts\/23052\/revisions\/23055"}],"wp:featuredmedia":[{"embeddable":true,"href":"https:\/\/www.manologarciaycia.com\/index.php?rest_route=\/wp\/v2\/media\/23053"}],"wp:attachment":[{"href":"https:\/\/www.manologarciaycia.com\/index.php?rest_route=%2Fwp%2Fv2%2Fmedia&parent=23052"}],"wp:term":[{"taxonomy":"category","embeddable":true,"href":"https:\/\/www.manologarciaycia.com\/index.php?rest_route=%2Fwp%2Fv2%2Fcategories&post=23052"},{"taxonomy":"post_tag","embeddable":true,"href":"https:\/\/www.manologarciaycia.com\/index.php?rest_route=%2Fwp%2Fv2%2Ftags&post=23052"}],"curies":[{"name":"wp","href":"https:\/\/api.w.org\/{rel}","templated":true}]}}