{"id":23045,"date":"2022-08-28T09:09:38","date_gmt":"2022-08-28T07:09:38","guid":{"rendered":"https:\/\/www.manologarciaycia.com\/?p=23045"},"modified":"2022-08-28T09:13:29","modified_gmt":"2022-08-28T07:13:29","slug":"manolo-garcia-sigo-con-la-misma-ilusion-y-respeto-por-la-gente-que-el-primer-dia","status":"publish","type":"post","link":"https:\/\/www.manologarciaycia.com\/?p=23045","title":{"rendered":"Manolo Garc\u00eda: \u00abSigo con la misma ilusi\u00f3n y respeto por la gente que el primer d\u00eda\u00bb"},"content":{"rendered":"\n<p>De Luisja Garc\u00eda; La m\u00fasica toma protagonismo en el \u00faltimo fin de semana de la Feria y Fiestas de San Juli\u00e1n 2022 con un doble concierto. Hoy con Manolo Garc\u00eda y este s\u00e1bado con la actuaci\u00f3n de Robe, ambos conciertos se celebran a partir de las diez de la noche en el Estadio de La Fuensanta.<\/p>\n\n\n\n<p>Esta noche es el turno de Manolo Garc\u00eda que llega a Cuenca dentro de su Gira 2022 y donde va a presentar sus dos \u00faltimos trabajos: Mi vida en Marte y Desatinos desplumados. Ser\u00e1 el cuarto concierto que haga en Cuenca, una ciudad que le gusta que ha visitado como turista en otras ocasiones.<\/p>\n\n\n\n<p>Fuente: Cadena Ser &#8211; <a href=\"https:\/\/cadenaser.com\/castillalamancha\/2022\/08\/26\/manolo-garcia-sigo-con-la-misma-ilusion-y-respeto-por-la-gente-que-el-primer-dia-ser-cuenca\" target=\"_blank\" rel=\"noreferrer noopener\">ENLACE<\/a><\/p>\n","protected":false},"excerpt":{"rendered":"<p>De Luisja Garc\u00eda; La m\u00fasica toma protagonismo en el \u00faltimo fin de semana de la Feria y Fiestas de San Juli\u00e1n 2022 con un doble concierto. Hoy con Manolo Garc\u00eda y este s\u00e1bado con la actuaci\u00f3n de Robe, ambos conciertos se celebran a partir de las diez de la noche en el Estadio de La<a class=\"moretag\" href=\"https:\/\/www.manologarciaycia.com\/?p=23045\" title=\"Manolo Garc\u00eda: \u00abSigo con la misma ilusi\u00f3n y respeto por la gente que el primer d\u00eda\u00bb\" target=\"_self\" rel=\"follow\"> <font face=arial size=2>[Leer m\u00e1s]<\/font> <\/a><\/p>\n","protected":false},"author":2,"featured_media":0,"comment_status":"closed","ping_status":"closed","sticky":false,"template":"","format":"audio","meta":{"footnotes":""},"categories":[1],"tags":[],"class_list":["post-23045","post","type-post","status-publish","format-audio","hentry","category-manolo-garcia","post_format-post-format-audio"],"_links":{"self":[{"href":"https:\/\/www.manologarciaycia.com\/index.php?rest_route=\/wp\/v2\/posts\/23045","targetHints":{"allow":["GET"]}}],"collection":[{"href":"https:\/\/www.manologarciaycia.com\/index.php?rest_route=\/wp\/v2\/posts"}],"about":[{"href":"https:\/\/www.manologarciaycia.com\/index.php?rest_route=\/wp\/v2\/types\/post"}],"author":[{"embeddable":true,"href":"https:\/\/www.manologarciaycia.com\/index.php?rest_route=\/wp\/v2\/users\/2"}],"replies":[{"embeddable":true,"href":"https:\/\/www.manologarciaycia.com\/index.php?rest_route=%2Fwp%2Fv2%2Fcomments&post=23045"}],"version-history":[{"count":2,"href":"https:\/\/www.manologarciaycia.com\/index.php?rest_route=\/wp\/v2\/posts\/23045\/revisions"}],"predecessor-version":[{"id":23048,"href":"https:\/\/www.manologarciaycia.com\/index.php?rest_route=\/wp\/v2\/posts\/23045\/revisions\/23048"}],"wp:attachment":[{"href":"https:\/\/www.manologarciaycia.com\/index.php?rest_route=%2Fwp%2Fv2%2Fmedia&parent=23045"}],"wp:term":[{"taxonomy":"category","embeddable":true,"href":"https:\/\/www.manologarciaycia.com\/index.php?rest_route=%2Fwp%2Fv2%2Fcategories&post=23045"},{"taxonomy":"post_tag","embeddable":true,"href":"https:\/\/www.manologarciaycia.com\/index.php?rest_route=%2Fwp%2Fv2%2Ftags&post=23045"}],"curies":[{"name":"wp","href":"https:\/\/api.w.org\/{rel}","templated":true}]}}