{"id":23042,"date":"2022-08-28T09:01:30","date_gmt":"2022-08-28T07:01:30","guid":{"rendered":"https:\/\/www.manologarciaycia.com\/?p=23042"},"modified":"2022-08-28T09:01:33","modified_gmt":"2022-08-28T07:01:33","slug":"manolo-garcia-conquista-cuenca","status":"publish","type":"post","link":"https:\/\/www.manologarciaycia.com\/?p=23042","title":{"rendered":"Manolo Garc\u00eda conquista Cuenca"},"content":{"rendered":"\n<p>El artista catal\u00e1n ha ofrecido un recital de casi dos horas y media en La Fuensanta ante 3.500 espectadores<\/p>\n\n\n\n<p>A pesar de la abundante lluvia de la tarde, el tiempo ha dejado y Manolo Garc\u00eda ha podido &#8216;escaparse de Marte&#8217;&nbsp;este viernes para actuar esta noche&nbsp;en el campo de f\u00fatbol de La Fuensanta en el marco de la Feria y Fiestas de San Juli\u00e1n 2022. El artista catal\u00e1n ha ofrecido ante 3.500 espectadores un recital de casi dos horas y media en el que ha presentado canciones de sus dos \u00faltimos discos, &#8216;Mi Vida en Marte&#8217; y &#8216;Desatinos Desplumados&#8217;, que ha&nbsp;ido intercalando con cl\u00e1sicos de trabajos m\u00e1s antiguos de su carrera en solitario y de su etapa en &#8216;El \u00daltimo de la Fila&#8217;.&nbsp;&nbsp;<\/p>\n\n\n\n<p>A las diez y media de la noche -con media hora de retraso respecto al horario previsto- y ataviado con una colorida chaqueta, el m\u00fasico ha abierto el concierto con el emblem\u00e1tico&nbsp;&#8216;Insurrecci\u00f3n&#8217;, que ha dado paso a una veintena de temas que el p\u00fablico ha coreado entregado de principio a fin.<\/p>\n\n\n\n<p>\u00abHace fresquete\u00bb, ha bromeado&nbsp;Manolo Garc\u00eda con&nbsp;los espectadores, a los que ha dicho&nbsp;que es un \u00abplacer volver a esta ciudad bonita donde las haya\u00bb.&nbsp;<\/p>\n\n\n\n<p>El flamenco ha tenido un gran protagonismo en el concierto de la mano de las canciones del disco &#8216;Desatinos Desplumados&#8217;, uno de los dos trabajos&nbsp;nacidos en pandemia aunque el&nbsp;compositor ha demostrado que no se dej\u00f3 llevar por la tristeza a la hora de escribir, tal y como reconoc\u00eda el propio m\u00fasico en&nbsp;<a href=\"https:\/\/www.lasnoticiasdecuenca.es\/entrevistas\/infancia-patria-mis-discos-meto-musica-despertaba-cuando-era-nino-63315\">una entrevista con &#8216;Las Noticias de Cuenca&#8217;<\/a>.<\/p>\n\n\n\n<p>No han faltado cl\u00e1sicos como &#8216;P\u00e1jaros de barro&#8217;, canci\u00f3n tras la cual el artista se ha dirigido al p\u00fablico celebrando que, tras la Covid-19, la gente est\u00e1 m\u00e1s cari\u00f1osa que nunca y con m\u00e1s ganas de&nbsp;\u00ababracicos\u00bb, haciendo un gui\u00f1o a sus or\u00edgenes albacete\u00f1os.<\/p>\n\n\n\n<p>Estas palabras daban paso a &#8216;Un poco de amor&#8217;, uno de los temas de &#8216;Mi Vida en Marte&#8217; que ha sonado en la segunda parte de un concierto en el que, como acostumbra, el artista ha bajado en m\u00e1s de una ocasi\u00f3n del escenario para saludar al p\u00fablico.<\/p>\n\n\n\n<p>Hacia la recta final de la actuaci\u00f3n, en la que ha deslizado una\u00a0cr\u00edtica a las energ\u00e9ticas, han sonado grandes cl\u00e1sicos como\u00a0&#8216;Nunca el tiempo es perdido&#8217; y &#8216;A San Fernando, un ratito a pie y otro caminando&#8217;, hasta cerrar el recital como hab\u00eda empezado, con &#8216;Insurrecci\u00f3n&#8217;, aunque esta vez ha sido el p\u00fablico el que ha cantado animado por el artista, que tambi\u00e9n ha dirigido unas palabras en su despedida final a Eric de Witt, guitarrista que ha acompa\u00f1ado a Manolo Garc\u00eda en gran parte de su carrera y que ha fallecido unos d\u00edas.<\/p>\n\n\n\n<p>Fuente: Las Noticias de Cuenca &#8211; Dolo Cambronero  &#8211; Fotos Saul Garcia &#8211; <a href=\"https:\/\/www.lasnoticiasdecuenca.es\/cultura\/manolo-garcia-conquista-cuenca-63330\" target=\"_blank\" rel=\"noreferrer noopener\">ENLACE<\/a><\/p>\n\n\n\n<p><a rel=\"noreferrer noopener\" href=\"https:\/\/twitter.com\/share?url=https%3A%2F%2Fwww.lasnoticiasdecuenca.es%2Fcultura%2Fmanolo-garcia-conquista-cuenca-63330%3Ffbclid%3DIwAR0eT62yyRe27aK1INlOZbp2-sndjUKpK1siYJcsjGGckd3G9PvQSzHJVGA&amp;text=Manolo%20Garc%C3%ADa%20conquista%20Cuenca%20\" target=\"_blank\"><\/a><\/p>\n","protected":false},"excerpt":{"rendered":"<p>El artista catal\u00e1n ha ofrecido un recital de casi dos horas y media en La Fuensanta ante 3.500 espectadores A pesar de la abundante lluvia de la tarde, el tiempo ha dejado y Manolo Garc\u00eda ha podido &#8216;escaparse de Marte&#8217;&nbsp;este viernes para actuar esta noche&nbsp;en el campo de f\u00fatbol de La Fuensanta en el marco<a class=\"moretag\" href=\"https:\/\/www.manologarciaycia.com\/?p=23042\" title=\"Manolo Garc\u00eda conquista Cuenca\" target=\"_self\" rel=\"follow\"> <font face=arial size=2>[Leer m\u00e1s]<\/font> <\/a><\/p>\n","protected":false},"author":2,"featured_media":23043,"comment_status":"closed","ping_status":"closed","sticky":false,"template":"","format":"standard","meta":{"footnotes":""},"categories":[1],"tags":[],"class_list":["post-23042","post","type-post","status-publish","format-standard","has-post-thumbnail","hentry","category-manolo-garcia"],"_links":{"self":[{"href":"https:\/\/www.manologarciaycia.com\/index.php?rest_route=\/wp\/v2\/posts\/23042","targetHints":{"allow":["GET"]}}],"collection":[{"href":"https:\/\/www.manologarciaycia.com\/index.php?rest_route=\/wp\/v2\/posts"}],"about":[{"href":"https:\/\/www.manologarciaycia.com\/index.php?rest_route=\/wp\/v2\/types\/post"}],"author":[{"embeddable":true,"href":"https:\/\/www.manologarciaycia.com\/index.php?rest_route=\/wp\/v2\/users\/2"}],"replies":[{"embeddable":true,"href":"https:\/\/www.manologarciaycia.com\/index.php?rest_route=%2Fwp%2Fv2%2Fcomments&post=23042"}],"version-history":[{"count":1,"href":"https:\/\/www.manologarciaycia.com\/index.php?rest_route=\/wp\/v2\/posts\/23042\/revisions"}],"predecessor-version":[{"id":23044,"href":"https:\/\/www.manologarciaycia.com\/index.php?rest_route=\/wp\/v2\/posts\/23042\/revisions\/23044"}],"wp:featuredmedia":[{"embeddable":true,"href":"https:\/\/www.manologarciaycia.com\/index.php?rest_route=\/wp\/v2\/media\/23043"}],"wp:attachment":[{"href":"https:\/\/www.manologarciaycia.com\/index.php?rest_route=%2Fwp%2Fv2%2Fmedia&parent=23042"}],"wp:term":[{"taxonomy":"category","embeddable":true,"href":"https:\/\/www.manologarciaycia.com\/index.php?rest_route=%2Fwp%2Fv2%2Fcategories&post=23042"},{"taxonomy":"post_tag","embeddable":true,"href":"https:\/\/www.manologarciaycia.com\/index.php?rest_route=%2Fwp%2Fv2%2Ftags&post=23042"}],"curies":[{"name":"wp","href":"https:\/\/api.w.org\/{rel}","templated":true}]}}