{"id":23040,"date":"2022-08-28T08:59:29","date_gmt":"2022-08-28T06:59:29","guid":{"rendered":"https:\/\/www.manologarciaycia.com\/?p=23040"},"modified":"2022-08-28T08:59:32","modified_gmt":"2022-08-28T06:59:32","slug":"la-infancia-es-la-patria-en-mis-discos-meto-musica-que-me-despertaba-cuando-era-nino","status":"publish","type":"post","link":"https:\/\/www.manologarciaycia.com\/?p=23040","title":{"rendered":"\u201cLa infancia es la patria. En mis discos meto m\u00fasica que me despertaba cuando era ni\u00f1o\u00bb"},"content":{"rendered":"\n<p>El compositor y m\u00fasico Manolo Garc\u00eda recala este viernes 26 de agosto en La Fuensanta dentro de su gira de presentaci\u00f3n de sus dos \u00faltimos discos en solitario<\/p>\n\n\n\n<p>Se declara enemigo ac\u00e9rrimo de la vida acelerada que generan las nuevas tecnolog\u00edas. \u201cMi m\u00f3vil cuesta 29 euros. Me dicen que me abra perfiles en redes. Vamos, ni loco\u201d, asegura el barcelon\u00e9s Manolo Garc\u00eda en una pausada entrevista telef\u00f3nica. El cantautor y compositor, cuya familia es originaria de F\u00e9rez, un pueblecito de la Sierra del Segura albacete\u00f1a, act\u00faa este viernes 26 de agosto en el campo de f\u00fatbol de La Fuensanta de Cuenca (22:00 horas), donde presentar\u00e1 sus dos nuevos trabajos, \u2018Mi Vida en Marte\u2019 y \u2018Desatinos Desplumados\u2019. &nbsp; &nbsp;<\/p>\n\n\n\n<p><strong>\u00bfC\u00f3mo va a ser el concierto?&nbsp;<\/strong><\/p>\n\n\n\n<p>Mis giras siempre van de la mano de un nuevo disco, en este caso son dos. Hago una presentaci\u00f3n de las canciones nuevas y las mezclo con otras m\u00e1s antiguas de mi repertorio y tambi\u00e9n me gusta tocar alguna de \u2018El \u00faltimo de la fila\u2019. Ser\u00eda un disparate intentar tocar 27 nuevas canciones. Y el p\u00fablico quiere o\u00edr tambi\u00e9n antiguas, que han calado en su vida, que forman parte de su imaginario.<\/p>\n\n\n\n<p><strong>H\u00e1blenos de \u2018Mi Vida en Marte\u2019 y \u2018Desatinos Desplumados\u2019, nacidos en pandemia.<\/strong><\/p>\n\n\n\n<p>\u2018Mi Vida en Marte\u2019 est\u00e1 hecho en lo peor del confinamiento, en los meses de la incertidumbre, las multas, los guantes, el gel\u2026 Me desbordaba tanto miedo, tanta gente enfadada, y eso me ha dado canciones aunque eso no quiere decir que hagan alusi\u00f3n a la pandemia o a momentos duros. No, son canciones con mi b\u00fasqueda de luz, de brillo, de vida. Al tener m\u00e1s tiempo por el confinamiento y menos sociabilidad, salieron canciones. El segundo, \u2018Desatinos Desplumados\u2019, fue un impulso final. Ya ten\u00eda el primer disco, que era mi idea primera, pero ten\u00eda ganas de hacer algo diferente. Quer\u00eda escribir otros textos porque cuando est\u00e1s con un disco, llega un momento en el que est\u00e1s saciado de esas letras. Hasta el \u00faltimo momento corriges un adjetivo, un estribillo, una frase\u2026 O esa guitarra que hice hace un mes hoy no me convence tanto. Por la pandemia, estuve m\u00e1s tiempo de lo normal trabajando. Y llegaban momentos de saturaci\u00f3n. Pens\u00e9: \u2018Estoy d\u00e1ndole demasiadas vueltas al potaje, se va a quemar ya\u2019. [Risas] Hay que com\u00e9rselo ya.<\/p>\n\n\n\n<p>Al final, por limpiar, por airear mi mente, pens\u00e9 en hacer unas canciones nuevas y me propuse el reto de hacerlas en cinco minutos. La gente me dec\u00eda que era dif\u00edcil hacer un disco en un mes. Pero hice \u2018Desatinos Desplumados\u2019. Es un desatino. Lo he hecho muy contento. Me he tirado por otro lado, he cantado de otra manera. Mandan las guitarras espa\u00f1olas junto a mi voz, el texto, que es m\u00e1s po\u00e9tico. Yo siempre tengo una pretensi\u00f3n l\u00edrica, luego el resultado\u2026 hago lo que puedo. Pero en este pens\u00e9 que quer\u00eda buscar cosas rom\u00e1nticas, muy bonitas, palabras en desuso. Ha sido un divertimento para m\u00ed.&nbsp;<\/p>\n\n\n\n<p><strong>Los nombres son muy significativos. \u00bfQu\u00e9 mensaje quiere mandar con ellos?<\/strong><\/p>\n\n\n\n<p>Hay mucho de humor, de alegr\u00eda y de tirarte el rollo. Porque a veces creo que todos nos sentimos un poco marcianos. Despu\u00e9s de tantos siglos de pretendida civilizaci\u00f3n, de una b\u00fasqueda, de etapas oscurantistas y de a\u00f1os de barbarie, en este mundo hiperinformado o desinformado, con mucha noticia perturbadora, falsa, te sientes un poco de otro planeta y t\u00fa solo buscas paz, tranquilidad y trabajar, aunque no mucho. Ser\u00eda interesante repartirlo, que todo el mundo trabajara un poquito, esa utop\u00eda de los a\u00f1os setenta. En la prehistoria, los cazadores recolectores, gastando muy pocas kilocalor\u00edas, com\u00edan. Nosotros gastamos much\u00edsimas m\u00e1s no para comer, sino para tener un m\u00f3vil, un coche, irnos de vacaciones a Benidorm&#8230; Qu\u00e9 l\u00edo estamos montando. Vamos de culo. Ah\u00ed me siento como marciano. Hacemos cosas muy extra\u00f1as. Sobre todo los que pretenden dirigirnos y nos llevan siempre fuera de juego.<\/p>\n\n\n\n<p>Y el nombre del segundo disco es porque me he quedado muy desplumado al ser todo tan deprisa. Hacer una canci\u00f3n es algo dificil\u00edsimo que llega cuando quiere. A veces te pone y no llega. Y luego otro d\u00eda o a las horas, vuelves y parece que llega algo que te gusta. El reto de decir voy a hacerme de jueves a lunes cuatro o cinco temas era dif\u00edcil pero lo he hecho. Hay que componerlas de arriba abajo. Me qued\u00e9 desplumado. Y a la siguiente semana ya estaba grabando. Estaba como delirando. Pero estoy muy contento. A m\u00ed me gusta, me lo he pasado bien, ha sido fresco. El otro me encanta pero ya estaba hecho. &nbsp; &nbsp; &nbsp; &nbsp;<em>\u00abLas canciones son un diario de vida. Son mi asidero, mi bast\u00f3n para andar el camino. La m\u00fasica y el arte en general porque yo tampoco puedo vivir sin pintar\u00bb<\/em><\/p>\n\n\n\n<p><strong>Tiene una larga carrera a sus espaldas. \u00bfCu\u00e1ntas canciones ha compuesto?<\/strong><\/p>\n\n\n\n<p>Paso de las 300. Desde Los R\u00e1pidos, pasando luego por Los Burros y El \u00daltimo de la Fila hasta ahora yo en solitario, que he hecho mi noveno disco. Componiendo o en solitario o con otros, haciendo melod\u00edas, arreglos, melod\u00eda, texto, de una manera u otra, paso esa cifra.&nbsp; &nbsp; &nbsp;<\/p>\n\n\n\n<p><strong>\u00bfCu\u00e1les son las m\u00e1s significativas?<\/strong><\/p>\n\n\n\n<p>Las canciones son un diario de vida. Son como el cuaderno de bit\u00e1cora de ese adolescente que va apuntando reflexiones, vivencias, angustias, alegr\u00edas&#8230; Son mi asidero, mi bast\u00f3n para andar el camino. La m\u00fasica y el arte en general porque yo no puedo vivir sin pintar. Mi madre me compr\u00f3 un caballete, cuatro tubitos de pintura y pincelitos cuando ten\u00eda 13 o 14 a\u00f1os. Ha sido imprescindible. Debo tener bastantes m\u00e1s de 1.000 cuadros y dibujos. Es para buscarle sentido a la vida y salir un poco de lo prosaico. Los que hacemos canciones, intentamos aportar un poco de luz a los dem\u00e1s, tocarles una fibra. Esto es un viaje. El arte es una herramienta para mejorar. En cuanto a mis canciones, son muchas. \u2018San Fernando\u2019, \u2018Reguero de mentiras\u2019, \u2018Azulea\u2019, \u2018A quien tanto he querido\u2019&#8230;. canciones de ahora y otras m\u00e1s antiguas. Si las pongo en los discos es porque tienen una magia para m\u00ed. Intento no meter casta\u00f1as. Nunca me he movido por ser un oficial en mi oficio, me he movido por un instinto hacia la emoci\u00f3n. En esa ingenuidad he sido a veces un poco naif y tambi\u00e9n pintando puedo ser inocente pero le pongo toda mi alegr\u00eda y alguna te llega igual. A d\u00eda de hoy, me sigue entusiasmando cantar \u2018P\u00e1jaros de barro\u2019 o, de El \u00daltimo de la Fila, \u2018Llanto de pasi\u00f3n\u2019. Escrib\u00ed el texto hace muchos a\u00f1os pero es emocionante. Es una canci\u00f3n de adolescente. Para m\u00ed son limpias y bonitas y las sumo a las de otros artistas nacionales e internacionales que me gustan y son mi maletita de m\u00fasica que me llevo de viaje.&nbsp;<em>\u00abYo no le pido lujos a la vida. Quiero un botijo, una guitarra, unos pocos buenos amigos y que perdure la amistad\u00bb<\/em><\/p>\n\n\n\n<p><strong>\u00bfC\u00f3mo ha cambiado el Manolo Garc\u00eda que empez\u00f3 con Los R\u00e1pidos?<\/strong><\/p>\n\n\n\n<p>En lo esencial, no ha cambiado mucho. Lo que llevo dentro es el cari\u00f1o a lo natural, a lo b\u00e1sico. Yo nac\u00ed en un barrio humilde muy cerca del mar. Mis recuerdos de ni\u00f1o son los ba\u00f1os en la playa y los veranos en la Sierra de Albacete. La infancia es tu patria. Para m\u00ed es el desdoblamiento entre la playa y el pueblo, con una vida m\u00e1s salvaje. Yo soy ese. Recuerdo que la m\u00fasica me despertaba all\u00ed. Por eso en mis discos meto un la\u00fad, la guitarra espa\u00f1ola&#8230;&nbsp;que era lo que me despertaba en las siestas en Albacete. Es lo que me hac\u00eda emocionarme. &nbsp;<\/p>\n\n\n\n<p><strong>\u00bfPr\u00f3ximos retos?<\/strong><\/p>\n\n\n\n<p>Seguir ba\u00f1\u00e1ndome en el mar, cantar, hacer canciones, pasear, pintar. Yo no le pido lujos a la vida. Quiero un botijo, una guitarra, unos pocos buenos amigos y que perdure la amistad. Eso le pido a la vida.<\/p>\n\n\n\n<p>Fuente: Las Noticias de Cuenca &#8211; Dolo Cambronero &#8211; ENLACE <\/p>\n\n\n\n<p><a rel=\"noreferrer noopener\" href=\"https:\/\/twitter.com\/share?url=https%3A%2F%2Fwww.lasnoticiasdecuenca.es%2Fentrevistas%2Finfancia-patria-mis-discos-meto-musica-despertaba-cuando-era-nino-63315%3Ffbclid%3DIwAR242FUjK6aCm0LvVY_TecewgYoJzYS5ZZeRiyMSV_nfOfHvzDFRbltE0k4&amp;text=%E2%80%9CLa%20infancia%20es%20la%20patria.%20En%20mis%20discos%20meto%20m%C3%BAsica%20que%20me%20despertaba%20cuando%20era%20ni%C3%B1o%22\" target=\"_blank\"><\/a><\/p>\n","protected":false},"excerpt":{"rendered":"<p>El compositor y m\u00fasico Manolo Garc\u00eda recala este viernes 26 de agosto en La Fuensanta dentro de su gira de presentaci\u00f3n de sus dos \u00faltimos discos en solitario Se declara enemigo ac\u00e9rrimo de la vida acelerada que generan las nuevas tecnolog\u00edas. \u201cMi m\u00f3vil cuesta 29 euros. Me dicen que me abra perfiles en redes. Vamos,<a class=\"moretag\" href=\"https:\/\/www.manologarciaycia.com\/?p=23040\" title=\"\u201cLa infancia es la patria. En mis discos meto m\u00fasica que me despertaba cuando era ni\u00f1o\u00bb\" target=\"_self\" rel=\"follow\"> <font face=arial size=2>[Leer m\u00e1s]<\/font> <\/a><\/p>\n","protected":false},"author":2,"featured_media":0,"comment_status":"closed","ping_status":"closed","sticky":false,"template":"","format":"standard","meta":{"footnotes":""},"categories":[1],"tags":[],"class_list":["post-23040","post","type-post","status-publish","format-standard","hentry","category-manolo-garcia"],"_links":{"self":[{"href":"https:\/\/www.manologarciaycia.com\/index.php?rest_route=\/wp\/v2\/posts\/23040","targetHints":{"allow":["GET"]}}],"collection":[{"href":"https:\/\/www.manologarciaycia.com\/index.php?rest_route=\/wp\/v2\/posts"}],"about":[{"href":"https:\/\/www.manologarciaycia.com\/index.php?rest_route=\/wp\/v2\/types\/post"}],"author":[{"embeddable":true,"href":"https:\/\/www.manologarciaycia.com\/index.php?rest_route=\/wp\/v2\/users\/2"}],"replies":[{"embeddable":true,"href":"https:\/\/www.manologarciaycia.com\/index.php?rest_route=%2Fwp%2Fv2%2Fcomments&post=23040"}],"version-history":[{"count":1,"href":"https:\/\/www.manologarciaycia.com\/index.php?rest_route=\/wp\/v2\/posts\/23040\/revisions"}],"predecessor-version":[{"id":23041,"href":"https:\/\/www.manologarciaycia.com\/index.php?rest_route=\/wp\/v2\/posts\/23040\/revisions\/23041"}],"wp:attachment":[{"href":"https:\/\/www.manologarciaycia.com\/index.php?rest_route=%2Fwp%2Fv2%2Fmedia&parent=23040"}],"wp:term":[{"taxonomy":"category","embeddable":true,"href":"https:\/\/www.manologarciaycia.com\/index.php?rest_route=%2Fwp%2Fv2%2Fcategories&post=23040"},{"taxonomy":"post_tag","embeddable":true,"href":"https:\/\/www.manologarciaycia.com\/index.php?rest_route=%2Fwp%2Fv2%2Ftags&post=23040"}],"curies":[{"name":"wp","href":"https:\/\/api.w.org\/{rel}","templated":true}]}}