{"id":23037,"date":"2022-08-28T08:58:13","date_gmt":"2022-08-28T06:58:13","guid":{"rendered":"https:\/\/www.manologarciaycia.com\/?p=23037"},"modified":"2022-08-28T08:58:17","modified_gmt":"2022-08-28T06:58:17","slug":"en-mis-canciones-siempre-hay-una-busqueda-de-esperanza","status":"publish","type":"post","link":"https:\/\/www.manologarciaycia.com\/?p=23037","title":{"rendered":"\u00abEn mis canciones siempre hay una b\u00fasqueda de esperanza\u00bb"},"content":{"rendered":"\n<p>El m\u00fasico ofrece un concierto esta noche en La Fuensanta en el que presentar\u00e1 los temas de &#8216;Mi vida en Marte&#8217; y &#8216;Desatinos desplumados&#8217; adem\u00e1s de repasar sus canciones m\u00e1s conocidas<\/p>\n\n\n\n<p>El m\u00fasico Manolo Garc\u00eda ( El Poblenou, Barcelona, 1955) es un trovador del alma que exprime al m\u00e1ximo las peque\u00f1as cosas y se esfuerza a diario para mostrar la cara amable de la vida. As\u00ed lo hace a trav\u00e9s de una entrevista telef\u00f3nica con&nbsp;<em>La Tribuna,&nbsp;<\/em>en la que de manera cordial se abre en canal para hablar de sue\u00f1os, amor, sentimientos, naturaleza, arte o m\u00fasica. Lleva cuatro d\u00e9cadas compartiendo con el p\u00fablico sus creaciones, canciones &nbsp;que ofrecen esperanza. Este viernes llega a Cuenca (Estadio de La Fuensanta, 22,00 horas), dentro de la<em>&nbsp;Gira 22<\/em>, en la que adem\u00e1s de presentar&nbsp;<em>Mi vida en Marte&nbsp;<\/em>y<em>&nbsp;Desatinos desplumados,<\/em>&nbsp;sus dos recientes trabajos, animar\u00e1 al p\u00fablico a cantar juntos esas canciones de siempre. Son&nbsp;<em>las otras<\/em>, esas canciones que ponen a flor de piel la emoci\u00f3n de vivir y que demuestran a Manolo Garc\u00eda en cada escenario que pisa que lo bueno que se da luego se recibe. Tal vez la explicaci\u00f3n est\u00e9 en que el ni\u00f1o que quer\u00eda ser m\u00fasico no ha perdido un \u00e1pice de ilusi\u00f3n y cada d\u00eda que pasa ama m\u00e1s la vida. &nbsp;<\/p>\n\n\n\n<p><strong>\u00bfC\u00f3mo se vive en Marte?<\/strong><\/p>\n\n\n\n<p>Marte puede ser un rinc\u00f3n en cualquier parte de tu propio planeta para sobrellevar esto. Porque en la era de la informaci\u00f3n, de la sobreinformaci\u00f3n, necesitas un hueco donde descansar y hacerte tu propio Marte, amainar las tormentas, buscar agua, regar el jard\u00edn, cuidar el bancal, seguir haciendo habitable tu interior porque&#8230; los terr\u00edcolas atacan mucho. Necesito canciones, libros, pel\u00edculas decentes, teatro, danza, darme un ba\u00f1o si estoy cerca del mar, que me d\u00e9 la brisa, escuchar el viento, silbar entre las ramas de los pinos. Ese es mi Marte.<\/p>\n\n\n\n<p><strong>Ahora sales de ese planeta, te metes en la vor\u00e1gine de una gira y aterrizas en Cuenca. \u00bfQu\u00e9 vas a ofrecer al p\u00fablico?<\/strong><\/p>\n\n\n\n<p>Voy a intentar ofrecer lo que me da Cuenca cuando voy. He levitado &nbsp;varias veces en la Fundaci\u00f3n Antonio P\u00e9rez y he levitado en ese entorno o cuando he paseado por la ciudad. Lo que me da la vida es lo que intento ofrecer, la emoci\u00f3n de vivir. Voy a ofrecer a la gente que acuda al concierto lo mismo que me ha dado a m\u00ed la ciudad y la provincia cuando he ido. La gente acude a los conciertos con ganas de cari\u00f1o, y voy con ganas de cari\u00f1o, de cantar, de una sonrisa&#8230; y m\u00e1s ahora despu\u00e9s de salir de esta barbaridad de los confinamientos a causa de la pandemia.<\/p>\n\n\n\n<p><strong>Es algo que se necesitaba tras las restricciones, las mascarillas&#8230;<\/strong><\/p>\n\n\n\n<p>La gente m\u00e1s que nunca quiere sonre\u00edr y mostrarle la cara amable a la vida. Es lo que he hecho siempre. Siempre ha intentado buscar lo vital de la vida, en una canci\u00f3n, en un concierto. No quiero que suene grandilocuente. Y en Cuenca busco lo mismo que en cada ciudad, ese abrazo, esa efusividad, esa cosa bonita de compartir canciones un rato y olvidarnos de que la vida es finita, de que estamos contaminando el planeta. A m\u00ed, a veces esa ideas me dan tristeza. En mis cuadros siempre hay colores vivos y en mis canciones siempre hay una b\u00fasqueda de esperanza. En este caso la gente de Cuenca me va a ayudar a vivir, como la semana pasada la gente de Palma de Mallorca, y yo a cambio tambi\u00e9n les ayudo.<\/p>\n\n\n\n<p><strong>Es lo que escribi\u00f3 Paul McCartney, aquello de \u00abel amor que recibes es igual al amor que das\u00bb&#8230;<\/strong><\/p>\n\n\n\n<p>Totalmente. Es as\u00ed y no hay otra forma de estar en el mundo. No s\u00e9 si la gente que hace da\u00f1o a sabiendas es insensible al dolor ajeno, pero la gente que da algo bueno s\u00ed que es sensible y lo bueno le vuelve.<\/p>\n\n\n\n<p><strong>Desde ni\u00f1o ten\u00edas muy claro que quer\u00edas ser m\u00fasico, no?<\/strong><\/p>\n\n\n\n<p>S\u00ed, clar\u00edsimo. Empec\u00e9 como m\u00fasico de orquesta y s\u00f3lo con tocar canciones de otros que hac\u00edan bailar era feliz.Ve\u00eda una rato de felicidad en la gente. Porque la vida es dura para todos, hay que madrugar, hay que levantar tropecientas cosas. Desde que era jovencito y me gustaba trasladar esa idea a los dem\u00e1s.Al acabar la mili ya pens\u00e9 que estaba bien de copiar canciones de otros y necesitaba escribir mi m\u00fasica, y as\u00ed lo hice.<\/p>\n\n\n\n<p><strong>Pues van cuatro d\u00e9cadas y centenares de canciones. No te ha ido mal&#8230;<\/strong><\/p>\n\n\n\n<p>Desde que empec\u00e9 hice muchas, algunas en comandita con otros compa\u00f1eros, en Los R\u00e1pidos, Los Burros, El \u00daltimo de la fila o en solitario. Estoy en trescientas y pico canciones.<\/p>\n\n\n\n<p><strong>Mi vida en Marte y Desatinos desplumados son un derroche creativo. \u00bfEs una consecuencia de la dichosa pandemia?<\/strong><\/p>\n\n\n\n<p>Es una consecuencia de que cada vez amas m\u00e1s la vida, conforme van pasando los a\u00f1os y vas soltando lastre. Tienes m\u00e1s tiempo para la emoci\u00f3n m\u00e1s pura, hasta apuntas en la direcci\u00f3n m\u00e1s correcta. El amor a la vida, el despertar cada ma\u00f1ana que es inherente a uno. La otra ma\u00f1ana amanec\u00ed en Palma y en una playita me d\u00ed un simple ba\u00f1o. Estuve una hora&#8230; \u00a1Un ba\u00f1o! Y si no es el mar, estamos en Cuenca y es la monta\u00f1a, un r\u00edo o un paisaje que es patrimonio de toda la humanidad. Con el tiempo me he ido quedando con esas peque\u00f1as cosas.<\/p>\n\n\n\n<p><strong>\u00bfEso es lo que hace seguir en primera l\u00ednea a veteranos m\u00fasicos?<\/strong><\/p>\n\n\n\n<p>\u00bfPor qu\u00e9 siguen los Rolling Stones, Paul McCartney, Bruce Springsteen&#8230;? La gente comenta eso de &#8216;no tendr\u00e1 bastante dinero ese hombre&#8230; si no le hace falta&#8217;. Pues lo que le hace falta es seguir sintiendo la emoci\u00f3n de la vida. Que tenga m\u00e1s o menos dinero es cosa suya, nos importa un pepino.&nbsp;<\/p>\n\n\n\n<p><strong>\u00bfCuando empezaste tu carrera pensabas en el dinero o en la fama?<\/strong><\/p>\n\n\n\n<p>Jam\u00e1s. Eso no exist\u00eda, al contrario. El m\u00fasico era un peludo, drogata&#8230; Hasta la familia se pon\u00eda en contra. En mi \u00e9poca era ser el garbanzo negro.&nbsp;<\/p>\n\n\n\n<p><strong>\u00bfC\u00f3mo es tu relaci\u00f3n con esas canciones que todo el mundo conoce, las que te piden en los conciertos y nunca faltan. Y no me refiero s\u00f3lo a<em>&nbsp;Insurreci\u00f3n<\/em>.<\/strong><\/p>\n\n\n\n<p>Para m\u00ed, lo importante es cantar. Y te voy a contar una an\u00e9cdota que no he contado nunca. Har\u00e1 tres giras o por ah\u00ed sufr\u00ed una apendicitis galopante y me operaron de urgencia. Al salir de la anestesia le pregunt\u00e9 a la enfermera si hab\u00eda dicho muchas tonter\u00edas al despertarme. Y ella me dijo: &#8216;Has dicho exactamente, qu\u00e9 bien, podr\u00e9 volver a cantar&#8217;. Es la importancia de cantar, de la vida, de avanzar y de alejarnos de lo negro porque todos los d\u00edas nos est\u00e1n machacando. Quiero cantar esas canciones como&nbsp;<em>Insurrecci\u00f3n, P\u00e1jaros de Barro<\/em>&#8230; Me encantan y me encanta que las cante el p\u00fablico. No me cansar\u00e9 jam\u00e1s porque me permiten cantar a la vida. Tengo mis peque\u00f1os trucos, ya de veterano, de artesano, y es que puedo cantar un mill\u00f3n de veces esas canciones, pero siempre hay un trocito de melod\u00eda que cambio, una palabra que muevo, una cuerda de la guitarra que suena de otra manera.<\/p>\n\n\n\n<p><strong>Otra vez, esas peque\u00f1as cosas&#8230;<\/strong><\/p>\n\n\n\n<p>Exactamente. Siempre busc\u00e1ndonos la vida y buscando la vida, porque la hay en todo. Si apagamos las cuerdas la negaci\u00f3n nos arrastra a una sensaci\u00f3n un poco gris. La afirmaci\u00f3n y el &#8216;s\u00ed, s\u00ed, vamos a hacerlo&#8217; es mucho m\u00e1s bonito. Volviendo a esas canciones me gusta que la gente las cante porque voy a caballo ganador. Las cantan y est\u00e1n contentos.Quiero que la gente est\u00e9 contenta porque de la gente contenta se sacan cosas buenas. De la gente quemada, amargada, lo que se puede sacar es una coz.<\/p>\n\n\n\n<p><strong>\u00bfC\u00f3mo haces compatible la intimidad que se necesita para crear con el frenes\u00ed de las giras?<\/strong><\/p>\n\n\n\n<p>En alguna ocasi\u00f3n he tenido alguna sobredosis de energ\u00eda y en mitad de una gira, en alg\u00fan d\u00eda libre, he seguido componiendo porque me apetec\u00eda. Generalmente no es as\u00ed. De estos dos \u00faltimos discos, sobre todo de&nbsp;<em>Mi vida en Marte,<\/em>&nbsp;hay cinco o seis canciones, de las catorce, que ya estaban hechas de la gira anterior, en los d\u00edas libres. Pero cuando acaban las giras vuelvo a mi vida normal, en mi ciudad. Busco libros que me han recomendado en librer\u00edas, busco esa parada para tomar un caf\u00e9, ese bar en el que el camarero o la camarera son amigos de hace veinte a\u00f1os o el domingo vuelves a ir a un museo porque hay una exposici\u00f3n. Poco tiempo despu\u00e9s notas c\u00f3mo la capa fre\u00e1tica, el pozo, vuelve a tener agua limpia. Echas el cubo y vuelve a salir agua clara. Si lo agotas o intentas sacar el agua a destiempo s\u00f3lo sacas barro. A m\u00ed las ganas no me faltan nunca. Intuyo que nunca me van a faltar y cuando leo a Gil de Biedma pienso: &#8216;Qu\u00e9 l\u00e1stima, \u00bfpor qu\u00e9 no sigui\u00f3?&#8217;. Un d\u00eda decidi\u00f3 que ya no seguir\u00eda escribiendo poes\u00eda. Me gustan los poetas que han escrito hasta el final, los pintores que han pintado hasta el final o los m\u00fasicos que han hecho m\u00fasica como han podido, tal vez sin tanto concierto, pero discos hasta el final. Me encanta la gente que ha tenido esa vitalidad hasta el \u00faltimo aliento. Yo quiero ser de esos. La vida normal no es aislarse, no es estar todo el d\u00eda pintando ni estar todo el d\u00eda en el estudio. Soy bastante callejero y en la normalidad vienen las canciones, vienen los cuadros.<\/p>\n\n\n\n<p><strong>\u00bfHablando de cuadros y de tu afici\u00f3n a la pintura, si estuvieras delante de un lienzo qu\u00e9 te inspira a pintar esta gira?<\/strong><\/p>\n\n\n\n<p>Pues estoy pintando y de hecho estoy delante de un lienzo. Paso horas delante de las telas, con mis pinturas. Tengo un mundo propio, bastante on\u00edrico, sue\u00f1o con los ojos abiertos. Mis telas son bastante surrealistas. Ahora mezclo abstracci\u00f3n, configurativo y surrealismo. Es una triada extra\u00f1a, a mi manera, y me lo paso muy bien, la verdad. Es una manera de alejarme de una realidad que no me complace. Me alejo, un rato, luego vuelvo y, como todos, sacamos pecho.Ahora estoy trabajando con colores muy c\u00e1lidos, con rosas. Me gusta el verde, el verde un poquito apagado, y de repente tambi\u00e9n trabajo con amarillo oscuro. En cuanto a &nbsp;la gama de colores soy muy de Van Gogh, de Gauguin. Es una propuesta de libertad total.<\/p>\n\n\n\n<p><strong>Al fin y al cabo eso es lo que buscas: libertad. \u00bfEs as\u00ed?<\/strong><\/p>\n\n\n\n<p>S\u00ed. Es lo que busco en las telas, en los discos cuando compongo y lo que buscar\u00e9 en Cuenca en el concierto.Ser libre y que no que me hagan bailar bajo el son de un baile que no me gusta nada.<\/p>\n\n\n\n<p><strong>Y el p\u00fablico de tus conciertos creo que lo sabe&#8230;<\/strong><\/p>\n\n\n\n<p>A todos se nos ve el plumero (risas).\u00a0<\/p>\n\n\n\n<p>Fuente: La Tribuna de Cuenca &#8211; Jos\u00e9 Luis Enriquez &#8211; <a href=\"https:\/\/www.latribunadecuenca.es\/Noticia\/Z56EF097C-AD6B-4929-8378FA00BF2498D0\/202208\/En-mis-canciones-siempre-hay-una-busqueda-de-esperanza\" target=\"_blank\" rel=\"noreferrer noopener\">ENLACE<\/a><\/p>\n","protected":false},"excerpt":{"rendered":"<p>El m\u00fasico ofrece un concierto esta noche en La Fuensanta en el que presentar\u00e1 los temas de &#8216;Mi vida en Marte&#8217; y &#8216;Desatinos desplumados&#8217; adem\u00e1s de repasar sus canciones m\u00e1s conocidas El m\u00fasico Manolo Garc\u00eda ( El Poblenou, Barcelona, 1955) es un trovador del alma que exprime al m\u00e1ximo las peque\u00f1as cosas y se esfuerza<a class=\"moretag\" href=\"https:\/\/www.manologarciaycia.com\/?p=23037\" title=\"\u00abEn mis canciones siempre hay una b\u00fasqueda de esperanza\u00bb\" target=\"_self\" rel=\"follow\"> <font face=arial size=2>[Leer m\u00e1s]<\/font> <\/a><\/p>\n","protected":false},"author":2,"featured_media":23038,"comment_status":"closed","ping_status":"closed","sticky":false,"template":"","format":"standard","meta":{"footnotes":""},"categories":[1],"tags":[],"class_list":["post-23037","post","type-post","status-publish","format-standard","has-post-thumbnail","hentry","category-manolo-garcia"],"_links":{"self":[{"href":"https:\/\/www.manologarciaycia.com\/index.php?rest_route=\/wp\/v2\/posts\/23037","targetHints":{"allow":["GET"]}}],"collection":[{"href":"https:\/\/www.manologarciaycia.com\/index.php?rest_route=\/wp\/v2\/posts"}],"about":[{"href":"https:\/\/www.manologarciaycia.com\/index.php?rest_route=\/wp\/v2\/types\/post"}],"author":[{"embeddable":true,"href":"https:\/\/www.manologarciaycia.com\/index.php?rest_route=\/wp\/v2\/users\/2"}],"replies":[{"embeddable":true,"href":"https:\/\/www.manologarciaycia.com\/index.php?rest_route=%2Fwp%2Fv2%2Fcomments&post=23037"}],"version-history":[{"count":1,"href":"https:\/\/www.manologarciaycia.com\/index.php?rest_route=\/wp\/v2\/posts\/23037\/revisions"}],"predecessor-version":[{"id":23039,"href":"https:\/\/www.manologarciaycia.com\/index.php?rest_route=\/wp\/v2\/posts\/23037\/revisions\/23039"}],"wp:featuredmedia":[{"embeddable":true,"href":"https:\/\/www.manologarciaycia.com\/index.php?rest_route=\/wp\/v2\/media\/23038"}],"wp:attachment":[{"href":"https:\/\/www.manologarciaycia.com\/index.php?rest_route=%2Fwp%2Fv2%2Fmedia&parent=23037"}],"wp:term":[{"taxonomy":"category","embeddable":true,"href":"https:\/\/www.manologarciaycia.com\/index.php?rest_route=%2Fwp%2Fv2%2Fcategories&post=23037"},{"taxonomy":"post_tag","embeddable":true,"href":"https:\/\/www.manologarciaycia.com\/index.php?rest_route=%2Fwp%2Fv2%2Ftags&post=23037"}],"curies":[{"name":"wp","href":"https:\/\/api.w.org\/{rel}","templated":true}]}}