{"id":23034,"date":"2022-08-25T11:08:34","date_gmt":"2022-08-25T09:08:34","guid":{"rendered":"https:\/\/www.manologarciaycia.com\/?p=23034"},"modified":"2022-08-25T11:10:57","modified_gmt":"2022-08-25T09:10:57","slug":"manolo-garcia-llevo-la-sierra-del-segura-en-el-corazon-con-recuerdos-y-vivencias-para-siempre","status":"publish","type":"post","link":"https:\/\/www.manologarciaycia.com\/?p=23034","title":{"rendered":"Manolo Garc\u00eda: \u00abLlevo la Sierra del Segura en el coraz\u00f3n, con recuerdos y vivencias para siempre\u00bb"},"content":{"rendered":"\n<p>Manolo Garc\u00eda contin\u00faa con su exitosa Gira 2022 en la que vuelve a los escenarios despu\u00e9s de su exitosa gira \u201cGeometr\u00eda del Rayo\u201d de los a\u00f1os 2018 y 2019. El polifac\u00e9tico artista se encuentra inmerso en la presentaci\u00f3n de su \u00faltimo trabajo de estudio que est\u00e1 compuesto por un doble \u00e1lbum y que incluye los t\u00edtulos Mi Vida en Marte y Desatinos Desplumados, pulverizando todos los records llegando al N\u00famero 1 y N\u00famero 2 en las listas oficiales de venta, respectivamente.<br><br>El esperado tour recalar\u00e1 en la Plaza de Toros, en el marco del 66\u00ba Festival de Albacete, el pr\u00f3ximo s\u00e1bado, 27 de agosto, desde las 22.00h, presentando en directo \u2018Mi Vida En Marte\u2019 y \u2018Desatinos Desplumados\u2019, sus octavo y noveno discos de estudio.<br><br><\/p>\n","protected":false},"excerpt":{"rendered":"<p>Manolo Garc\u00eda contin\u00faa con su exitosa Gira 2022 en la que vuelve a los escenarios despu\u00e9s de su exitosa gira \u201cGeometr\u00eda del Rayo\u201d de los a\u00f1os 2018 y 2019. El polifac\u00e9tico artista se encuentra inmerso en la presentaci\u00f3n de su \u00faltimo trabajo de estudio que est\u00e1 compuesto por un doble \u00e1lbum y que incluye los<a class=\"moretag\" href=\"https:\/\/www.manologarciaycia.com\/?p=23034\" title=\"Manolo Garc\u00eda: \u00abLlevo la Sierra del Segura en el coraz\u00f3n, con recuerdos y vivencias para siempre\u00bb\" target=\"_self\" rel=\"follow\"> <font face=arial size=2>[Leer m\u00e1s]<\/font> <\/a><\/p>\n","protected":false},"author":2,"featured_media":0,"comment_status":"closed","ping_status":"closed","sticky":false,"template":"","format":"audio","meta":{"footnotes":""},"categories":[1],"tags":[],"class_list":["post-23034","post","type-post","status-publish","format-audio","hentry","category-manolo-garcia","post_format-post-format-audio"],"_links":{"self":[{"href":"https:\/\/www.manologarciaycia.com\/index.php?rest_route=\/wp\/v2\/posts\/23034","targetHints":{"allow":["GET"]}}],"collection":[{"href":"https:\/\/www.manologarciaycia.com\/index.php?rest_route=\/wp\/v2\/posts"}],"about":[{"href":"https:\/\/www.manologarciaycia.com\/index.php?rest_route=\/wp\/v2\/types\/post"}],"author":[{"embeddable":true,"href":"https:\/\/www.manologarciaycia.com\/index.php?rest_route=\/wp\/v2\/users\/2"}],"replies":[{"embeddable":true,"href":"https:\/\/www.manologarciaycia.com\/index.php?rest_route=%2Fwp%2Fv2%2Fcomments&post=23034"}],"version-history":[{"count":1,"href":"https:\/\/www.manologarciaycia.com\/index.php?rest_route=\/wp\/v2\/posts\/23034\/revisions"}],"predecessor-version":[{"id":23036,"href":"https:\/\/www.manologarciaycia.com\/index.php?rest_route=\/wp\/v2\/posts\/23034\/revisions\/23036"}],"wp:attachment":[{"href":"https:\/\/www.manologarciaycia.com\/index.php?rest_route=%2Fwp%2Fv2%2Fmedia&parent=23034"}],"wp:term":[{"taxonomy":"category","embeddable":true,"href":"https:\/\/www.manologarciaycia.com\/index.php?rest_route=%2Fwp%2Fv2%2Fcategories&post=23034"},{"taxonomy":"post_tag","embeddable":true,"href":"https:\/\/www.manologarciaycia.com\/index.php?rest_route=%2Fwp%2Fv2%2Ftags&post=23034"}],"curies":[{"name":"wp","href":"https:\/\/api.w.org\/{rel}","templated":true}]}}