{"id":23031,"date":"2022-08-24T16:16:39","date_gmt":"2022-08-24T14:16:39","guid":{"rendered":"https:\/\/www.manologarciaycia.com\/?p=23031"},"modified":"2022-08-24T16:16:46","modified_gmt":"2022-08-24T14:16:46","slug":"nota-personal-de-manolo-garcia-tras-la-triste-perdida-de-eric-de-witt","status":"publish","type":"post","link":"https:\/\/www.manologarciaycia.com\/?p=23031","title":{"rendered":"Nota personal de Manolo Garc\u00eda, tras la triste p\u00e9rdida de Eric de Witt"},"content":{"rendered":"\n<p>\u00abLa p\u00e9rdida de Eric de Witt es algo terrible. Que ya no est\u00e9 con nosotros deja un vac\u00edo inconmensurable en el mundo de los m\u00fasicos. No le vamos a olvidar nunca.<\/p>\n\n\n\n<p>Eric me acompa\u00f1\u00f3 en diferentes discos y su guitarra ha dejado en ellos una impronta de magia que \u00e9l, como nadie, aportaba a las canciones. Ha sido un ser humano y un m\u00fasico de primera, digno de libro. Desde que lleg\u00f3 a Espa\u00f1a trabaj\u00f3 con los mejores; Antonio Flores, Rosario y Alejandro Sanz, entre otros. Yo tuve el honor de contar con su buen hacer durante a\u00f1os de discos y giras.<\/p>\n\n\n\n<p>Su guitarra siempre emocionaba, no solo al p\u00fablico, sino tambi\u00e9n a todos sus compa\u00f1eros de escenario.<\/p>\n\n\n\n<p>A sus padres, un inmenso abrazo y decirles que he estado con \u00e9l en primera l\u00ednea durante muchos a\u00f1os, que disfrut\u00f3 y nos hizo disfrutar. Ese es el legado que nos deja.<\/p>\n\n\n\n<p>A su gente en Holanda, que sepan que en Espa\u00f1a no le vamos a olvidar nunca.<\/p>\n\n\n\n<p>Manolo Garc\u00eda.\u00bb<\/p>\n\n\n\n<p>#ManoloGarc\u00eda #EricdeWitt #DEP<\/p>\n","protected":false},"excerpt":{"rendered":"<p>\u00abLa p\u00e9rdida de Eric de Witt es algo terrible. Que ya no est\u00e9 con nosotros deja un vac\u00edo inconmensurable en el mundo de los m\u00fasicos. No le vamos a olvidar nunca. Eric me acompa\u00f1\u00f3 en diferentes discos y su guitarra ha dejado en ellos una impronta de magia que \u00e9l, como nadie, aportaba a las<a class=\"moretag\" href=\"https:\/\/www.manologarciaycia.com\/?p=23031\" title=\"Nota personal de Manolo Garc\u00eda, tras la triste p\u00e9rdida de Eric de Witt\" target=\"_self\" rel=\"follow\"> <font face=arial size=2>[Leer m\u00e1s]<\/font> <\/a><\/p>\n","protected":false},"author":2,"featured_media":23032,"comment_status":"closed","ping_status":"closed","sticky":false,"template":"","format":"standard","meta":{"footnotes":""},"categories":[1],"tags":[],"class_list":["post-23031","post","type-post","status-publish","format-standard","has-post-thumbnail","hentry","category-manolo-garcia"],"_links":{"self":[{"href":"https:\/\/www.manologarciaycia.com\/index.php?rest_route=\/wp\/v2\/posts\/23031","targetHints":{"allow":["GET"]}}],"collection":[{"href":"https:\/\/www.manologarciaycia.com\/index.php?rest_route=\/wp\/v2\/posts"}],"about":[{"href":"https:\/\/www.manologarciaycia.com\/index.php?rest_route=\/wp\/v2\/types\/post"}],"author":[{"embeddable":true,"href":"https:\/\/www.manologarciaycia.com\/index.php?rest_route=\/wp\/v2\/users\/2"}],"replies":[{"embeddable":true,"href":"https:\/\/www.manologarciaycia.com\/index.php?rest_route=%2Fwp%2Fv2%2Fcomments&post=23031"}],"version-history":[{"count":1,"href":"https:\/\/www.manologarciaycia.com\/index.php?rest_route=\/wp\/v2\/posts\/23031\/revisions"}],"predecessor-version":[{"id":23033,"href":"https:\/\/www.manologarciaycia.com\/index.php?rest_route=\/wp\/v2\/posts\/23031\/revisions\/23033"}],"wp:featuredmedia":[{"embeddable":true,"href":"https:\/\/www.manologarciaycia.com\/index.php?rest_route=\/wp\/v2\/media\/23032"}],"wp:attachment":[{"href":"https:\/\/www.manologarciaycia.com\/index.php?rest_route=%2Fwp%2Fv2%2Fmedia&parent=23031"}],"wp:term":[{"taxonomy":"category","embeddable":true,"href":"https:\/\/www.manologarciaycia.com\/index.php?rest_route=%2Fwp%2Fv2%2Fcategories&post=23031"},{"taxonomy":"post_tag","embeddable":true,"href":"https:\/\/www.manologarciaycia.com\/index.php?rest_route=%2Fwp%2Fv2%2Ftags&post=23031"}],"curies":[{"name":"wp","href":"https:\/\/api.w.org\/{rel}","templated":true}]}}