{"id":23028,"date":"2022-08-23T19:56:23","date_gmt":"2022-08-23T17:56:23","guid":{"rendered":"https:\/\/www.manologarciaycia.com\/?p=23028"},"modified":"2022-08-23T19:59:01","modified_gmt":"2022-08-23T17:59:01","slug":"manolo-garcia-es-mas-facil-perderme-por-la-sierra-de-albacete-que-en-las-piramides-de-egipto","status":"publish","type":"post","link":"https:\/\/www.manologarciaycia.com\/?p=23028","title":{"rendered":"Manolo Garc\u00eda: \u00abes m\u00e1s f\u00e1cil perderme por la sierra de Albacete que en las pir\u00e1mides de Egipto\u00bb"},"content":{"rendered":"\n<p>El cantante de origen fere\u00f1o llega el s\u00e1bado a la plaza de toros de Albacete con su gira 2022<\/p>\n\n\n\n<p>Entrevista en La Cope &#8211; <a href=\"https:\/\/www.cope.es\/emisoras\/castilla-la-mancha\/albacete-provincia\/albacete\/audios\/manolo-garcia-mas-facil-perderme-por-sierra-albacete-que-las-piramides-egipto-20220823_2034515\" target=\"_blank\" rel=\"noreferrer noopener\">ENLACE<\/a><\/p>\n","protected":false},"excerpt":{"rendered":"<p>El cantante de origen fere\u00f1o llega el s\u00e1bado a la plaza de toros de Albacete con su gira 2022 Entrevista en La Cope &#8211; ENLACE<a class=\"moretag\" href=\"https:\/\/www.manologarciaycia.com\/?p=23028\" title=\"Manolo Garc\u00eda: \u00abes m\u00e1s f\u00e1cil perderme por la sierra de Albacete que en las pir\u00e1mides de Egipto\u00bb\" target=\"_self\" rel=\"follow\"> <font face=arial size=2>[Leer m\u00e1s]<\/font> <\/a><\/p>\n","protected":false},"author":2,"featured_media":0,"comment_status":"closed","ping_status":"closed","sticky":false,"template":"","format":"audio","meta":{"footnotes":""},"categories":[1],"tags":[],"class_list":["post-23028","post","type-post","status-publish","format-audio","hentry","category-manolo-garcia","post_format-post-format-audio"],"_links":{"self":[{"href":"https:\/\/www.manologarciaycia.com\/index.php?rest_route=\/wp\/v2\/posts\/23028","targetHints":{"allow":["GET"]}}],"collection":[{"href":"https:\/\/www.manologarciaycia.com\/index.php?rest_route=\/wp\/v2\/posts"}],"about":[{"href":"https:\/\/www.manologarciaycia.com\/index.php?rest_route=\/wp\/v2\/types\/post"}],"author":[{"embeddable":true,"href":"https:\/\/www.manologarciaycia.com\/index.php?rest_route=\/wp\/v2\/users\/2"}],"replies":[{"embeddable":true,"href":"https:\/\/www.manologarciaycia.com\/index.php?rest_route=%2Fwp%2Fv2%2Fcomments&post=23028"}],"version-history":[{"count":1,"href":"https:\/\/www.manologarciaycia.com\/index.php?rest_route=\/wp\/v2\/posts\/23028\/revisions"}],"predecessor-version":[{"id":23029,"href":"https:\/\/www.manologarciaycia.com\/index.php?rest_route=\/wp\/v2\/posts\/23028\/revisions\/23029"}],"wp:attachment":[{"href":"https:\/\/www.manologarciaycia.com\/index.php?rest_route=%2Fwp%2Fv2%2Fmedia&parent=23028"}],"wp:term":[{"taxonomy":"category","embeddable":true,"href":"https:\/\/www.manologarciaycia.com\/index.php?rest_route=%2Fwp%2Fv2%2Fcategories&post=23028"},{"taxonomy":"post_tag","embeddable":true,"href":"https:\/\/www.manologarciaycia.com\/index.php?rest_route=%2Fwp%2Fv2%2Ftags&post=23028"}],"curies":[{"name":"wp","href":"https:\/\/api.w.org\/{rel}","templated":true}]}}