{"id":23025,"date":"2022-08-23T19:51:38","date_gmt":"2022-08-23T17:51:38","guid":{"rendered":"https:\/\/www.manologarciaycia.com\/?p=23025"},"modified":"2022-08-23T19:52:06","modified_gmt":"2022-08-23T17:52:06","slug":"35-fotografias-para-recordar-a-xavier-mercade","status":"publish","type":"post","link":"https:\/\/www.manologarciaycia.com\/?p=23025","title":{"rendered":"35 fotograf\u00edas para recordar a Xavier Mercad\u00e9"},"content":{"rendered":"\n<p>Hoy hace un a\u00f1o que nos dej\u00f3 el cofundador de Enderrock y jefe de redacci\u00f3n de la revista. Uno de los fotoperiodistas musicales m\u00e1s importantes de les \u00faltimas d\u00e9cadas.<\/p>\n\n\n\n<p>En este enlace a Enderrock: <a href=\"https:\/\/www.enderrock.cat\/noticia\/24868\/35-fotografies-recordar-xavier-mercade\" target=\"_blank\" rel=\"noreferrer noopener\">https:\/\/www.enderrock.cat\/noticia\/24868\/35-fotografies-recordar-xavier-mercade<\/a><\/p>\n","protected":false},"excerpt":{"rendered":"<p>Hoy hace un a\u00f1o que nos dej\u00f3 el cofundador de Enderrock y jefe de redacci\u00f3n de la revista. Uno de los fotoperiodistas musicales m\u00e1s importantes de les \u00faltimas d\u00e9cadas. En este enlace a Enderrock: https:\/\/www.enderrock.cat\/noticia\/24868\/35-fotografies-recordar-xavier-mercade<a class=\"moretag\" href=\"https:\/\/www.manologarciaycia.com\/?p=23025\" title=\"35 fotograf\u00edas para recordar a Xavier Mercad\u00e9\" target=\"_self\" rel=\"follow\"> <font face=arial size=2>[Leer m\u00e1s]<\/font> <\/a><\/p>\n","protected":false},"author":2,"featured_media":23026,"comment_status":"closed","ping_status":"closed","sticky":false,"template":"","format":"standard","meta":{"footnotes":""},"categories":[1],"tags":[],"class_list":["post-23025","post","type-post","status-publish","format-standard","has-post-thumbnail","hentry","category-manolo-garcia"],"_links":{"self":[{"href":"https:\/\/www.manologarciaycia.com\/index.php?rest_route=\/wp\/v2\/posts\/23025","targetHints":{"allow":["GET"]}}],"collection":[{"href":"https:\/\/www.manologarciaycia.com\/index.php?rest_route=\/wp\/v2\/posts"}],"about":[{"href":"https:\/\/www.manologarciaycia.com\/index.php?rest_route=\/wp\/v2\/types\/post"}],"author":[{"embeddable":true,"href":"https:\/\/www.manologarciaycia.com\/index.php?rest_route=\/wp\/v2\/users\/2"}],"replies":[{"embeddable":true,"href":"https:\/\/www.manologarciaycia.com\/index.php?rest_route=%2Fwp%2Fv2%2Fcomments&post=23025"}],"version-history":[{"count":1,"href":"https:\/\/www.manologarciaycia.com\/index.php?rest_route=\/wp\/v2\/posts\/23025\/revisions"}],"predecessor-version":[{"id":23027,"href":"https:\/\/www.manologarciaycia.com\/index.php?rest_route=\/wp\/v2\/posts\/23025\/revisions\/23027"}],"wp:featuredmedia":[{"embeddable":true,"href":"https:\/\/www.manologarciaycia.com\/index.php?rest_route=\/wp\/v2\/media\/23026"}],"wp:attachment":[{"href":"https:\/\/www.manologarciaycia.com\/index.php?rest_route=%2Fwp%2Fv2%2Fmedia&parent=23025"}],"wp:term":[{"taxonomy":"category","embeddable":true,"href":"https:\/\/www.manologarciaycia.com\/index.php?rest_route=%2Fwp%2Fv2%2Fcategories&post=23025"},{"taxonomy":"post_tag","embeddable":true,"href":"https:\/\/www.manologarciaycia.com\/index.php?rest_route=%2Fwp%2Fv2%2Ftags&post=23025"}],"curies":[{"name":"wp","href":"https:\/\/api.w.org\/{rel}","templated":true}]}}