{"id":23019,"date":"2022-08-19T10:59:48","date_gmt":"2022-08-19T08:59:48","guid":{"rendered":"https:\/\/www.manologarciaycia.com\/?p=23019"},"modified":"2022-08-19T10:59:52","modified_gmt":"2022-08-19T08:59:52","slug":"manolo-garcia-y-su-pop-rock-suave-hacen-tronar-al-publico-en-palma","status":"publish","type":"post","link":"https:\/\/www.manologarciaycia.com\/?p=23019","title":{"rendered":"Manolo Garc\u00eda y su pop rock suave hacen tronar al p\u00fablico en Palma"},"content":{"rendered":"\n<p><strong>Manolo Garc\u00eda<\/strong>&nbsp;y su pop rock suave hacen tronar al p\u00fablico en&nbsp;<strong>Palma<\/strong>. El&nbsp;<strong>cantante<\/strong>&nbsp;se sub\u00eda al escenario de Son Fusteret acompa\u00f1ado por una&nbsp;<strong>gran ovaci\u00f3n<\/strong>. Y no es para menos, pues han pasado&nbsp;<strong>tres a\u00f1os<\/strong>&nbsp;desde que asom\u00f3 por \u00faltima vez por las tablas en la isla.&nbsp;<\/p>\n\n\n\n<p>Los&nbsp;<strong>fans<\/strong>, incansables -como \u00e9l-, recibieron al cantante entre&nbsp;<strong>v\u00edtores y piropos<\/strong>. Se dejaron la voz antes de empezar a cantar,&nbsp;<strong>emocionados&nbsp;<\/strong>por volver a escuchar a Manolo Garc\u00eda.&nbsp;<\/p>\n\n\n\n<p>Con m\u00e1s de&nbsp;<strong>2.000 entradas vendidas<\/strong>&nbsp;y bajo una noche en la que&nbsp;<strong>el calor parece dar un respiro<\/strong>, el cantante empezaba el concierto con \u00ab<strong>Insurrecci\u00f3n<\/strong>\u00ab, himno de El \u00faltimo de la fila; una canci\u00f3n que, tras varias d\u00e9cadas, sigue saliendo de su garganta de una&nbsp;<strong>forma visceral<\/strong>, una canci\u00f3n que&nbsp;<strong>le devuelve la vida<\/strong>, una canci\u00f3n que suena a&nbsp;<strong>dolor&nbsp;<\/strong>y a&nbsp;<strong>renacimiento<\/strong>.&nbsp;<\/p>\n\n\n\n<p>As\u00ed, con esta&nbsp;<strong>declaraci\u00f3n de intenciones<\/strong>, Manolo Garc\u00eda hizo&nbsp;<strong>part\u00edcipe a su p\u00fablico<\/strong>&nbsp;de cada movimiento y de cada acorde.&nbsp;<\/p>\n\n\n\n<p>El catal\u00e1n hablaba a sus fans desde la cercan\u00eda que le caracteriza, el concierto se volvi\u00f3 una&nbsp;<strong>reuni\u00f3n de amigos<\/strong>, una&nbsp;<strong>clase de filosof\u00eda<\/strong>, un&nbsp;<strong>lugar donde aprender<\/strong>.&nbsp;<\/p>\n\n\n\n<p>\u00abMuchas&nbsp;<strong>gracias por venir<\/strong>, c\u00f3mo va todo? Mucha&nbsp;<strong>vida<\/strong>, mucha&nbsp;<strong>ilusi\u00f3n<\/strong>, que es lo que buscamos siempre, disfrutar de las emociones, del&nbsp;<strong>milagro de la vida<\/strong>\u00ab, dec\u00eda ante sus fans en catal\u00e1n.&nbsp;<\/p>\n\n\n\n<p>Adem\u00e1s de compartir&nbsp;<strong>confesiones<\/strong>, su impecable&nbsp;<strong>m\u00fasica&nbsp;<\/strong>y su fant\u00e1stica&nbsp;<strong>prosa<\/strong>, el cantante, no contento con todo ello,&nbsp;<strong>baj\u00f3 del escenario<\/strong>&nbsp;para encontrarse con su p\u00fablico y cantar la canci\u00f3n que&nbsp;<strong>ya no le pertenece<\/strong>, porque es de&nbsp;<strong>todos<\/strong>: \u00abP\u00e1jaros de barro\u00bb.<\/p>\n\n\n\n<p>Manolo Garc\u00eda&nbsp;<strong>cumpl\u00eda los 67<\/strong>&nbsp;un d\u00eda despu\u00e9s de su concierto en&nbsp;<strong>Mallorca<\/strong>, una edad que no le ha dado m\u00e1s que&nbsp;<strong>fuerza<\/strong>,&nbsp;<strong>vitalidad&nbsp;<\/strong>y no ha mermado su&nbsp;<strong>creatividad&nbsp;<\/strong>y su&nbsp;<strong>delicadeza<\/strong>.&nbsp;<\/p>\n\n\n\n<p>El cantautor catal\u00e1n aterrizaba en Mallorca con su\u00a0<strong>nueva creaci\u00f3n<\/strong>: un disco doble, el\u00a0<strong>octavo de su carrera<\/strong>\u00a0en solitario &#8216;Mi vida en Marte&#8217; y &#8216;Desatinos desplumados&#8217;. Una\u00a0<strong>doble joya<\/strong>\u00a0que trae bajo el brazo y engancha desde los\u00a0<strong>primeros acordes<\/strong>.<\/p>\n\n\n\n<p>Fuente: Cr\u00f3nica Balear &#8211; Carlota Padilla &#8211; Foto Isabelle Sleijpen &#8211; <a href=\"https:\/\/www.cronicabalear.es\/2022\/manolo-garcia-y-su-pop-rock-suave-hacen-tronar-al-publico-en-palma\/\" target=\"_blank\" rel=\"noreferrer noopener\">ENLACE<\/a><\/p>\n","protected":false},"excerpt":{"rendered":"<p>Manolo Garc\u00eda&nbsp;y su pop rock suave hacen tronar al p\u00fablico en&nbsp;Palma. El&nbsp;cantante&nbsp;se sub\u00eda al escenario de Son Fusteret acompa\u00f1ado por una&nbsp;gran ovaci\u00f3n. Y no es para menos, pues han pasado&nbsp;tres a\u00f1os&nbsp;desde que asom\u00f3 por \u00faltima vez por las tablas en la isla.&nbsp; Los&nbsp;fans, incansables -como \u00e9l-, recibieron al cantante entre&nbsp;v\u00edtores y piropos. Se dejaron la<a class=\"moretag\" href=\"https:\/\/www.manologarciaycia.com\/?p=23019\" title=\"Manolo Garc\u00eda y su pop rock suave hacen tronar al p\u00fablico en Palma\" target=\"_self\" rel=\"follow\"> <font face=arial size=2>[Leer m\u00e1s]<\/font> <\/a><\/p>\n","protected":false},"author":2,"featured_media":23020,"comment_status":"closed","ping_status":"closed","sticky":false,"template":"","format":"standard","meta":{"footnotes":""},"categories":[1],"tags":[],"class_list":["post-23019","post","type-post","status-publish","format-standard","has-post-thumbnail","hentry","category-manolo-garcia"],"_links":{"self":[{"href":"https:\/\/www.manologarciaycia.com\/index.php?rest_route=\/wp\/v2\/posts\/23019","targetHints":{"allow":["GET"]}}],"collection":[{"href":"https:\/\/www.manologarciaycia.com\/index.php?rest_route=\/wp\/v2\/posts"}],"about":[{"href":"https:\/\/www.manologarciaycia.com\/index.php?rest_route=\/wp\/v2\/types\/post"}],"author":[{"embeddable":true,"href":"https:\/\/www.manologarciaycia.com\/index.php?rest_route=\/wp\/v2\/users\/2"}],"replies":[{"embeddable":true,"href":"https:\/\/www.manologarciaycia.com\/index.php?rest_route=%2Fwp%2Fv2%2Fcomments&post=23019"}],"version-history":[{"count":1,"href":"https:\/\/www.manologarciaycia.com\/index.php?rest_route=\/wp\/v2\/posts\/23019\/revisions"}],"predecessor-version":[{"id":23021,"href":"https:\/\/www.manologarciaycia.com\/index.php?rest_route=\/wp\/v2\/posts\/23019\/revisions\/23021"}],"wp:featuredmedia":[{"embeddable":true,"href":"https:\/\/www.manologarciaycia.com\/index.php?rest_route=\/wp\/v2\/media\/23020"}],"wp:attachment":[{"href":"https:\/\/www.manologarciaycia.com\/index.php?rest_route=%2Fwp%2Fv2%2Fmedia&parent=23019"}],"wp:term":[{"taxonomy":"category","embeddable":true,"href":"https:\/\/www.manologarciaycia.com\/index.php?rest_route=%2Fwp%2Fv2%2Fcategories&post=23019"},{"taxonomy":"post_tag","embeddable":true,"href":"https:\/\/www.manologarciaycia.com\/index.php?rest_route=%2Fwp%2Fv2%2Ftags&post=23019"}],"curies":[{"name":"wp","href":"https:\/\/api.w.org\/{rel}","templated":true}]}}