{"id":23014,"date":"2022-08-19T07:12:15","date_gmt":"2022-08-19T05:12:15","guid":{"rendered":"https:\/\/www.manologarciaycia.com\/?p=23014"},"modified":"2022-08-19T07:13:13","modified_gmt":"2022-08-19T05:13:13","slug":"poesia-filosofia-y-rock-en-la-gran-noche-de-manolo-garcia-en-palma","status":"publish","type":"post","link":"https:\/\/www.manologarciaycia.com\/?p=23014","title":{"rendered":"Poes\u00eda, filosof\u00eda y rock, en la gran noche de Manolo Garc\u00eda en Palma"},"content":{"rendered":"\n<p>El trovador de los rincones oscuros del alma arrulla al p\u00fablico con su pop rock de fusi\u00f3n en Son Fusteret<\/p>\n\n\n\n<p>En ocasiones, la m\u00fasica enlatada que ameniza los proleg\u00f3menos de un concierto es una pesada losa para el artista que, a continuaci\u00f3n, se enfrenta a un Everest dif\u00edcil de superar.\u00a0Manolo Garc\u00eda\u00a0se bati\u00f3 a su \u2018ochomil\u2019 personal sin despeinarse. Y eso que antes de tomar el escenario sonaron R.E.M. y Radiohead&#8230; Pero al catal\u00e1n le bast\u00f3 asomar por las tablas para recibir una ovaci\u00f3n de gala y todo tipo de piropos lanzados a voz en grito. Y as\u00ed sigui\u00f3 a lo largo de su extenso repertorio.<\/p>\n\n\n\n<p>Comuni\u00f3n total entre p\u00fablico y escenario hasta el punto de que parte de los asistentes m\u00e1s que para o\u00edr al artista estaban all\u00ed para cantar sus canciones, un fen\u00f3meno curioso que encaja m\u00e1s en los conciertos con seguidores adolescentes que entre un p\u00fablico entrado en a\u00f1os como el suyo. Con alrededor de 3.500 tickets vendidos, Son Fusteret recib\u00eda a Manolo Garc\u00eda, el poeta humilde y cercano, un juglar incapaz de articular una estrofa sin antes ba\u00f1arla en la poes\u00eda difusa de la calle.<\/p>\n\n\n\n<figure class=\"wp-block-image\"><img decoding=\"async\" src=\"https:\/\/uh.gsstatic.es\/sfAttachPlugin\/2067321.jpg\" alt=\"Ta180822666-10.jpg\"\/><\/figure>\n\n\n\n<h4 class=\"wp-block-heading\">Acordes<\/h4>\n\n\n\n<p>Y sonaron los primeros acordes de&nbsp;<em>Insurrecci\u00f3n<\/em>, una de las grandes luminarias de El \u00daltimo de la Fila, seguidos de la eterna pregunta: \u2018\u00bfD\u00f3nde estabas entonces, cuando tanto te necesit\u00e9?\u2019. Garc\u00eda hab\u00eda accionado la palanca de ignici\u00f3n de una c\u00e1psula del tiempo que nos llev\u00f3 a 1986, a\u00f1o en el que el d\u00fao la aloj\u00f3 en su segundo trabajo de estudio,&nbsp;<em>Enemigos de lo ajeno<\/em>. El \u00e1lbum recog\u00eda el testigo de su elep\u00e9 de debut,&nbsp;<em>Cuando la pobreza entra por la puerta, el amor salta por la ventana<\/em>, que a la postre marc\u00f3 el devenir compositivo del grupo as\u00ed como la vis creativa de Garc\u00eda en solitario, siempre al calor de una fusi\u00f3n entre el rock y el flamenco, decantados sobre una l\u00edrica que alterna la denuncia social con el surrealismo. A todo esto, el p\u00fablico no dejaba de corearla\u2026 moviendo los pies y las caderas, jugando a tener veinte a\u00f1os menos.<\/p>\n\n\n\n<figure class=\"wp-block-image\"><img decoding=\"async\" src=\"https:\/\/uh.gsstatic.es\/sfAttachPlugin\/2067317.jpg\" alt=\"Ta180822666-01.jpg\"\/><figcaption>El cantante fue recibido con entusiasmo por parte de sus muchos seguidores de la Isla.<\/figcaption><\/figure>\n\n\n\n<p>\u00ab<em>Moltes gr\u00e0cies per venir, com va tot? B\u00e9? Molta canya, molta vida, molta il\u00b7lusi\u00f3, que \u00e9s el que estem cercant sempre. Gaudir de les emocions, del petit miracle de la vida<\/em>\u00bb, desliz\u00f3 Garc\u00eda, arrancando una salva de aplausos. El artista intelectualiza cada palabra, hace filosof\u00eda porque no puede evitar hacerla. Con tantos discos publicados, se podr\u00eda decir que es su mayor vicio. Y es un vicio que no da\u00f1a. Incluso llega a interesantes conclusiones que comparte con el p\u00fablico. Poes\u00eda, filosof\u00eda y rock, menudo tema, m\u00e1s bien un laberinto.<\/p>\n\n\n\n<p>Su \u00faltimo elep\u00e9, el doble&nbsp;<em>Mi vida en Marte<\/em>&nbsp;y&nbsp;<em>Desatinos desplumados<\/em>, no ha sumado nuevos candidatos a su lista de hits, pero s\u00ed le fagocita y ampl\u00eda sus posibilidades para echarse a la carretera con la cabeza alta. Esas nuevas canciones son el orgullo de un artista que, aun consciente de que el p\u00fablico ha venido a escuchar las viejas, necesita embriagarse con el perfume de nuevas creaciones para sentirse realizado. El hecho creativo, no el comercial, siempre ha sido el&nbsp;<em>leitmotiv<\/em>&nbsp;de mi paisano.<\/p>\n\n\n\n<figure class=\"wp-block-image\"><img decoding=\"async\" src=\"https:\/\/uh.gsstatic.es\/sfAttachPlugin\/2067323.jpg\" alt=\"Ta180822666-11.jpg\"\/><figcaption>El recital atrajo a m\u00e1s de 3.000 personas al recinto palmesano.<\/figcaption><\/figure>\n\n\n\n<h4 class=\"wp-block-heading\">Directo<\/h4>\n\n\n\n<p>En directo, su repertorio suena un pel\u00edn m\u00e1s acelerado que en vinilo. Nada preocupante, una insignificante nota a pie de p\u00e1gina para un p\u00fablico que se lo pas\u00f3 en grande coreando sus intrahistorias soldadas a la calle. Triunfo absoluto para un Manolo Garc\u00eda que pasa por un momento extraordinario. Que dure.<\/p>\n\n\n\n<p>Fuente: \u00daltima Hora &#8211; Xavi Sol\u00e0 &#8211; Foto T. Ayuga &#8211; <a href=\"https:\/\/www.ultimahora.es\/noticias\/cultura\/2022\/08\/19\/1776485\/poesia-filosofia-rock-gran-noche-manolo-garcia-palma.html\" target=\"_blank\" rel=\"noreferrer noopener\">ENLACE<\/a><\/p>\n","protected":false},"excerpt":{"rendered":"<p>El trovador de los rincones oscuros del alma arrulla al p\u00fablico con su pop rock de fusi\u00f3n en Son Fusteret En ocasiones, la m\u00fasica enlatada que ameniza los proleg\u00f3menos de un concierto es una pesada losa para el artista que, a continuaci\u00f3n, se enfrenta a un Everest dif\u00edcil de superar.\u00a0Manolo Garc\u00eda\u00a0se bati\u00f3 a su \u2018ochomil\u2019<a class=\"moretag\" href=\"https:\/\/www.manologarciaycia.com\/?p=23014\" title=\"Poes\u00eda, filosof\u00eda y rock, en la gran noche de Manolo Garc\u00eda en Palma\" target=\"_self\" rel=\"follow\"> <font face=arial size=2>[Leer m\u00e1s]<\/font> <\/a><\/p>\n","protected":false},"author":2,"featured_media":23015,"comment_status":"closed","ping_status":"closed","sticky":false,"template":"","format":"standard","meta":{"footnotes":""},"categories":[1],"tags":[],"class_list":["post-23014","post","type-post","status-publish","format-standard","has-post-thumbnail","hentry","category-manolo-garcia"],"_links":{"self":[{"href":"https:\/\/www.manologarciaycia.com\/index.php?rest_route=\/wp\/v2\/posts\/23014","targetHints":{"allow":["GET"]}}],"collection":[{"href":"https:\/\/www.manologarciaycia.com\/index.php?rest_route=\/wp\/v2\/posts"}],"about":[{"href":"https:\/\/www.manologarciaycia.com\/index.php?rest_route=\/wp\/v2\/types\/post"}],"author":[{"embeddable":true,"href":"https:\/\/www.manologarciaycia.com\/index.php?rest_route=\/wp\/v2\/users\/2"}],"replies":[{"embeddable":true,"href":"https:\/\/www.manologarciaycia.com\/index.php?rest_route=%2Fwp%2Fv2%2Fcomments&post=23014"}],"version-history":[{"count":2,"href":"https:\/\/www.manologarciaycia.com\/index.php?rest_route=\/wp\/v2\/posts\/23014\/revisions"}],"predecessor-version":[{"id":23017,"href":"https:\/\/www.manologarciaycia.com\/index.php?rest_route=\/wp\/v2\/posts\/23014\/revisions\/23017"}],"wp:featuredmedia":[{"embeddable":true,"href":"https:\/\/www.manologarciaycia.com\/index.php?rest_route=\/wp\/v2\/media\/23015"}],"wp:attachment":[{"href":"https:\/\/www.manologarciaycia.com\/index.php?rest_route=%2Fwp%2Fv2%2Fmedia&parent=23014"}],"wp:term":[{"taxonomy":"category","embeddable":true,"href":"https:\/\/www.manologarciaycia.com\/index.php?rest_route=%2Fwp%2Fv2%2Fcategories&post=23014"},{"taxonomy":"post_tag","embeddable":true,"href":"https:\/\/www.manologarciaycia.com\/index.php?rest_route=%2Fwp%2Fv2%2Ftags&post=23014"}],"curies":[{"name":"wp","href":"https:\/\/api.w.org\/{rel}","templated":true}]}}