{"id":23011,"date":"2022-08-19T07:04:38","date_gmt":"2022-08-19T05:04:38","guid":{"rendered":"https:\/\/www.manologarciaycia.com\/?p=23011"},"modified":"2022-08-19T07:04:42","modified_gmt":"2022-08-19T05:04:42","slug":"manolo-garcia-conquista-mallorca-tras-su-doblete-discografico","status":"publish","type":"post","link":"https:\/\/www.manologarciaycia.com\/?p=23011","title":{"rendered":"Manolo Garc\u00eda conquista Mallorca tras su doblete discogr\u00e1fico"},"content":{"rendered":"\n<p>Manolo Garc\u00eda conquista Mallorca tras su doblete discogr\u00e1fico<\/p>\n\n\n\n<p>Desde los&nbsp;<strong>primeros acordes de Insurrecci\u00f3n<\/strong>, ni una sola persona se atrevi\u00f3 a desviar la mirada del escenario.&nbsp;<strong>Manolo Garc\u00eda regres\u00f3 ayer a la isla tras un largo par\u00f3n pand\u00e9mico<\/strong>&nbsp;con su pop-rock m\u00e1s cl\u00e1sico, himnos atemporales y un toque importado directamente del sur.<\/p>\n\n\n\n<p>El artista present\u00f3 sus nuevos dos \u00e1lbumes,&nbsp;<strong>Desatinos Desplumados y Mi Vida en Marte,&nbsp;<\/strong>compuestos en pleno confinamiento y qued\u00e1ndose a las puertas de un tercero, mientras rescataba las letras que llevan 40 a\u00f1os escribiendo la historia de la m\u00fasica de nuestro pa\u00eds. Un concierto de mirar a los ojos y hablar con la guitarra, casi sin pantallas -ni mascarillas- que hicieran de intermediarias entre la m\u00fasica y el espectador, pero a\u00fan as\u00ed con un p\u00fablico m\u00e1s conectado que nunca.<\/p>\n\n\n\n<p>El cantautor catal\u00e1n ya lo confes\u00f3 hace un mes a este medio:<strong>\u00a0\u00abVolver a Mallorca, con los recuerdos que yo tengo y los amigos que tengo, es estupendo. El hecho de volver a un lugar donde se te ha tratado tan bien es una maravilla. Tengo ganas de volver a ser feliz en la isla\u00bb.<\/strong>\u00a0Y as\u00ed fue.<\/p>\n\n\n\n<p>En la primera parte del concierto, el p\u00fablico enloqueci\u00f3 con temas como Lejos de las Leyes de los Hombres, del \u00e1lbum Enemigos de lo Ajeno de El \u00daltimo de la Fila. De este mismo \u00e1lbum, Manolo Garc\u00eda tambi\u00e9n repesc\u00f3 otros \u00e9xitos como Aviones Plateados o el ya mencionado, Insurreci\u00f3n, para inaugurar la velada.<\/p>\n\n\n\n<p>El del otro lado del Mediterr\u00e1neo tambi\u00e9n protagoniz\u00f3 un momento \u00edntimo, ac\u00fastico, al que puso el broche final con P\u00e1jaros de Barro del disco Arena en los Bolsillos, del que tambi\u00e9n interpret\u00f3 A San Fernando un Ratito a Pie y Otro Caminando.<\/p>\n\n\n\n<figure class=\"wp-block-image\"><img decoding=\"async\" src=\"https:\/\/estaticos-cdn.prensaiberica.es\/clip\/71dd2b0e-1f82-4ff0-b8a1-af168a4c6339_16-9-discover-aspect-ratio_default_0.jpg\" alt=\"El p\u00fablico d\u00e1ndolo todo durante el concierto. | MANU MIELNIEZUK\"\/><\/figure>\n\n\n\n<p><em>El p\u00fablico d\u00e1ndolo todo durante el concierto. | MANU MIELNIEZUK<\/em><\/p>\n\n\n\n<p>En el recinto de Son Fusteret se congregaron personas de todas las edades, desde las que pusieron las poes\u00edas del catal\u00e1n como banda sonora de su adolescencia en los 90, hasta las que crecieron enamor\u00e1ndose de su eco amartelado en la radio.<\/p>\n\n\n\n<p><strong>Manolo Garc\u00eda \u00abrod\u00f3\u00bb, se enamor\u00f3 y desenamor\u00f3 en cuesti\u00f3n de notas, trajo su rocanrol m\u00e1s marciano y \u00abun poco de amor\u00bb a\u00a0Palma<\/strong>\u00a0en una noche se\u00f1alada en el calendario de muchos como la m\u00e1s esperada del ciclo de\u00a0conciertos\u00a0de la temporada estival en la isla. Sin duda, una velada que demostr\u00f3 que<strong>\u00a0\u00abnunca el\u00a0<\/strong>tiempo<strong>\u00a0es perdido\u00bb,<\/strong>\u00a0y menos si se pasa rodeado de seres queridos escuchado las historias llevan uniendo vidas desde hace d\u00e9cadas.<\/p>\n\n\n\n<p>El cantautor catal\u00e1n demostr\u00f3 seguir atrayendo a las masas. Con una puesta en escena, juego de luces y m\u00fasicos impecables, toc\u00f3 otros temas como Diez Mil Veranos, de Mi vida en Marte, con sus el\u00e9ctricos violines, o el aflamencado Laberinto de sue\u00f1os (en las geometr\u00edas del rayo) de Desatinos Desplumados, que uni\u00f3 la \u00abguitarra vieja\u00bb con las palmas de todos los mallorquines all\u00ed presentes. Un registro vers\u00e1til y polifac\u00e9tico, que pasaba del zapateo al llanto y de nuevo a la emoci\u00f3n de revivir viejos tiempos.<\/p>\n\n\n\n<p>A este concierto en Palma, le suceder\u00e1n otras fechas en el Estadio Fuensanta de Cuenca o la Plaza de Toros de Albacete<strong>. Una gira que seguir\u00e1 rodando por Espa\u00f1a y finalizar\u00e1 a finales de este a\u00f1o con un macro concierto en el WiZink Center de Madrid.<\/strong><\/p>\n\n\n\n<p>Fuente: Diari de Mallorca &#8211; Carlota Piz\u00e1 &#8211; Foto Mario Mielniezuk &#8211; <a href=\"https:\/\/www.diariodemallorca.es\/cultura\/2022\/08\/19\/manolo-garcia-conquista-mallorca-doblete-73682498.html\" target=\"_blank\" rel=\"noreferrer noopener\">ENLACE<\/a><\/p>\n","protected":false},"excerpt":{"rendered":"<p>Manolo Garc\u00eda conquista Mallorca tras su doblete discogr\u00e1fico Desde los&nbsp;primeros acordes de Insurrecci\u00f3n, ni una sola persona se atrevi\u00f3 a desviar la mirada del escenario.&nbsp;Manolo Garc\u00eda regres\u00f3 ayer a la isla tras un largo par\u00f3n pand\u00e9mico&nbsp;con su pop-rock m\u00e1s cl\u00e1sico, himnos atemporales y un toque importado directamente del sur. El artista present\u00f3 sus nuevos dos<a class=\"moretag\" href=\"https:\/\/www.manologarciaycia.com\/?p=23011\" title=\"Manolo Garc\u00eda conquista Mallorca tras su doblete discogr\u00e1fico\" target=\"_self\" rel=\"follow\"> <font face=arial size=2>[Leer m\u00e1s]<\/font> <\/a><\/p>\n","protected":false},"author":2,"featured_media":23012,"comment_status":"closed","ping_status":"closed","sticky":false,"template":"","format":"standard","meta":{"footnotes":""},"categories":[1],"tags":[],"class_list":["post-23011","post","type-post","status-publish","format-standard","has-post-thumbnail","hentry","category-manolo-garcia"],"_links":{"self":[{"href":"https:\/\/www.manologarciaycia.com\/index.php?rest_route=\/wp\/v2\/posts\/23011","targetHints":{"allow":["GET"]}}],"collection":[{"href":"https:\/\/www.manologarciaycia.com\/index.php?rest_route=\/wp\/v2\/posts"}],"about":[{"href":"https:\/\/www.manologarciaycia.com\/index.php?rest_route=\/wp\/v2\/types\/post"}],"author":[{"embeddable":true,"href":"https:\/\/www.manologarciaycia.com\/index.php?rest_route=\/wp\/v2\/users\/2"}],"replies":[{"embeddable":true,"href":"https:\/\/www.manologarciaycia.com\/index.php?rest_route=%2Fwp%2Fv2%2Fcomments&post=23011"}],"version-history":[{"count":1,"href":"https:\/\/www.manologarciaycia.com\/index.php?rest_route=\/wp\/v2\/posts\/23011\/revisions"}],"predecessor-version":[{"id":23013,"href":"https:\/\/www.manologarciaycia.com\/index.php?rest_route=\/wp\/v2\/posts\/23011\/revisions\/23013"}],"wp:featuredmedia":[{"embeddable":true,"href":"https:\/\/www.manologarciaycia.com\/index.php?rest_route=\/wp\/v2\/media\/23012"}],"wp:attachment":[{"href":"https:\/\/www.manologarciaycia.com\/index.php?rest_route=%2Fwp%2Fv2%2Fmedia&parent=23011"}],"wp:term":[{"taxonomy":"category","embeddable":true,"href":"https:\/\/www.manologarciaycia.com\/index.php?rest_route=%2Fwp%2Fv2%2Fcategories&post=23011"},{"taxonomy":"post_tag","embeddable":true,"href":"https:\/\/www.manologarciaycia.com\/index.php?rest_route=%2Fwp%2Fv2%2Ftags&post=23011"}],"curies":[{"name":"wp","href":"https:\/\/api.w.org\/{rel}","templated":true}]}}