{"id":23005,"date":"2022-08-18T07:38:09","date_gmt":"2022-08-18T05:38:09","guid":{"rendered":"https:\/\/www.manologarciaycia.com\/?p=23005"},"modified":"2022-08-18T07:42:46","modified_gmt":"2022-08-18T05:42:46","slug":"manolo-garcia-sobre-la-girahe-notado-que-la-gente-vive-mas-el-concierto-y-esta-mucho-menos-con-el-movil","status":"publish","type":"post","link":"https:\/\/www.manologarciaycia.com\/?p=23005","title":{"rendered":"Manolo Garc\u00eda, sobre la gira:\u00bbHe notado que la gente vive m\u00e1s el concierto y est\u00e1 mucho menos con el m\u00f3vil\u00bb"},"content":{"rendered":"\n<p>El cantante estar\u00e1 ma\u00f1ana a las 22h en el Trui Son Fusteret<\/p>\n\n\n\n<p>Manolo Garc\u00eda no necesita mucha presentaci\u00f3n. Despu\u00e9s de tantos a\u00f1os, trayectoria musical y canciones tan conocidas como &#8216;P\u00e1jaros de Barro&#8217;, o &#8216;Carb\u00f3n y Ramas Secas&#8217;. Estar\u00e1 este jueves, 18 de agosto, en el Trui Son Fusteret. Una gira para presentar sus \u00faltimos dos discos: &#8216;Mi vida en Marte&#8217; y &#8216;Desatinos Desplumados&#8217;.<\/p>\n\n\n\n<p>Escucha la entrevista completa en Cadena Ser Palma: <a href=\"https:\/\/cadenaser.com\/baleares\/2022\/08\/17\/manolo-garcia-sobre-la-girahe-notado-que-la-gente-vive-mas-el-concierto-y-esta-mucho-menos-con-el-movil-radio-mallorca\/\" target=\"_blank\" rel=\"noreferrer noopener\">https:\/\/cadenaser.com\/baleares\/2022\/08\/17\/manolo-garcia-sobre-la-girahe-notado-que-la-gente-vive-mas-el-concierto-y-esta-mucho-menos-con-el-movil-radio-mallorca\/<\/a><\/p>\n\n\n\n<p><\/p>\n","protected":false},"excerpt":{"rendered":"<p>El cantante estar\u00e1 ma\u00f1ana a las 22h en el Trui Son Fusteret Manolo Garc\u00eda no necesita mucha presentaci\u00f3n. Despu\u00e9s de tantos a\u00f1os, trayectoria musical y canciones tan conocidas como &#8216;P\u00e1jaros de Barro&#8217;, o &#8216;Carb\u00f3n y Ramas Secas&#8217;. Estar\u00e1 este jueves, 18 de agosto, en el Trui Son Fusteret. Una gira para presentar sus \u00faltimos dos<a class=\"moretag\" href=\"https:\/\/www.manologarciaycia.com\/?p=23005\" title=\"Manolo Garc\u00eda, sobre la gira:\u00bbHe notado que la gente vive m\u00e1s el concierto y est\u00e1 mucho menos con el m\u00f3vil\u00bb\" target=\"_self\" rel=\"follow\"> <font face=arial size=2>[Leer m\u00e1s]<\/font> <\/a><\/p>\n","protected":false},"author":2,"featured_media":0,"comment_status":"closed","ping_status":"closed","sticky":false,"template":"","format":"audio","meta":{"footnotes":""},"categories":[1],"tags":[],"class_list":["post-23005","post","type-post","status-publish","format-audio","hentry","category-manolo-garcia","post_format-post-format-audio"],"_links":{"self":[{"href":"https:\/\/www.manologarciaycia.com\/index.php?rest_route=\/wp\/v2\/posts\/23005","targetHints":{"allow":["GET"]}}],"collection":[{"href":"https:\/\/www.manologarciaycia.com\/index.php?rest_route=\/wp\/v2\/posts"}],"about":[{"href":"https:\/\/www.manologarciaycia.com\/index.php?rest_route=\/wp\/v2\/types\/post"}],"author":[{"embeddable":true,"href":"https:\/\/www.manologarciaycia.com\/index.php?rest_route=\/wp\/v2\/users\/2"}],"replies":[{"embeddable":true,"href":"https:\/\/www.manologarciaycia.com\/index.php?rest_route=%2Fwp%2Fv2%2Fcomments&post=23005"}],"version-history":[{"count":1,"href":"https:\/\/www.manologarciaycia.com\/index.php?rest_route=\/wp\/v2\/posts\/23005\/revisions"}],"predecessor-version":[{"id":23007,"href":"https:\/\/www.manologarciaycia.com\/index.php?rest_route=\/wp\/v2\/posts\/23005\/revisions\/23007"}],"wp:attachment":[{"href":"https:\/\/www.manologarciaycia.com\/index.php?rest_route=%2Fwp%2Fv2%2Fmedia&parent=23005"}],"wp:term":[{"taxonomy":"category","embeddable":true,"href":"https:\/\/www.manologarciaycia.com\/index.php?rest_route=%2Fwp%2Fv2%2Fcategories&post=23005"},{"taxonomy":"post_tag","embeddable":true,"href":"https:\/\/www.manologarciaycia.com\/index.php?rest_route=%2Fwp%2Fv2%2Ftags&post=23005"}],"curies":[{"name":"wp","href":"https:\/\/api.w.org\/{rel}","templated":true}]}}