{"id":23001,"date":"2022-08-16T17:01:55","date_gmt":"2022-08-16T15:01:55","guid":{"rendered":"https:\/\/www.manologarciaycia.com\/?p=23001"},"modified":"2022-08-16T17:02:40","modified_gmt":"2022-08-16T15:02:40","slug":"manolo-garcia-en-onda-cero-vivimos-en-un-mundo-extrano-en-el-que-no-hay-que-perder-la-esperanza%ef%bf%bc","status":"publish","type":"post","link":"https:\/\/www.manologarciaycia.com\/?p=23001","title":{"rendered":"Manolo Garc\u00eda en Onda Cero: \u00abVivimos en un mundo extra\u00f1o en el que no hay que perder la esperanza\u00bb"},"content":{"rendered":"\n<p>El m\u00fasica y compositor aterriza en Palma esta semana para ofrecer una actuaci\u00f3n \u00fanica el 18 de agosto en Trui Son Fusteret. El artista polifac\u00e9tico sigue sin renunciar a sus principios, vive alejado de las prisas y las redes sociales, y sigue creando&#8230; Hasta 27 canciones durante dos a\u00f1os de pandemia en un lanzamiento bic\u00e9falo que presentar\u00e1 en la capital balear.<\/p>\n\n\n\n<p><strong>Este jueves, 18 de agosto, el m\u00fasico y compositor Manolo Garc\u00eda estar\u00e1 en Trui Son Fusteret de Mallorca<\/strong>&nbsp;para presentar en directo el doble disco que ha estrenado esta primavera:&nbsp;<em>Mi Vida En Marte<\/em>&nbsp;y&nbsp;<em>Desatinos Desplumados<\/em>, otra joya de pop rock hermoso y rotundo, de esas que enganchan desde la primera escucha y que viene acompa\u00f1ada de una puesta en escena espectacular.<\/p>\n\n\n\n<p>Aunque tambi\u00e9n volver\u00e1 a los escenarios con sus \u00e9xitos de siempre,&nbsp;<strong>seg\u00fan ha contado hoy Manolo Garc\u00eda a los oyentes de Onda Cero en una entrevista concedida al programa &#8216;M\u00e1s de Uno Mallorca&#8217;, el m\u00fasico sigue inmerso en su gira 2022<\/strong>. Manolo Garc\u00eda es un artista polifac\u00e9tico que canta, toca, compone y pinta alejado del \u00abruido\u00bb y de la dependencia que crean las nuevas tecnolog\u00edas y las redes sociales.<\/p>\n\n\n\n<p>A unos d\u00edas de su concierto en Palma,&nbsp;<strong>el artista atiende los micr\u00f3fonos de Onda Cero Mallorca tal como es \u00e9l, sin tapujos ni complejos, desde el respeto y la humildad que le caracterizan<\/strong>&nbsp;para demostrar que la poes\u00eda sigue sonando en su m\u00fasica en un mundo \u00abraro\u00bb en el que \u00abno hay que perder la esperanza\u00bb.<\/p>\n\n\n\n<p><strong>HABILITADA NUEVA ZONA GENERAL EN EL TRUI SON FUSTERET<\/strong><\/p>\n\n\n\n<p>Ante el pr\u00f3ximo concierto de Manolo Garc\u00eda en el Trui Son Fusteret, ha sido habilitada la nueva zona general de pie en el reciento<strong>&nbsp;para el gran concierto del 18 de agosto<\/strong>.<\/p>\n\n\n\n<p>Atendiendo las solicitudes y necesidades del p\u00fablico,&nbsp;<strong>la organizaci\u00f3n ha decidido habilitar en el recinto una nueva zona general de pie<\/strong>, manteniendo las distintas zonas de asientos numerados que ya exist\u00edan desde el inicio de salida a venta.<\/p>\n\n\n\n<p>Fuente: Onda Cero &#8211; <a href=\"https:\/\/www.ondacero.es\/emisoras\/baleares\/mallorca\/noticias\/manolo-garcia-onda-cero-vivimos-mundo-extrano-que-hay-que-perder-esperanza_2022081662fb8cb11d9fe00001b3e1ca.html\" target=\"_blank\" rel=\"noreferrer noopener\">ENLACE<\/a><\/p>\n","protected":false},"excerpt":{"rendered":"<p>El m\u00fasica y compositor aterriza en Palma esta semana para ofrecer una actuaci\u00f3n \u00fanica el 18 de agosto en Trui Son Fusteret. El artista polifac\u00e9tico sigue sin renunciar a sus principios, vive alejado de las prisas y las redes sociales, y sigue creando&#8230; Hasta 27 canciones durante dos a\u00f1os de pandemia en un lanzamiento bic\u00e9falo<a class=\"moretag\" href=\"https:\/\/www.manologarciaycia.com\/?p=23001\" title=\"Manolo Garc\u00eda en Onda Cero: \u00abVivimos en un mundo extra\u00f1o en el que no hay que perder la esperanza\u00bb\" target=\"_self\" rel=\"follow\"> <font face=arial size=2>[Leer m\u00e1s]<\/font> <\/a><\/p>\n","protected":false},"author":2,"featured_media":0,"comment_status":"closed","ping_status":"closed","sticky":false,"template":"","format":"audio","meta":{"footnotes":""},"categories":[1],"tags":[],"class_list":["post-23001","post","type-post","status-publish","format-audio","hentry","category-manolo-garcia","post_format-post-format-audio"],"_links":{"self":[{"href":"https:\/\/www.manologarciaycia.com\/index.php?rest_route=\/wp\/v2\/posts\/23001","targetHints":{"allow":["GET"]}}],"collection":[{"href":"https:\/\/www.manologarciaycia.com\/index.php?rest_route=\/wp\/v2\/posts"}],"about":[{"href":"https:\/\/www.manologarciaycia.com\/index.php?rest_route=\/wp\/v2\/types\/post"}],"author":[{"embeddable":true,"href":"https:\/\/www.manologarciaycia.com\/index.php?rest_route=\/wp\/v2\/users\/2"}],"replies":[{"embeddable":true,"href":"https:\/\/www.manologarciaycia.com\/index.php?rest_route=%2Fwp%2Fv2%2Fcomments&post=23001"}],"version-history":[{"count":2,"href":"https:\/\/www.manologarciaycia.com\/index.php?rest_route=\/wp\/v2\/posts\/23001\/revisions"}],"predecessor-version":[{"id":23004,"href":"https:\/\/www.manologarciaycia.com\/index.php?rest_route=\/wp\/v2\/posts\/23001\/revisions\/23004"}],"wp:attachment":[{"href":"https:\/\/www.manologarciaycia.com\/index.php?rest_route=%2Fwp%2Fv2%2Fmedia&parent=23001"}],"wp:term":[{"taxonomy":"category","embeddable":true,"href":"https:\/\/www.manologarciaycia.com\/index.php?rest_route=%2Fwp%2Fv2%2Fcategories&post=23001"},{"taxonomy":"post_tag","embeddable":true,"href":"https:\/\/www.manologarciaycia.com\/index.php?rest_route=%2Fwp%2Fv2%2Ftags&post=23001"}],"curies":[{"name":"wp","href":"https:\/\/api.w.org\/{rel}","templated":true}]}}