{"id":22980,"date":"2022-08-08T10:17:26","date_gmt":"2022-08-08T08:17:26","guid":{"rendered":"https:\/\/www.manologarciaycia.com\/?p=22980"},"modified":"2022-08-08T10:17:30","modified_gmt":"2022-08-08T08:17:30","slug":"manolo-garcia-desata-el-porta-ferrada-no-dejeis-de-cantar","status":"publish","type":"post","link":"https:\/\/www.manologarciaycia.com\/?p=22980","title":{"rendered":"Manolo Garc\u00eda desata el Porta Ferrada: \u201c\u00a1No dej\u00e9is de cantar!\u201d"},"content":{"rendered":"\n<p>El barcelon\u00e9s mezcl\u00f3 sus grandes \u00e9xitos con los nuevos temas de su \u00faltimo doble \u00e1lbum<\/p>\n\n\n\n<p>Bailando, cantando, charlando, saltando de punta a punta del escenario e, incluso, bajando a ver el p\u00fablico. Manolo Garc\u00eda hizo ayer gala de su alma de rockero imbatible y, durante m\u00e1s de dos horas, ofreci\u00f3 un recital que desat\u00f3 uno Porta Ferrada lleno a rebosar.<\/p>\n\n\n\n<p>No pasaban ni dos minutos de las diez de la noche (la hora de inicio prevista) que el p\u00fablico ya se impacientaba: ten\u00edan tantas ganas de verlo que se escuchaban los primeros gritos, aplausos y silbatos pidiendo que empezara pronto el concierto que tanto esperaban. Desde antes de la pandemia no lo escuchaban en directo: el barcelon\u00e9s puso en marcha este junio la gira 2022, para presentar su \u00faltimo doble \u00e1lbum:&nbsp;<em>Mi vida en Marte<\/em>&nbsp;y&nbsp;<em>Desatinos desplumados<\/em>.<\/p>\n\n\n\n<p>\u201cLo m\u00e1s importante del mundo es que pod\u00e1is cantar. En otros giras no hab\u00eda sido consciente de c\u00f3mo es de importante, pero este a\u00f1o s\u00ed. Y por eso he puesto m\u00e1s canciones antiguas en el repertorio, que s\u00e9 que las nuevas cuestan m\u00e1s, \u00a1pero no quiero que dej\u00e9is de cantar!\u201d, exclam\u00f3 el cantante, despu\u00e9s de interpretar los primeros temas de la noche, como&nbsp;<em>Insurrecci\u00f3n<\/em>,&nbsp;<em>L\u00e1piz y tinta<\/em>&nbsp;o&nbsp;<em>Diez mil veranos<\/em>.<\/p>\n\n\n\n<h3 class=\"wp-block-heading\">Zeppelin, Riba y Peret, sus referencias<\/h3>\n\n\n\n<p>Garc\u00eda sali\u00f3 al escenario rodeado de toda la banda y flanqueado por tres pantallas verticales en el fondo y dos horizontales en los laterales, que iban combinando proyecciones con im\u00e1genes del concierto en directo. Entre canci\u00f3n y canci\u00f3n, el barcelon\u00e9s no dej\u00f3 de charlar y hablar con el p\u00fablico, que a menudo coreaba \u201c\u00a1Maaanooolooo, Maaanooolooo!\u201d<\/p>\n\n\n\n<p>El grueso de los asistentes eran de mediana edad y se sab\u00edan la mayor\u00eda de letras de pe a pa: algunos las cantaban y bailaban en la pista, y otros lo segu\u00edan todo desde las gradas, sin poder evitar levantarse cuando sonaba alguno de sus temas m\u00e1s populares, como&nbsp;<em>A veces se enciende<\/em>,&nbsp;<em>P\u00e1jaros de barro<\/em>,&nbsp;<em>la Maturranga<\/em>&nbsp;o&nbsp;<em>Estoy alegre<\/em>.<\/p>\n\n\n\n<p>\u201cSab\u00e9is que crec\u00ed en el barrio del Poblenou. Y en mi casa sonaban Led Zeppelin, los Beatles, Pau Riba, Sisa o Peret, con su rumba popular hecha del pueblo y para el pueblo\u201d, recordaba antes de recoger los primeros compases rumberos de&nbsp;<em>Laberintos de sue\u00f1os<\/em>, que dar\u00edan paso a la traca final.<\/p>\n\n\n\n<p><em>Nunca el tiempo es perdido<\/em>,\u00a0<em>Sara<\/em>\u00a0o\u00a0<em>San Fernando<\/em>\u00a0fueron las \u00faltimas paradas de su recital, a pesar de que el cantante parec\u00eda que no quer\u00eda irse: \u201cMuchas gracias por las sonrisas, por el afecto, pero sobre todo por ser aqu\u00ed. \u00a1Hemos estado aqu\u00ed y lo hemos vivido juntos! \u00a1No dej\u00e9is nunca de cantar!\u201d, alent\u00f3 antes de despedirse de un Sant Feliu euf\u00f3rico que lo ovacionaba.\u00a0<\/p>\n\n\n\n<p>Fuente: Ara &#8211; Mar\u00eda Garc\u00eda &#8211; <a href=\"https:\/\/es.ara.cat\/cultura\/manolo-garcia-desata-porta-ferrada-no-dejeis-cantar_1_4455784.html\" target=\"_blank\" rel=\"noreferrer noopener\">ENLACE <\/a>&#8211; Foto: Xavi Casals<\/p>\n","protected":false},"excerpt":{"rendered":"<p>El barcelon\u00e9s mezcl\u00f3 sus grandes \u00e9xitos con los nuevos temas de su \u00faltimo doble \u00e1lbum Bailando, cantando, charlando, saltando de punta a punta del escenario e, incluso, bajando a ver el p\u00fablico. Manolo Garc\u00eda hizo ayer gala de su alma de rockero imbatible y, durante m\u00e1s de dos horas, ofreci\u00f3 un recital que desat\u00f3 uno<a class=\"moretag\" href=\"https:\/\/www.manologarciaycia.com\/?p=22980\" title=\"Manolo Garc\u00eda desata el Porta Ferrada: \u201c\u00a1No dej\u00e9is de cantar!\u201d\" target=\"_self\" rel=\"follow\"> <font face=arial size=2>[Leer m\u00e1s]<\/font> <\/a><\/p>\n","protected":false},"author":2,"featured_media":22981,"comment_status":"closed","ping_status":"closed","sticky":false,"template":"","format":"standard","meta":{"footnotes":""},"categories":[1],"tags":[],"class_list":["post-22980","post","type-post","status-publish","format-standard","has-post-thumbnail","hentry","category-manolo-garcia"],"_links":{"self":[{"href":"https:\/\/www.manologarciaycia.com\/index.php?rest_route=\/wp\/v2\/posts\/22980","targetHints":{"allow":["GET"]}}],"collection":[{"href":"https:\/\/www.manologarciaycia.com\/index.php?rest_route=\/wp\/v2\/posts"}],"about":[{"href":"https:\/\/www.manologarciaycia.com\/index.php?rest_route=\/wp\/v2\/types\/post"}],"author":[{"embeddable":true,"href":"https:\/\/www.manologarciaycia.com\/index.php?rest_route=\/wp\/v2\/users\/2"}],"replies":[{"embeddable":true,"href":"https:\/\/www.manologarciaycia.com\/index.php?rest_route=%2Fwp%2Fv2%2Fcomments&post=22980"}],"version-history":[{"count":1,"href":"https:\/\/www.manologarciaycia.com\/index.php?rest_route=\/wp\/v2\/posts\/22980\/revisions"}],"predecessor-version":[{"id":22982,"href":"https:\/\/www.manologarciaycia.com\/index.php?rest_route=\/wp\/v2\/posts\/22980\/revisions\/22982"}],"wp:featuredmedia":[{"embeddable":true,"href":"https:\/\/www.manologarciaycia.com\/index.php?rest_route=\/wp\/v2\/media\/22981"}],"wp:attachment":[{"href":"https:\/\/www.manologarciaycia.com\/index.php?rest_route=%2Fwp%2Fv2%2Fmedia&parent=22980"}],"wp:term":[{"taxonomy":"category","embeddable":true,"href":"https:\/\/www.manologarciaycia.com\/index.php?rest_route=%2Fwp%2Fv2%2Fcategories&post=22980"},{"taxonomy":"post_tag","embeddable":true,"href":"https:\/\/www.manologarciaycia.com\/index.php?rest_route=%2Fwp%2Fv2%2Ftags&post=22980"}],"curies":[{"name":"wp","href":"https:\/\/api.w.org\/{rel}","templated":true}]}}